{"id":21775,"date":"2021-05-18T14:52:51","date_gmt":"2021-05-18T17:52:51","guid":{"rendered":"https:\/\/temucotelevision.cl\/web\/?p=21775"},"modified":"2021-05-18T14:52:54","modified_gmt":"2021-05-18T17:52:54","slug":"presentado-por-santiago-en-100-palabras-se-abre-convocatoria-nacional-para-concurso-de-ilustracion","status":"publish","type":"post","link":"https:\/\/temucotelevision.cl\/web\/2021\/05\/18\/presentado-por-santiago-en-100-palabras-se-abre-convocatoria-nacional-para-concurso-de-ilustracion\/","title":{"rendered":"Presentado por Santiago en 100 Palabras: Se abre convocatoria nacional para concurso de ilustraci\u00f3n"},"content":{"rendered":"<div class=\"pvc_clear\"><\/div><p id=\"pvc_stats_21775\" class=\"pvc_stats total_only  \" data-element-id=\"21775\" style=\"\"><i class=\"pvc-stats-icon large\" aria-hidden=\"true\"><svg aria-hidden=\"true\" focusable=\"false\" data-prefix=\"far\" data-icon=\"chart-bar\" role=\"img\" xmlns=\"http:\/\/www.w3.org\/2000\/svg\" viewBox=\"0 0 512 512\" class=\"svg-inline--fa fa-chart-bar fa-w-16 fa-2x\"><path fill=\"currentColor\" d=\"M396.8 352h22.4c6.4 0 12.8-6.4 12.8-12.8V108.8c0-6.4-6.4-12.8-12.8-12.8h-22.4c-6.4 0-12.8 6.4-12.8 12.8v230.4c0 6.4 6.4 12.8 12.8 12.8zm-192 0h22.4c6.4 0 12.8-6.4 12.8-12.8V140.8c0-6.4-6.4-12.8-12.8-12.8h-22.4c-6.4 0-12.8 6.4-12.8 12.8v198.4c0 6.4 6.4 12.8 12.8 12.8zm96 0h22.4c6.4 0 12.8-6.4 12.8-12.8V204.8c0-6.4-6.4-12.8-12.8-12.8h-22.4c-6.4 0-12.8 6.4-12.8 12.8v134.4c0 6.4 6.4 12.8 12.8 12.8zM496 400H48V80c0-8.84-7.16-16-16-16H16C7.16 64 0 71.16 0 80v336c0 17.67 14.33 32 32 32h464c8.84 0 16-7.16 16-16v-16c0-8.84-7.16-16-16-16zm-387.2-48h22.4c6.4 0 12.8-6.4 12.8-12.8v-70.4c0-6.4-6.4-12.8-12.8-12.8h-22.4c-6.4 0-12.8 6.4-12.8 12.8v70.4c0 6.4 6.4 12.8 12.8 12.8z\" class=\"\"><\/path><\/svg><\/i> <img loading=\"lazy\" decoding=\"async\" width=\"16\" height=\"16\" alt=\"Loading\" src=\"https:\/\/temucotelevision.cl\/web\/wp-content\/plugins\/page-views-count\/ajax-loader-2x.gif\" border=0 \/><\/p><div class=\"pvc_clear\"><\/div>\n<ul class=\"wp-block-list\"><li><strong>El certamen busca a los mejores dise\u00f1adores nacionales para ilustrar los cuentos ganadores del concurso literario \u201cSantiago en 100 Palabra&#8221;. El plazo para participar es hasta el viernes 18 de junio.<\/strong><\/li><li><strong>Las reconocidas ilustradoras Sol Diaz (Chile) e Isol (Argentina) participar\u00e1n en un encuentro virtual para incentivar la participaci\u00f3n de artistas de todo Chile.&nbsp;<\/strong><\/li><li><strong>La iniciativa es presentada por Fundaci\u00f3n Plagio y Escondida | BHP.&nbsp;<\/strong><\/li><\/ul>\n\n\n\n<p>(Santiago, martes 18 de mayo de 2021) Con un&nbsp;<strong>encuentro entre dos destacadas ilustradoras<\/strong>&nbsp;de la escena latinoamericana: Sol D\u00edaz (Chile) y Marisol Misenta, m\u00e1s conocida como Isol (Argentina), se dar\u00e1 el vamos a una nueva edici\u00f3n del&nbsp;<strong>\u201cConcurso de ilustraci\u00f3n de Santiago en 100 Palabras\u201d,&nbsp;<\/strong>presentando&nbsp;<strong>por Fundaci\u00f3n Plagio y Escondida|BHP<\/strong>,<strong>&nbsp;<\/strong>que busca premiar a&nbsp;<strong>los mejores dise\u00f1adores nacionales<\/strong>, que tendr\u00e1n la misi\u00f3n de ilustrar los cuentos ganadores&nbsp; de \u201cSantiago en 100 Palabras\u201d.<\/p>\n\n\n\n<p>Sol D\u00edaz e Isol se reunir\u00e1n de manera virtual el pr\u00f3ximo<strong>&nbsp;mi\u00e9rcoles 2 de junio a las 19 horas&nbsp;<\/strong>&nbsp;para conversar sobre las mujeres en la ilustraci\u00f3n,&nbsp;<strong>sus procesos creativos, ideas para pasar de la imagen al texto, entre otras<\/strong>. El encuentro ser\u00e1 transmitido a trav\u00e9s de las cuentas de<strong>&nbsp;<\/strong><a href=\"https:\/\/trackercl1.fidelizador.com\/L10E9CD10G10D9581BHA9FF52380DJA97C593FEBK10E9CD1099FE5F9AECF135AF6B6895\" target=\"_blank\" rel=\"noreferrer noopener\"><strong>Facebook<\/strong><\/a><strong>&nbsp;e<\/strong><a href=\"https:\/\/trackercl1.fidelizador.com\/L10E9CD10G10D9581BHA9FF52380DJA97C593FEEK10E9CD1099FE5F9AECF135AF6B6895\" target=\"_blank\" rel=\"noreferrer noopener\"><strong>&nbsp;<\/strong><strong>Instagram<\/strong><\/a><strong>&nbsp;de \u201cSantiago en 100 Palabras\u201d.&nbsp;<\/strong><\/p>\n\n\n\n<p>\u201cEs un honor para Plagio generar este tipo de instancias que permiten darle tribuna al mundo de la ilustraci\u00f3n, que ha ido ganando terreno con el transcurso de los a\u00f1os, sobre todo en el contexto pol\u00edtico-social que estamos atravesando\u201d, reflexiona&nbsp;<strong>Carmen Garc\u00eda, Directora Ejecutiva de Fundaci\u00f3n Plagio.&nbsp;<\/strong><\/p>\n\n\n\n<p>Sol Diaz es dise\u00f1adora de la Universidad de Chile, ilustradora y dibujante de c\u00f3mics, es autora de los libros de humor gr\u00e1fico:&nbsp;<em>Bicharracas, negras, feas y peludas<\/em>,&nbsp;<em>Bicharracas 2, ser fea est\u00e1 de moda<\/em>&nbsp;y&nbsp;<em>Bicharracas 3, raras, locas y libres<\/em>&nbsp;y de la novela gr\u00e1fica<em>&nbsp;La Hoja Naranja<\/em>,&nbsp;&nbsp;<em>\u00bfC\u00f3mo ser una mujer elegante?<\/em>&nbsp;y&nbsp;<em>\u00bfC\u00f3mo ser una mujer elegante y de buena familia?<\/em>. Parte de sus libros han sido editados en Francia y Espa\u00f1a.<\/p>\n\n\n\n<p>Al otro lado de la cordillera,&nbsp;<strong>la reconocida<\/strong>&nbsp;<strong>escritora e ilustradora argentina<\/strong>&nbsp;Marisol Misenta, conocida popularmente como&nbsp;<strong>Isol<\/strong>, es autora<strong>&nbsp;de m\u00e1s de veinte libros como&nbsp;<\/strong><em>Petit, el monstruo<\/em>,&nbsp;<em>Secreto de familia<\/em>,&nbsp;<em>Cosas que pasan<\/em>&nbsp;y&nbsp;<em>El globo<\/em>, siendo traducidos a<strong>&nbsp;m\u00e1s de diez idiomas<\/strong>. A lo largo de su trayectoria, Isol ha obtenido&nbsp;<strong>diferentes reconocimientos,&nbsp;<\/strong>entre ellos el premio<strong>&nbsp;Astrid Lindgren,<\/strong>&nbsp;conocido como el&nbsp;<strong>&#8220;Nobel de la literatura infantil y juvenil\u201d&nbsp;<\/strong>en 2013.&nbsp;&nbsp;<\/p>\n\n\n\n<p><strong>SOBRE EL CONCURSO DE ILUSTRACI\u00d3N<\/strong><\/p>\n\n\n\n<p>El&nbsp;<strong>\u201cConcurso de ilustraci\u00f3n de Santiago en 100 Palabras\u201d&nbsp;<\/strong>est\u00e1 abierto para participantes de todo Chile, quienes ya pueden consultar las bases de la convocatoria en&nbsp;&nbsp;<a href=\"https:\/\/trackercl1.fidelizador.com\/L10E9CD10G10D9581BHA9FF52380DJA97C59A6F3K10E9CD1099FE5F9AECF135AF6B6895\" target=\"_blank\" rel=\"noreferrer noopener\"><strong>www.santiagoen100palabras.cl<\/strong><\/a><\/p>\n\n\n\n<p>Desde su creaci\u00f3n en 2013 se han recibido m\u00e1s de tres mil ilustraciones, transform\u00e1ndose en uno de los concurso m\u00e1s relevantes del pa\u00eds. En total se han premiado 84 ganadores de ciudades como: Santiago, Villa Alemana, Puerto Varas, Concepci\u00f3n, entre otras.&nbsp;<\/p>\n\n\n\n<p>\u201cSabemos que existen talentos no solo en las grandes ciudades, sino tambi\u00e9n en el resto del pa\u00eds. Es por ello que queremos hacer un llamado para que participen de la convocatoria y sean parte de esta nueva edici\u00f3n del Concurso de ilustraci\u00f3n de Santiago en 100 Palabras\u201d, afirma&nbsp;<strong>Santiago Montt, Vicepresidente de Asuntos Corporativos de Escondida | BHP.&nbsp;<\/strong><\/p>\n\n\n\n<p>El certamen&nbsp; premiar\u00e1 con&nbsp;<strong>$1.000.000 al primer lugar y difundir\u00e1 sus creaciones en distintos soportes<\/strong>&nbsp;digitales. El jurado est\u00e1&nbsp; integrado por&nbsp;<strong>ilustradores Alberto Montt&nbsp;<\/strong>(Chile) e&nbsp;<strong>Isol&nbsp;<\/strong>(Argentina) y por la dise\u00f1adora de Fundaci\u00f3n Plagio,<strong>&nbsp;Margarita Ib\u00e1\u00f1ez<\/strong>. El plazo para participar&nbsp;<strong>es hasta el viernes 18 de junio.&nbsp;<\/strong><\/p>\n","protected":false},"excerpt":{"rendered":"<div class=\"pvc_clear\"><\/div>\n<p id=\"pvc_stats_21775\" class=\"pvc_stats total_only  \" data-element-id=\"21775\" style=\"\"><i class=\"pvc-stats-icon large\" aria-hidden=\"true\"><svg aria-hidden=\"true\" focusable=\"false\" data-prefix=\"far\" data-icon=\"chart-bar\" role=\"img\" xmlns=\"http:\/\/www.w3.org\/2000\/svg\" viewBox=\"0 0 512 512\" class=\"svg-inline--fa fa-chart-bar fa-w-16 fa-2x\"><path fill=\"currentColor\" d=\"M396.8 352h22.4c6.4 0 12.8-6.4 12.8-12.8V108.8c0-6.4-6.4-12.8-12.8-12.8h-22.4c-6.4 0-12.8 6.4-12.8 12.8v230.4c0 6.4 6.4 12.8 12.8 12.8zm-192 0h22.4c6.4 0 12.8-6.4 12.8-12.8V140.8c0-6.4-6.4-12.8-12.8-12.8h-22.4c-6.4 0-12.8 6.4-12.8 12.8v198.4c0 6.4 6.4 12.8 12.8 12.8zm96 0h22.4c6.4 0 12.8-6.4 12.8-12.8V204.8c0-6.4-6.4-12.8-12.8-12.8h-22.4c-6.4 0-12.8 6.4-12.8 12.8v134.4c0 6.4 6.4 12.8 12.8 12.8zM496 400H48V80c0-8.84-7.16-16-16-16H16C7.16 64 0 71.16 0 80v336c0 17.67 14.33 32 32 32h464c8.84 0 16-7.16 16-16v-16c0-8.84-7.16-16-16-16zm-387.2-48h22.4c6.4 0 12.8-6.4 12.8-12.8v-70.4c0-6.4-6.4-12.8-12.8-12.8h-22.4c-6.4 0-12.8 6.4-12.8 12.8v70.4c0 6.4 6.4 12.8 12.8 12.8z\" class=\"\"><\/path><\/svg><\/i> <img loading=\"lazy\" decoding=\"async\" width=\"16\" height=\"16\" alt=\"Loading\" src=\"https:\/\/temucotelevision.cl\/web\/wp-content\/plugins\/page-views-count\/ajax-loader-2x.gif\" border=0 \/><\/p>\n<div class=\"pvc_clear\"><\/div>\n<p>El certamen busca a los mejores dise\u00f1adores nacionales para ilustrar los cuentos ganadores del concurso literario \u201cSantiago en 100 Palabra&#8221;.<\/p>\n","protected":false},"author":1,"featured_media":21776,"comment_status":"open","ping_status":"open","sticky":false,"template":"","format":"standard","meta":{"colormag_page_container_layout":"default_layout","colormag_page_sidebar_layout":"default_layout","footnotes":""},"categories":[86],"tags":[2833,1632,862],"class_list":["post-21775","post","type-post","status-publish","format-standard","has-post-thumbnail","hentry","category-panoramas","tag-100-palabras","tag-concurso","tag-santiago"],"a3_pvc":{"activated":true,"total_views":26,"today_views":0},"_links":{"self":[{"href":"https:\/\/temucotelevision.cl\/web\/wp-json\/wp\/v2\/posts\/21775","targetHints":{"allow":["GET"]}}],"collection":[{"href":"https:\/\/temucotelevision.cl\/web\/wp-json\/wp\/v2\/posts"}],"about":[{"href":"https:\/\/temucotelevision.cl\/web\/wp-json\/wp\/v2\/types\/post"}],"author":[{"embeddable":true,"href":"https:\/\/temucotelevision.cl\/web\/wp-json\/wp\/v2\/users\/1"}],"replies":[{"embeddable":true,"href":"https:\/\/temucotelevision.cl\/web\/wp-json\/wp\/v2\/comments?post=21775"}],"version-history":[{"count":1,"href":"https:\/\/temucotelevision.cl\/web\/wp-json\/wp\/v2\/posts\/21775\/revisions"}],"predecessor-version":[{"id":21777,"href":"https:\/\/temucotelevision.cl\/web\/wp-json\/wp\/v2\/posts\/21775\/revisions\/21777"}],"wp:featuredmedia":[{"embeddable":true,"href":"https:\/\/temucotelevision.cl\/web\/wp-json\/wp\/v2\/media\/21776"}],"wp:attachment":[{"href":"https:\/\/temucotelevision.cl\/web\/wp-json\/wp\/v2\/media?parent=21775"}],"wp:term":[{"taxonomy":"category","embeddable":true,"href":"https:\/\/temucotelevision.cl\/web\/wp-json\/wp\/v2\/categories?post=21775"},{"taxonomy":"post_tag","embeddable":true,"href":"https:\/\/temucotelevision.cl\/web\/wp-json\/wp\/v2\/tags?post=21775"}],"curies":[{"name":"wp","href":"https:\/\/api.w.org\/{rel}","templated":true}]}}