{"id":21772,"date":"2021-05-18T14:43:33","date_gmt":"2021-05-18T17:43:33","guid":{"rendered":"https:\/\/temucotelevision.cl\/web\/?p=21772"},"modified":"2021-05-18T14:43:36","modified_gmt":"2021-05-18T17:43:36","slug":"alcaldes-electos-de-temuco-y-padre-las-casas-se-suman-a-campana-por-la-2da-vuelta-a-gobernador-regional-de-eugenio-tuma","status":"publish","type":"post","link":"https:\/\/temucotelevision.cl\/web\/2021\/05\/18\/alcaldes-electos-de-temuco-y-padre-las-casas-se-suman-a-campana-por-la-2da-vuelta-a-gobernador-regional-de-eugenio-tuma\/","title":{"rendered":"Alcaldes electos de Temuco Y Padre Las Casas se suman a campa\u00f1a por la 2da vuelta a gobernador regional de Eugenio Tuma"},"content":{"rendered":"<div class=\"pvc_clear\"><\/div><p id=\"pvc_stats_21772\" class=\"pvc_stats total_only  \" data-element-id=\"21772\" style=\"\"><i class=\"pvc-stats-icon large\" aria-hidden=\"true\"><svg aria-hidden=\"true\" focusable=\"false\" data-prefix=\"far\" data-icon=\"chart-bar\" role=\"img\" xmlns=\"http:\/\/www.w3.org\/2000\/svg\" viewBox=\"0 0 512 512\" class=\"svg-inline--fa fa-chart-bar fa-w-16 fa-2x\"><path fill=\"currentColor\" d=\"M396.8 352h22.4c6.4 0 12.8-6.4 12.8-12.8V108.8c0-6.4-6.4-12.8-12.8-12.8h-22.4c-6.4 0-12.8 6.4-12.8 12.8v230.4c0 6.4 6.4 12.8 12.8 12.8zm-192 0h22.4c6.4 0 12.8-6.4 12.8-12.8V140.8c0-6.4-6.4-12.8-12.8-12.8h-22.4c-6.4 0-12.8 6.4-12.8 12.8v198.4c0 6.4 6.4 12.8 12.8 12.8zm96 0h22.4c6.4 0 12.8-6.4 12.8-12.8V204.8c0-6.4-6.4-12.8-12.8-12.8h-22.4c-6.4 0-12.8 6.4-12.8 12.8v134.4c0 6.4 6.4 12.8 12.8 12.8zM496 400H48V80c0-8.84-7.16-16-16-16H16C7.16 64 0 71.16 0 80v336c0 17.67 14.33 32 32 32h464c8.84 0 16-7.16 16-16v-16c0-8.84-7.16-16-16-16zm-387.2-48h22.4c6.4 0 12.8-6.4 12.8-12.8v-70.4c0-6.4-6.4-12.8-12.8-12.8h-22.4c-6.4 0-12.8 6.4-12.8 12.8v70.4c0 6.4 6.4 12.8 12.8 12.8z\" class=\"\"><\/path><\/svg><\/i> <img loading=\"lazy\" decoding=\"async\" width=\"16\" height=\"16\" alt=\"Loading\" src=\"https:\/\/temucotelevision.cl\/web\/wp-content\/plugins\/page-views-count\/ajax-loader-2x.gif\" border=0 \/><\/p><div class=\"pvc_clear\"><\/div>\n<p>Tras una reuni\u00f3n donde se pusieron temas de apoyo a los emprendimientos en Padre Las Casas, y de trabajo en los barrios de Temuco, entre otros, los alcaldes electos, Roberto Neira de Temuco y Mario Gonz\u00e1lez en Padre Las Casas, comprometieron su apoyo a la campa\u00f1a a la Gobernaci\u00f3n Regional de Eugenio Tuma.<\/p>\n\n\n\n<p>Tuma indic\u00f3 que el apoyo se traducir\u00e1 en despliegue en terreno el que no requiere de que los alcaldes hayan asumido en sus cargos, pues dijo la figura del nuevo Gobernador compensa su falta de facultades con el respaldo ciudadano.<\/p>\n\n\n\n<p>Por su parte, Mario Gonz\u00e1lez, enfatiz\u00f3 en que al futuro Gobernador Regional se le plantearon temas concretos; como el apoyo en la gesti\u00f3n de recursos que permitan a Padre Las Casas&nbsp;&nbsp;instalar un centro comercial para los artesanos mapuche. Iniciativas que dijo requieren de experiencia y redes en la obtenci\u00f3n de recursos y para eso la \u00fanica alternativa es Tuma, puntualiz\u00f3.<\/p>\n\n\n\n<p>El electo alcalde de la capital regional, Roberto Neira, al ser consultado sobre el voto oficialista que obtuvo para llegar a la alcald\u00eda y si ese era el objetivo a alcanzar en segunda vuelta de Gobernadores, dijo que se buscar\u00e1 sumar todos los apoyos desde la convicci\u00f3n de que Tuma es la mejor opci\u00f3n para la regi\u00f3n, la que buscan trabajar desde los municipios como un equipo que proyecte la gesti\u00f3n del Gobernador.&nbsp;<\/p>\n\n\n\n<p>Cabe recordar que la segunda vuelta por el cargo de Gobernador Regional se realizar\u00e1 el pr\u00f3ximo domingo 13 de junio, en tanto la campa\u00f1a comienza seg\u00fan disposici\u00f3n del SERVEL el pr\u00f3ximo 31 de mayo.<\/p>\n","protected":false},"excerpt":{"rendered":"<div class=\"pvc_clear\"><\/div>\n<p id=\"pvc_stats_21772\" class=\"pvc_stats total_only  \" data-element-id=\"21772\" style=\"\"><i class=\"pvc-stats-icon large\" aria-hidden=\"true\"><svg aria-hidden=\"true\" focusable=\"false\" data-prefix=\"far\" data-icon=\"chart-bar\" role=\"img\" xmlns=\"http:\/\/www.w3.org\/2000\/svg\" viewBox=\"0 0 512 512\" class=\"svg-inline--fa fa-chart-bar fa-w-16 fa-2x\"><path fill=\"currentColor\" d=\"M396.8 352h22.4c6.4 0 12.8-6.4 12.8-12.8V108.8c0-6.4-6.4-12.8-12.8-12.8h-22.4c-6.4 0-12.8 6.4-12.8 12.8v230.4c0 6.4 6.4 12.8 12.8 12.8zm-192 0h22.4c6.4 0 12.8-6.4 12.8-12.8V140.8c0-6.4-6.4-12.8-12.8-12.8h-22.4c-6.4 0-12.8 6.4-12.8 12.8v198.4c0 6.4 6.4 12.8 12.8 12.8zm96 0h22.4c6.4 0 12.8-6.4 12.8-12.8V204.8c0-6.4-6.4-12.8-12.8-12.8h-22.4c-6.4 0-12.8 6.4-12.8 12.8v134.4c0 6.4 6.4 12.8 12.8 12.8zM496 400H48V80c0-8.84-7.16-16-16-16H16C7.16 64 0 71.16 0 80v336c0 17.67 14.33 32 32 32h464c8.84 0 16-7.16 16-16v-16c0-8.84-7.16-16-16-16zm-387.2-48h22.4c6.4 0 12.8-6.4 12.8-12.8v-70.4c0-6.4-6.4-12.8-12.8-12.8h-22.4c-6.4 0-12.8 6.4-12.8 12.8v70.4c0 6.4 6.4 12.8 12.8 12.8z\" class=\"\"><\/path><\/svg><\/i> <img loading=\"lazy\" decoding=\"async\" width=\"16\" height=\"16\" alt=\"Loading\" src=\"https:\/\/temucotelevision.cl\/web\/wp-content\/plugins\/page-views-count\/ajax-loader-2x.gif\" border=0 \/><\/p>\n<div class=\"pvc_clear\"><\/div>\n<p>Tras una reuni\u00f3n donde se pusieron temas de apoyo a los emprendimientos en Padre Las Casas, y de trabajo en<\/p>\n","protected":false},"author":1,"featured_media":21773,"comment_status":"open","ping_status":"open","sticky":false,"template":"","format":"standard","meta":{"colormag_page_container_layout":"default_layout","colormag_page_sidebar_layout":"default_layout","footnotes":""},"categories":[84,14],"tags":[1512],"class_list":["post-21772","post","type-post","status-publish","format-standard","has-post-thumbnail","hentry","category-politica","category-temuco","tag-alcaldes"],"a3_pvc":{"activated":true,"total_views":19,"today_views":0},"_links":{"self":[{"href":"https:\/\/temucotelevision.cl\/web\/wp-json\/wp\/v2\/posts\/21772","targetHints":{"allow":["GET"]}}],"collection":[{"href":"https:\/\/temucotelevision.cl\/web\/wp-json\/wp\/v2\/posts"}],"about":[{"href":"https:\/\/temucotelevision.cl\/web\/wp-json\/wp\/v2\/types\/post"}],"author":[{"embeddable":true,"href":"https:\/\/temucotelevision.cl\/web\/wp-json\/wp\/v2\/users\/1"}],"replies":[{"embeddable":true,"href":"https:\/\/temucotelevision.cl\/web\/wp-json\/wp\/v2\/comments?post=21772"}],"version-history":[{"count":1,"href":"https:\/\/temucotelevision.cl\/web\/wp-json\/wp\/v2\/posts\/21772\/revisions"}],"predecessor-version":[{"id":21774,"href":"https:\/\/temucotelevision.cl\/web\/wp-json\/wp\/v2\/posts\/21772\/revisions\/21774"}],"wp:featuredmedia":[{"embeddable":true,"href":"https:\/\/temucotelevision.cl\/web\/wp-json\/wp\/v2\/media\/21773"}],"wp:attachment":[{"href":"https:\/\/temucotelevision.cl\/web\/wp-json\/wp\/v2\/media?parent=21772"}],"wp:term":[{"taxonomy":"category","embeddable":true,"href":"https:\/\/temucotelevision.cl\/web\/wp-json\/wp\/v2\/categories?post=21772"},{"taxonomy":"post_tag","embeddable":true,"href":"https:\/\/temucotelevision.cl\/web\/wp-json\/wp\/v2\/tags?post=21772"}],"curies":[{"name":"wp","href":"https:\/\/api.w.org\/{rel}","templated":true}]}}