{"id":21770,"date":"2021-05-18T14:31:25","date_gmt":"2021-05-18T17:31:25","guid":{"rendered":"https:\/\/temucotelevision.cl\/web\/?p=21770"},"modified":"2021-05-18T14:31:27","modified_gmt":"2021-05-18T17:31:27","slug":"el-desafio-de-liderar-equipos-de-trabajo-a-distancia","status":"publish","type":"post","link":"https:\/\/temucotelevision.cl\/web\/2021\/05\/18\/el-desafio-de-liderar-equipos-de-trabajo-a-distancia\/","title":{"rendered":"El desaf\u00edo de liderar equipos de trabajo a distancia"},"content":{"rendered":"<div class=\"pvc_clear\"><\/div><p id=\"pvc_stats_21770\" class=\"pvc_stats total_only  \" data-element-id=\"21770\" style=\"\"><i class=\"pvc-stats-icon large\" aria-hidden=\"true\"><svg aria-hidden=\"true\" focusable=\"false\" data-prefix=\"far\" data-icon=\"chart-bar\" role=\"img\" xmlns=\"http:\/\/www.w3.org\/2000\/svg\" viewBox=\"0 0 512 512\" class=\"svg-inline--fa fa-chart-bar fa-w-16 fa-2x\"><path fill=\"currentColor\" d=\"M396.8 352h22.4c6.4 0 12.8-6.4 12.8-12.8V108.8c0-6.4-6.4-12.8-12.8-12.8h-22.4c-6.4 0-12.8 6.4-12.8 12.8v230.4c0 6.4 6.4 12.8 12.8 12.8zm-192 0h22.4c6.4 0 12.8-6.4 12.8-12.8V140.8c0-6.4-6.4-12.8-12.8-12.8h-22.4c-6.4 0-12.8 6.4-12.8 12.8v198.4c0 6.4 6.4 12.8 12.8 12.8zm96 0h22.4c6.4 0 12.8-6.4 12.8-12.8V204.8c0-6.4-6.4-12.8-12.8-12.8h-22.4c-6.4 0-12.8 6.4-12.8 12.8v134.4c0 6.4 6.4 12.8 12.8 12.8zM496 400H48V80c0-8.84-7.16-16-16-16H16C7.16 64 0 71.16 0 80v336c0 17.67 14.33 32 32 32h464c8.84 0 16-7.16 16-16v-16c0-8.84-7.16-16-16-16zm-387.2-48h22.4c6.4 0 12.8-6.4 12.8-12.8v-70.4c0-6.4-6.4-12.8-12.8-12.8h-22.4c-6.4 0-12.8 6.4-12.8 12.8v70.4c0 6.4 6.4 12.8 12.8 12.8z\" class=\"\"><\/path><\/svg><\/i> <img loading=\"lazy\" decoding=\"async\" width=\"16\" height=\"16\" alt=\"Loading\" src=\"https:\/\/temucotelevision.cl\/web\/wp-content\/plugins\/page-views-count\/ajax-loader-2x.gif\" border=0 \/><\/p><div class=\"pvc_clear\"><\/div>\n<p><strong><em>Seg\u00fan estimaciones, cerca de dos millones de chilenos se encuentran trabajando desde casa debido a la pandemia. Esto ha significado una serie de cambios que afectan tanto a trabajadores como a sus jefes. Eduardo Olmedo Prado, director de dos empresas chilenas, comenta que la tarea de gestionar grupos laborales de forma virtual requiere un cambio en el switch de los l\u00edderes, quienes deber\u00e1n tomar nuevas decisiones para mantener un buen clima en sus equipos.&nbsp;<\/em><\/strong><\/p>\n\n\n\n<p>Seg\u00fan un estudio elaborado por el\u00a0<a href=\"https:\/\/observatorionacional.cl\/noticias\/342\" target=\"_blank\" rel=\"noreferrer noopener\">Observatorio Laboral Metropolitano<\/a>, un 26% de la fuerza laboral chilena mantiene un trabajo desde casa. Esto quiere decir que cerca de dos millones de personas est\u00e1n teletrabajando en Chile.\u00a0<\/p>\n\n\n\n<p>\u00bfC\u00f3mo ha afectado esto a los trabajadores? Varios han tenido que acostumbrarse a esta nueva forma de trabajar, teniendo que compatibilizar su carga laboral con su vida en el hogar.<\/p>\n\n\n\n<p>No obstante, el cambio no solo ha llegado para los trabajadores, sino que tambi\u00e9n para los jefes. Seg\u00fan comenta\u00a0<a href=\"https:\/\/www.canal54.cl\/eduardo-olmedo-prado-empresario\/\" target=\"_blank\" rel=\"noreferrer noopener\">Eduardo Olmedo Prado<\/a>, director de dos empresas chilenas, los l\u00edderes han tenido que hacer un cambio de switch: \u201cQuienes lideran equipos de trabajo tienen que considerar la carga emocional que recae sobre sus trabajadores el simple hecho de estar en pandemia. Varios tienen que encargarse de la casa y de sus hijos, adem\u00e1s de trabajar. Es deber del jefe poder lidiar con eso y tomar decisiones correctas\u201d.\u00a0<\/p>\n\n\n\n<p><strong>El di\u00e1logo grupal debe mantenerse<\/strong><\/p>\n\n\n\n<p>Una de las tareas principales que debe llevar a cabo un buen l\u00edder en \u00e9poca de pandemia es mantener reuniones grupales de trabajo. Estas instancias son muy positivas, no solo para saber en qu\u00e9 va el trabajo del otro, sino que tambi\u00e9n para conocer la realidad m\u00e1s personal de los compa\u00f1eros.&nbsp;<\/p>\n\n\n\n<p>El gran desaf\u00edo de los l\u00edderes a distancia es lograr transmitir la misma sensaci\u00f3n que se logra al tener reuniones en vivo. Esto se puede llevar a cabo sugiriendo que todos mantengan sus c\u00e1maras y micr\u00f3fonos activos, para as\u00ed fomentar la participaci\u00f3n.&nbsp;<\/p>\n\n\n\n<p><strong>Los objetivos de la empresa ya no deben ser los mismos<\/strong><\/p>\n\n\n\n<p>En una crisis sanitaria como la que vivimos, los&nbsp;<a href=\"https:\/\/lavozdelaconcagua.cl\/nuevo-panorama-laboral-como-liderar-equipos-durante-el-teletrabajo-por-la-pandemia\/\">l\u00edderes<\/a>&nbsp;deben entender que los tiempos de los miembros del equipo ya no son los mismos. Es por esto que, se hace necesario que el jefe pueda replantear los objetivos de trabajo, para reemplazarlos por unos acordes a la realidad actual.&nbsp;<\/p>\n\n\n\n<p>Esto quiere decir, por ejemplo, que en vez de solicitar cinco informes diarios a sus trabajadores, mientras dure la pandemia puedan ser tres.&nbsp;<\/p>\n\n\n\n<p><strong>\u201cLa capacidad de escuchar debe permanecer intacta\u201d<\/strong><\/p>\n\n\n\n<p>Otro aspecto no menor es considerar que todos los miembros del equipo pueden tener problemas diferentes, por lo que el l\u00edder tiene que estar siempre para ayudar a sus liderados: \u201cUn buen jefe tiene que ser comprensivo con sus trabajadores. En un periodo tan dif\u00edcil como el actual, la capacidad de escuchar debe permanecer intacta. Para que el flujo de trabajo sea \u00f3ptimo, es necesario que todos se encuentren mentalmente en paz, por lo que s\u00ed necesitan ser escuchados, el l\u00edder es el primero que debe estar all\u00ed para atender\u201d, comenta Eduardo Olmedo.&nbsp;<\/p>\n\n\n\n<p><strong>Las soluciones tambi\u00e9n pueden surgir del equipo de trabajo&nbsp;<\/strong><\/p>\n\n\n\n<p>Un error frecuente en algunos l\u00edderes de trabajo es pensar que pueden lidiar con todos los problemas de la empresa solos. Este pensamiento equivocado puede tener grandes costos en pandemia, considerando que la capacidad productiva del equipo puede haberse visto mermada por la crisis.<\/p>\n\n\n\n<p>Para evitar esto,&nbsp;<a href=\"https:\/\/sff.cl\/eduardo-olmedo-prado-claves-equipos-trabajo\">los miembros del equipo<\/a>&nbsp;deben tener plena libertad creativa para dar todas las ideas que se les ocurran ante las diferentes problem\u00e1ticas que puedan surgir. \u201cA veces, de la ocurrencia m\u00e1s loca puede surgir la idea m\u00e1s brillante\u201d, se\u00f1ala Olmedo.&nbsp;<\/p>\n\n\n\n<p><strong>El jefe no debe cerrarse&nbsp;<\/strong><\/p>\n\n\n\n<p>Al igual que sus trabajadores, el jefe debe tener la confianza para abrirse con los miembros de su equipo y actuar con transparencia al hablar de los problemas que pueda tener la empresa o \u00e9l en este periodo.<\/p>\n\n\n\n<p>Es importante generar un ambiente en donde los jefes no se sientan m\u00e1s que sus trabajadores, y al rev\u00e9s, ellos formen parte del mismo equipo. Con ello, todos tendr\u00e1n la confianza para contarse unos a otros sus dificultades y as\u00ed enfrentar juntos esta pandemia.&nbsp;<\/p>\n","protected":false},"excerpt":{"rendered":"<div class=\"pvc_clear\"><\/div>\n<p id=\"pvc_stats_21770\" class=\"pvc_stats total_only  \" data-element-id=\"21770\" style=\"\"><i class=\"pvc-stats-icon large\" aria-hidden=\"true\"><svg aria-hidden=\"true\" focusable=\"false\" data-prefix=\"far\" data-icon=\"chart-bar\" role=\"img\" xmlns=\"http:\/\/www.w3.org\/2000\/svg\" viewBox=\"0 0 512 512\" class=\"svg-inline--fa fa-chart-bar fa-w-16 fa-2x\"><path fill=\"currentColor\" d=\"M396.8 352h22.4c6.4 0 12.8-6.4 12.8-12.8V108.8c0-6.4-6.4-12.8-12.8-12.8h-22.4c-6.4 0-12.8 6.4-12.8 12.8v230.4c0 6.4 6.4 12.8 12.8 12.8zm-192 0h22.4c6.4 0 12.8-6.4 12.8-12.8V140.8c0-6.4-6.4-12.8-12.8-12.8h-22.4c-6.4 0-12.8 6.4-12.8 12.8v198.4c0 6.4 6.4 12.8 12.8 12.8zm96 0h22.4c6.4 0 12.8-6.4 12.8-12.8V204.8c0-6.4-6.4-12.8-12.8-12.8h-22.4c-6.4 0-12.8 6.4-12.8 12.8v134.4c0 6.4 6.4 12.8 12.8 12.8zM496 400H48V80c0-8.84-7.16-16-16-16H16C7.16 64 0 71.16 0 80v336c0 17.67 14.33 32 32 32h464c8.84 0 16-7.16 16-16v-16c0-8.84-7.16-16-16-16zm-387.2-48h22.4c6.4 0 12.8-6.4 12.8-12.8v-70.4c0-6.4-6.4-12.8-12.8-12.8h-22.4c-6.4 0-12.8 6.4-12.8 12.8v70.4c0 6.4 6.4 12.8 12.8 12.8z\" class=\"\"><\/path><\/svg><\/i> <img loading=\"lazy\" decoding=\"async\" width=\"16\" height=\"16\" alt=\"Loading\" src=\"https:\/\/temucotelevision.cl\/web\/wp-content\/plugins\/page-views-count\/ajax-loader-2x.gif\" border=0 \/><\/p>\n<div class=\"pvc_clear\"><\/div>\n<p>Seg\u00fan estimaciones, cerca de dos millones de chilenos se encuentran trabajando desde casa debido a la pandemia. Esto ha significado<\/p>\n","protected":false},"author":1,"featured_media":21262,"comment_status":"open","ping_status":"open","sticky":false,"template":"","format":"standard","meta":{"colormag_page_container_layout":"default_layout","colormag_page_sidebar_layout":"default_layout","footnotes":""},"categories":[101],"tags":[3811,1305,342],"class_list":["post-21770","post","type-post","status-publish","format-standard","has-post-thumbnail","hentry","category-actualidad","tag-distancia","tag-equipos","tag-trabajo"],"a3_pvc":{"activated":true,"total_views":23,"today_views":0},"_links":{"self":[{"href":"https:\/\/temucotelevision.cl\/web\/wp-json\/wp\/v2\/posts\/21770","targetHints":{"allow":["GET"]}}],"collection":[{"href":"https:\/\/temucotelevision.cl\/web\/wp-json\/wp\/v2\/posts"}],"about":[{"href":"https:\/\/temucotelevision.cl\/web\/wp-json\/wp\/v2\/types\/post"}],"author":[{"embeddable":true,"href":"https:\/\/temucotelevision.cl\/web\/wp-json\/wp\/v2\/users\/1"}],"replies":[{"embeddable":true,"href":"https:\/\/temucotelevision.cl\/web\/wp-json\/wp\/v2\/comments?post=21770"}],"version-history":[{"count":1,"href":"https:\/\/temucotelevision.cl\/web\/wp-json\/wp\/v2\/posts\/21770\/revisions"}],"predecessor-version":[{"id":21771,"href":"https:\/\/temucotelevision.cl\/web\/wp-json\/wp\/v2\/posts\/21770\/revisions\/21771"}],"wp:featuredmedia":[{"embeddable":true,"href":"https:\/\/temucotelevision.cl\/web\/wp-json\/wp\/v2\/media\/21262"}],"wp:attachment":[{"href":"https:\/\/temucotelevision.cl\/web\/wp-json\/wp\/v2\/media?parent=21770"}],"wp:term":[{"taxonomy":"category","embeddable":true,"href":"https:\/\/temucotelevision.cl\/web\/wp-json\/wp\/v2\/categories?post=21770"},{"taxonomy":"post_tag","embeddable":true,"href":"https:\/\/temucotelevision.cl\/web\/wp-json\/wp\/v2\/tags?post=21770"}],"curies":[{"name":"wp","href":"https:\/\/api.w.org\/{rel}","templated":true}]}}