{"id":21767,"date":"2021-05-18T14:21:24","date_gmt":"2021-05-18T17:21:24","guid":{"rendered":"https:\/\/temucotelevision.cl\/web\/?p=21767"},"modified":"2021-05-18T14:21:26","modified_gmt":"2021-05-18T17:21:26","slug":"dt-suspendio-a-50-locales-que-no-respetaron-el-feriado-obligatorio-e-irrenunciable-del-comercio-durante-elecciones-en-la-araucania-hubo-4","status":"publish","type":"post","link":"https:\/\/temucotelevision.cl\/web\/2021\/05\/18\/dt-suspendio-a-50-locales-que-no-respetaron-el-feriado-obligatorio-e-irrenunciable-del-comercio-durante-elecciones-en-la-araucania-hubo-4\/","title":{"rendered":"DT suspendi\u00f3 a 50 locales que no respetaron el feriado obligatorio e irrenunciable del comercio durante elecciones, en La Araucan\u00eda hubo 4"},"content":{"rendered":"<div class=\"pvc_clear\"><\/div><p id=\"pvc_stats_21767\" class=\"pvc_stats total_only  \" data-element-id=\"21767\" style=\"\"><i class=\"pvc-stats-icon large\" aria-hidden=\"true\"><svg aria-hidden=\"true\" focusable=\"false\" data-prefix=\"far\" data-icon=\"chart-bar\" role=\"img\" xmlns=\"http:\/\/www.w3.org\/2000\/svg\" viewBox=\"0 0 512 512\" class=\"svg-inline--fa fa-chart-bar fa-w-16 fa-2x\"><path fill=\"currentColor\" d=\"M396.8 352h22.4c6.4 0 12.8-6.4 12.8-12.8V108.8c0-6.4-6.4-12.8-12.8-12.8h-22.4c-6.4 0-12.8 6.4-12.8 12.8v230.4c0 6.4 6.4 12.8 12.8 12.8zm-192 0h22.4c6.4 0 12.8-6.4 12.8-12.8V140.8c0-6.4-6.4-12.8-12.8-12.8h-22.4c-6.4 0-12.8 6.4-12.8 12.8v198.4c0 6.4 6.4 12.8 12.8 12.8zm96 0h22.4c6.4 0 12.8-6.4 12.8-12.8V204.8c0-6.4-6.4-12.8-12.8-12.8h-22.4c-6.4 0-12.8 6.4-12.8 12.8v134.4c0 6.4 6.4 12.8 12.8 12.8zM496 400H48V80c0-8.84-7.16-16-16-16H16C7.16 64 0 71.16 0 80v336c0 17.67 14.33 32 32 32h464c8.84 0 16-7.16 16-16v-16c0-8.84-7.16-16-16-16zm-387.2-48h22.4c6.4 0 12.8-6.4 12.8-12.8v-70.4c0-6.4-6.4-12.8-12.8-12.8h-22.4c-6.4 0-12.8 6.4-12.8 12.8v70.4c0 6.4 6.4 12.8 12.8 12.8z\" class=\"\"><\/path><\/svg><\/i> <img loading=\"lazy\" decoding=\"async\" width=\"16\" height=\"16\" alt=\"Loading\" src=\"https:\/\/temucotelevision.cl\/web\/wp-content\/plugins\/page-views-count\/ajax-loader-2x.gif\" border=0 \/><\/p><div class=\"pvc_clear\"><\/div>\n<p>\u00b7&nbsp;&nbsp;&nbsp;&nbsp;&nbsp;&nbsp;&nbsp;<strong><em>Organismo fiscaliz\u00f3 en todo el pa\u00eds este derecho a favor de los trabajadores.<\/em><\/strong><\/p>\n\n\n\n<p>Un total de 50 locales comerciales fueron suspendidos por la Direcci\u00f3n del Trabajo (DT) entre el s\u00e1bado 15 y domingo 16 de mayo por no respetar el feriado obligatorio e irrenunciable para los trabajadores del comercio con ocasi\u00f3n de las elecciones de constituyentes, gobernadores, alcaldes y concejales.<\/p>\n\n\n\n<p>Estas suspensiones significaron adem\u00e1s que 114 trabajadores que estaban laborando en dichos establecimientos debieran cesar los turnos que prestaban.<\/p>\n\n\n\n<p>La Directora del Trabajo, Lilia Jerez, dijo que \u201cnuestras direcciones regionales acudieron a fiscalizar apenas recibieron las denuncias y lograron restituir el derecho al descanso de 114 trabajadores que hab\u00edan sido obligados a trabajar pese a que por la naturaleza de sus tareas no deb\u00edan hacerlo\u201d.<\/p>\n\n\n\n<p>Durante la jornada la DT recibi\u00f3 denuncias a trav\u00e9s del Canal de Atenci\u00f3n Telef\u00f3nica 600 450 4000.<\/p>\n\n\n\n<p>En esta ocasi\u00f3n estuvieron vigentes tres derechos a favor de los trabajadores. Junto con el feriado obligatorio e irrenunciable en el comercio, tambi\u00e9n debi\u00f3 respetarse el derecho de 2 horas para sufragar y para cumplir obligaciones c\u00edvicas como vocales de mesas, miembros de colegios escrutadores y delegados ante la Junta Electoral.<\/p>\n\n\n\n<p><strong>Desglose regional<\/strong><\/p>\n\n\n\n<p>En las regiones Metropolitana y de Los Lagos hubo 8 locales suspendidos cada una, seguidas por la de O\u2019Higgins, con 7; y Valpara\u00edso y Biob\u00edo, con 5.<\/p>\n\n\n\n<p>En Antofagasta y la Araucan\u00eda hubo 4 locales suspendidos cada una; en Arica y Los R\u00edos, 3; en Magallanes, 2 y en Atacama, 1.<\/p>\n","protected":false},"excerpt":{"rendered":"<div class=\"pvc_clear\"><\/div>\n<p id=\"pvc_stats_21767\" class=\"pvc_stats total_only  \" data-element-id=\"21767\" style=\"\"><i class=\"pvc-stats-icon large\" aria-hidden=\"true\"><svg aria-hidden=\"true\" focusable=\"false\" data-prefix=\"far\" data-icon=\"chart-bar\" role=\"img\" xmlns=\"http:\/\/www.w3.org\/2000\/svg\" viewBox=\"0 0 512 512\" class=\"svg-inline--fa fa-chart-bar fa-w-16 fa-2x\"><path fill=\"currentColor\" d=\"M396.8 352h22.4c6.4 0 12.8-6.4 12.8-12.8V108.8c0-6.4-6.4-12.8-12.8-12.8h-22.4c-6.4 0-12.8 6.4-12.8 12.8v230.4c0 6.4 6.4 12.8 12.8 12.8zm-192 0h22.4c6.4 0 12.8-6.4 12.8-12.8V140.8c0-6.4-6.4-12.8-12.8-12.8h-22.4c-6.4 0-12.8 6.4-12.8 12.8v198.4c0 6.4 6.4 12.8 12.8 12.8zm96 0h22.4c6.4 0 12.8-6.4 12.8-12.8V204.8c0-6.4-6.4-12.8-12.8-12.8h-22.4c-6.4 0-12.8 6.4-12.8 12.8v134.4c0 6.4 6.4 12.8 12.8 12.8zM496 400H48V80c0-8.84-7.16-16-16-16H16C7.16 64 0 71.16 0 80v336c0 17.67 14.33 32 32 32h464c8.84 0 16-7.16 16-16v-16c0-8.84-7.16-16-16-16zm-387.2-48h22.4c6.4 0 12.8-6.4 12.8-12.8v-70.4c0-6.4-6.4-12.8-12.8-12.8h-22.4c-6.4 0-12.8 6.4-12.8 12.8v70.4c0 6.4 6.4 12.8 12.8 12.8z\" class=\"\"><\/path><\/svg><\/i> <img loading=\"lazy\" decoding=\"async\" width=\"16\" height=\"16\" alt=\"Loading\" src=\"https:\/\/temucotelevision.cl\/web\/wp-content\/plugins\/page-views-count\/ajax-loader-2x.gif\" border=0 \/><\/p>\n<div class=\"pvc_clear\"><\/div>\n<p>\u00b7&nbsp;&nbsp;&nbsp;&nbsp;&nbsp;&nbsp;&nbsp;Organismo fiscaliz\u00f3 en todo el pa\u00eds este derecho a favor de los trabajadores. Un total de 50 locales comerciales fueron<\/p>\n","protected":false},"author":1,"featured_media":21768,"comment_status":"open","ping_status":"open","sticky":false,"template":"","format":"standard","meta":{"colormag_page_container_layout":"default_layout","colormag_page_sidebar_layout":"default_layout","footnotes":""},"categories":[15],"tags":[3577],"class_list":["post-21767","post","type-post","status-publish","format-standard","has-post-thumbnail","hentry","category-la-araucania","tag-elecciones"],"a3_pvc":{"activated":true,"total_views":33,"today_views":0},"_links":{"self":[{"href":"https:\/\/temucotelevision.cl\/web\/wp-json\/wp\/v2\/posts\/21767","targetHints":{"allow":["GET"]}}],"collection":[{"href":"https:\/\/temucotelevision.cl\/web\/wp-json\/wp\/v2\/posts"}],"about":[{"href":"https:\/\/temucotelevision.cl\/web\/wp-json\/wp\/v2\/types\/post"}],"author":[{"embeddable":true,"href":"https:\/\/temucotelevision.cl\/web\/wp-json\/wp\/v2\/users\/1"}],"replies":[{"embeddable":true,"href":"https:\/\/temucotelevision.cl\/web\/wp-json\/wp\/v2\/comments?post=21767"}],"version-history":[{"count":1,"href":"https:\/\/temucotelevision.cl\/web\/wp-json\/wp\/v2\/posts\/21767\/revisions"}],"predecessor-version":[{"id":21769,"href":"https:\/\/temucotelevision.cl\/web\/wp-json\/wp\/v2\/posts\/21767\/revisions\/21769"}],"wp:featuredmedia":[{"embeddable":true,"href":"https:\/\/temucotelevision.cl\/web\/wp-json\/wp\/v2\/media\/21768"}],"wp:attachment":[{"href":"https:\/\/temucotelevision.cl\/web\/wp-json\/wp\/v2\/media?parent=21767"}],"wp:term":[{"taxonomy":"category","embeddable":true,"href":"https:\/\/temucotelevision.cl\/web\/wp-json\/wp\/v2\/categories?post=21767"},{"taxonomy":"post_tag","embeddable":true,"href":"https:\/\/temucotelevision.cl\/web\/wp-json\/wp\/v2\/tags?post=21767"}],"curies":[{"name":"wp","href":"https:\/\/api.w.org\/{rel}","templated":true}]}}