{"id":21764,"date":"2021-05-18T14:16:06","date_gmt":"2021-05-18T17:16:06","guid":{"rendered":"https:\/\/temucotelevision.cl\/web\/?p=21764"},"modified":"2021-05-18T14:16:09","modified_gmt":"2021-05-18T17:16:09","slug":"alcalde-salinas-realiza-saludo-protocolar-y-recibe-a-la-nueva-autoridad-comunal-electa-roberto-neira","status":"publish","type":"post","link":"https:\/\/temucotelevision.cl\/web\/2021\/05\/18\/alcalde-salinas-realiza-saludo-protocolar-y-recibe-a-la-nueva-autoridad-comunal-electa-roberto-neira\/","title":{"rendered":"Alcalde Salinas realiza saludo protocolar y recibe a la nueva autoridad comunal electa Roberto Neira"},"content":{"rendered":"<div class=\"pvc_clear\"><\/div><p id=\"pvc_stats_21764\" class=\"pvc_stats total_only  \" data-element-id=\"21764\" style=\"\"><i class=\"pvc-stats-icon large\" aria-hidden=\"true\"><svg aria-hidden=\"true\" focusable=\"false\" data-prefix=\"far\" data-icon=\"chart-bar\" role=\"img\" xmlns=\"http:\/\/www.w3.org\/2000\/svg\" viewBox=\"0 0 512 512\" class=\"svg-inline--fa fa-chart-bar fa-w-16 fa-2x\"><path fill=\"currentColor\" d=\"M396.8 352h22.4c6.4 0 12.8-6.4 12.8-12.8V108.8c0-6.4-6.4-12.8-12.8-12.8h-22.4c-6.4 0-12.8 6.4-12.8 12.8v230.4c0 6.4 6.4 12.8 12.8 12.8zm-192 0h22.4c6.4 0 12.8-6.4 12.8-12.8V140.8c0-6.4-6.4-12.8-12.8-12.8h-22.4c-6.4 0-12.8 6.4-12.8 12.8v198.4c0 6.4 6.4 12.8 12.8 12.8zm96 0h22.4c6.4 0 12.8-6.4 12.8-12.8V204.8c0-6.4-6.4-12.8-12.8-12.8h-22.4c-6.4 0-12.8 6.4-12.8 12.8v134.4c0 6.4 6.4 12.8 12.8 12.8zM496 400H48V80c0-8.84-7.16-16-16-16H16C7.16 64 0 71.16 0 80v336c0 17.67 14.33 32 32 32h464c8.84 0 16-7.16 16-16v-16c0-8.84-7.16-16-16-16zm-387.2-48h22.4c6.4 0 12.8-6.4 12.8-12.8v-70.4c0-6.4-6.4-12.8-12.8-12.8h-22.4c-6.4 0-12.8 6.4-12.8 12.8v70.4c0 6.4 6.4 12.8 12.8 12.8z\" class=\"\"><\/path><\/svg><\/i> <img loading=\"lazy\" decoding=\"async\" width=\"16\" height=\"16\" alt=\"Loading\" src=\"https:\/\/temucotelevision.cl\/web\/wp-content\/plugins\/page-views-count\/ajax-loader-2x.gif\" border=0 \/><\/p><div class=\"pvc_clear\"><\/div>\n<p>Con un encuentro en la Plaza An\u00edbal Pinto, entre el alcalde Jaime Salinas y el alcalde electo, Roberto Neira, se realiz\u00f3 la primera reuni\u00f3n protocolar entre las autoridades comunales para coordinar lo que ser\u00e1 el cambio de mando del municipio en el Sal\u00f3n del Concejo este pr\u00f3ximo 28 de junio.<\/p>\n\n\n\n<p>En la oportunidad, el alcalde Jaime Salinas, junto con felicitar al candidato por este logro, donde gan\u00f3 la elecci\u00f3n con m\u00e1s de 30 mil votos, sostuvo que, \u201cme siento muy orgulloso por este momento, escuchamos lo que la gente quer\u00eda, las preferencias mayoritarias fueron para Roberto Neira y para Temuco va a ser una nueva historia, un nuevo trato. En lo personal, yo trat\u00e9 y trato todos los d\u00edas de humanizar el municipio, no puede ser una empresa, est\u00e1 al servicio de las personas y los funcionarios municipales, son un tremendo equipo que nosotros tenemos y hay que darles dignidad, por eso estoy muy contento con este momento y que Roberto sea el que va a liderar nuestra querida comuna de Temuco\u201d.<\/p>\n\n\n\n<p>Jaime Salinas al ser consultado por su futuro pr\u00f3ximo, tambi\u00e9n dijo que, \u201cdesde los 13 a\u00f1os que estoy trabajando en el tema pol\u00edtico, me voy a preocupar de mejorar mi partido Renovaci\u00f3n Nacional, que hoy \u2013pr\u00e1cticamente- con los dirigentes actuales est\u00e1 destruido, me voy a insertar nuevamente a participar activamente para recuperar todo lo que perdimos, no es posible que hayamos perdido las dos comunas principales de la regi\u00f3n y son sentimientos encontrados, pero nunca, en lo personal, iba a apoyar a un candidato impuesto. Creo en la democracia, creo en la participaci\u00f3n de las personas, de las bases, yo vengo de ah\u00ed y seguir\u00e9 trabajando en el tema pol\u00edtico, donde pueda aportar ah\u00ed voy a estar y me dedicar\u00e9 a mis proyectos particulares que tambi\u00e9n tengo bastante abandonados\u201d.<\/p>\n\n\n\n<p>Mientras que el alcalde electo Roberto Neira, se\u00f1al\u00f3 que, \u201cesta victoria la asumimos esto con mucha tranquilidad, humildad y muy agradecido de la invitaci\u00f3n protocolar que me hace el alcalde, esto demuestra una ciudadan\u00eda en democracia tiene que hacer la entrega correcta, y esta conversaci\u00f3n protocolar que tenemos va a ser la primera de muchas porque se tiene que entregar un municipio ordenado y con las cuentas claras. Nosotros le vamos a proponer al Concejo, porque nos corresponde por ley, poder solicitar una auditor\u00eda completa al municipio desde los \u00faltimos cuatro a\u00f1os, que nos permita a nosotros tener un conocimiento completo de c\u00f3mo vamos a recibir la Municipalidad, pero tenemos plena confianza que tambi\u00e9n hay funcionarios muy buenos, este municipio no dej\u00f3 de trabajar ning\u00fan d\u00eda de la pandemia y eso hay que reconocerlo, poniendo muchas veces en riesgo su bienestar y salud vinieron a trabajar para atender las necesidades de las personas\u201d.<\/p>\n\n\n\n<p>Al finalizar, Roberto Neira dijo que, \u201ccreemos que vamos a recibir el municipio de la mejor forma para poder trabajar tranquilos y para solucionar las problem\u00e1ticas que afectan a la ciudad de Temuco\u201d.<\/p>\n","protected":false},"excerpt":{"rendered":"<div class=\"pvc_clear\"><\/div>\n<p id=\"pvc_stats_21764\" class=\"pvc_stats total_only  \" data-element-id=\"21764\" style=\"\"><i class=\"pvc-stats-icon large\" aria-hidden=\"true\"><svg aria-hidden=\"true\" focusable=\"false\" data-prefix=\"far\" data-icon=\"chart-bar\" role=\"img\" xmlns=\"http:\/\/www.w3.org\/2000\/svg\" viewBox=\"0 0 512 512\" class=\"svg-inline--fa fa-chart-bar fa-w-16 fa-2x\"><path fill=\"currentColor\" d=\"M396.8 352h22.4c6.4 0 12.8-6.4 12.8-12.8V108.8c0-6.4-6.4-12.8-12.8-12.8h-22.4c-6.4 0-12.8 6.4-12.8 12.8v230.4c0 6.4 6.4 12.8 12.8 12.8zm-192 0h22.4c6.4 0 12.8-6.4 12.8-12.8V140.8c0-6.4-6.4-12.8-12.8-12.8h-22.4c-6.4 0-12.8 6.4-12.8 12.8v198.4c0 6.4 6.4 12.8 12.8 12.8zm96 0h22.4c6.4 0 12.8-6.4 12.8-12.8V204.8c0-6.4-6.4-12.8-12.8-12.8h-22.4c-6.4 0-12.8 6.4-12.8 12.8v134.4c0 6.4 6.4 12.8 12.8 12.8zM496 400H48V80c0-8.84-7.16-16-16-16H16C7.16 64 0 71.16 0 80v336c0 17.67 14.33 32 32 32h464c8.84 0 16-7.16 16-16v-16c0-8.84-7.16-16-16-16zm-387.2-48h22.4c6.4 0 12.8-6.4 12.8-12.8v-70.4c0-6.4-6.4-12.8-12.8-12.8h-22.4c-6.4 0-12.8 6.4-12.8 12.8v70.4c0 6.4 6.4 12.8 12.8 12.8z\" class=\"\"><\/path><\/svg><\/i> <img loading=\"lazy\" decoding=\"async\" width=\"16\" height=\"16\" alt=\"Loading\" src=\"https:\/\/temucotelevision.cl\/web\/wp-content\/plugins\/page-views-count\/ajax-loader-2x.gif\" border=0 \/><\/p>\n<div class=\"pvc_clear\"><\/div>\n<p>Con un encuentro en la Plaza An\u00edbal Pinto, entre el alcalde Jaime Salinas y el alcalde electo, Roberto Neira, se<\/p>\n","protected":false},"author":1,"featured_media":21765,"comment_status":"open","ping_status":"open","sticky":false,"template":"","format":"standard","meta":{"colormag_page_container_layout":"default_layout","colormag_page_sidebar_layout":"default_layout","footnotes":""},"categories":[15],"tags":[202,591,3809],"class_list":["post-21764","post","type-post","status-publish","format-standard","has-post-thumbnail","hentry","category-la-araucania","tag-alcalde","tag-municipio","tag-roberto-neira"],"a3_pvc":{"activated":true,"total_views":27,"today_views":0},"_links":{"self":[{"href":"https:\/\/temucotelevision.cl\/web\/wp-json\/wp\/v2\/posts\/21764","targetHints":{"allow":["GET"]}}],"collection":[{"href":"https:\/\/temucotelevision.cl\/web\/wp-json\/wp\/v2\/posts"}],"about":[{"href":"https:\/\/temucotelevision.cl\/web\/wp-json\/wp\/v2\/types\/post"}],"author":[{"embeddable":true,"href":"https:\/\/temucotelevision.cl\/web\/wp-json\/wp\/v2\/users\/1"}],"replies":[{"embeddable":true,"href":"https:\/\/temucotelevision.cl\/web\/wp-json\/wp\/v2\/comments?post=21764"}],"version-history":[{"count":1,"href":"https:\/\/temucotelevision.cl\/web\/wp-json\/wp\/v2\/posts\/21764\/revisions"}],"predecessor-version":[{"id":21766,"href":"https:\/\/temucotelevision.cl\/web\/wp-json\/wp\/v2\/posts\/21764\/revisions\/21766"}],"wp:featuredmedia":[{"embeddable":true,"href":"https:\/\/temucotelevision.cl\/web\/wp-json\/wp\/v2\/media\/21765"}],"wp:attachment":[{"href":"https:\/\/temucotelevision.cl\/web\/wp-json\/wp\/v2\/media?parent=21764"}],"wp:term":[{"taxonomy":"category","embeddable":true,"href":"https:\/\/temucotelevision.cl\/web\/wp-json\/wp\/v2\/categories?post=21764"},{"taxonomy":"post_tag","embeddable":true,"href":"https:\/\/temucotelevision.cl\/web\/wp-json\/wp\/v2\/tags?post=21764"}],"curies":[{"name":"wp","href":"https:\/\/api.w.org\/{rel}","templated":true}]}}