{"id":21762,"date":"2021-05-18T13:22:00","date_gmt":"2021-05-18T16:22:00","guid":{"rendered":"https:\/\/temucotelevision.cl\/web\/?p=21762"},"modified":"2021-05-18T13:22:02","modified_gmt":"2021-05-18T16:22:02","slug":"257-son-los-nuevos-casos-en-la-araucania-temuco-registro-41-y-plc-17","status":"publish","type":"post","link":"https:\/\/temucotelevision.cl\/web\/2021\/05\/18\/257-son-los-nuevos-casos-en-la-araucania-temuco-registro-41-y-plc-17\/","title":{"rendered":"257 son los nuevos casos en La Araucan\u00eda, Temuco registr\u00f3 41 y PLC 17"},"content":{"rendered":"<div class=\"pvc_clear\"><\/div><p id=\"pvc_stats_21762\" class=\"pvc_stats total_only  \" data-element-id=\"21762\" style=\"\"><i class=\"pvc-stats-icon large\" aria-hidden=\"true\"><svg aria-hidden=\"true\" focusable=\"false\" data-prefix=\"far\" data-icon=\"chart-bar\" role=\"img\" xmlns=\"http:\/\/www.w3.org\/2000\/svg\" viewBox=\"0 0 512 512\" class=\"svg-inline--fa fa-chart-bar fa-w-16 fa-2x\"><path fill=\"currentColor\" d=\"M396.8 352h22.4c6.4 0 12.8-6.4 12.8-12.8V108.8c0-6.4-6.4-12.8-12.8-12.8h-22.4c-6.4 0-12.8 6.4-12.8 12.8v230.4c0 6.4 6.4 12.8 12.8 12.8zm-192 0h22.4c6.4 0 12.8-6.4 12.8-12.8V140.8c0-6.4-6.4-12.8-12.8-12.8h-22.4c-6.4 0-12.8 6.4-12.8 12.8v198.4c0 6.4 6.4 12.8 12.8 12.8zm96 0h22.4c6.4 0 12.8-6.4 12.8-12.8V204.8c0-6.4-6.4-12.8-12.8-12.8h-22.4c-6.4 0-12.8 6.4-12.8 12.8v134.4c0 6.4 6.4 12.8 12.8 12.8zM496 400H48V80c0-8.84-7.16-16-16-16H16C7.16 64 0 71.16 0 80v336c0 17.67 14.33 32 32 32h464c8.84 0 16-7.16 16-16v-16c0-8.84-7.16-16-16-16zm-387.2-48h22.4c6.4 0 12.8-6.4 12.8-12.8v-70.4c0-6.4-6.4-12.8-12.8-12.8h-22.4c-6.4 0-12.8 6.4-12.8 12.8v70.4c0 6.4 6.4 12.8 12.8 12.8z\" class=\"\"><\/path><\/svg><\/i> <img loading=\"lazy\" decoding=\"async\" width=\"16\" height=\"16\" alt=\"Loading\" src=\"https:\/\/temucotelevision.cl\/web\/wp-content\/plugins\/page-views-count\/ajax-loader-2x.gif\" border=0 \/><\/p><div class=\"pvc_clear\"><\/div>\n<p><strong>78.175 son los casos confirmados de COVID- 19 en La Araucan\u00eda.<\/strong><\/p>\n\n\n\n<p>Durante el d\u00eda ayer fueron 257 los nuevos casos confirmados de COVID- 19 en la regi\u00f3n. Estos nuevos casos sumados a los confirmados anteriormente, nos entregan la siguiente distribuci\u00f3n comunal:<\/p>\n\n\n\n<figure class=\"wp-block-table\"><table><tbody><tr><td><strong>Comuna de residencia *<\/strong><\/td><td><strong>N\u00b0 de casos<\/strong><\/td><td><strong>Casos nuevos<\/strong><\/td><td><strong>Casos activos<\/strong><\/td><\/tr><tr><td>Angol<\/td><td>4.392<\/td><td>14<\/td><td>147<\/td><\/tr><tr><td>Carahue<\/td><td>1.975<\/td><td>2<\/td><td>56<\/td><\/tr><tr><td>Chol-Chol<\/td><td>890<\/td><td>3<\/td><td>17<\/td><\/tr><tr><td>Collipulli<\/td><td>2.468<\/td><td>9<\/td><td>97<\/td><\/tr><tr><td>Cunco<\/td><td>1.279<\/td><td>2<\/td><td>17<\/td><\/tr><tr><td>Curacaut\u00edn<\/td><td>882<\/td><td>19<\/td><td>47<\/td><\/tr><tr><td>Curarrehue<\/td><td>490<\/td><td>3<\/td><td>13<\/td><\/tr><tr><td>Ercilla<\/td><td>935<\/td><td>1<\/td><td>44<\/td><\/tr><tr><td>Freire<\/td><td>1.973<\/td><td>10<\/td><td>60<\/td><\/tr><tr><td>Galvarino<\/td><td>1.538<\/td><td>8<\/td><td>75<\/td><\/tr><tr><td>Gorbea<\/td><td>983<\/td><td>&#8211;<\/td><td>20<\/td><\/tr><tr><td>Lautaro<\/td><td>3.489<\/td><td>18<\/td><td>150<\/td><\/tr><tr><td>Loncoche<\/td><td>1.511<\/td><td>2<\/td><td>65<\/td><\/tr><tr><td>Lonquimay<\/td><td>544<\/td><td>&#8211;<\/td><td>19<\/td><\/tr><tr><td>Los Sauces<\/td><td>652<\/td><td>2<\/td><td>46<\/td><\/tr><tr><td>Lumaco<\/td><td>931<\/td><td>&#8211;<\/td><td>1<\/td><\/tr><tr><td>Melipeuco<\/td><td>383<\/td><td>&#8211;<\/td><td>7<\/td><\/tr><tr><td>Nueva Imperial<\/td><td>2.375<\/td><td>8<\/td><td>72<\/td><\/tr><tr><td>Padre Las Casas<\/td><td>6.383<\/td><td>17<\/td><td>185<\/td><\/tr><tr><td>Perquenco<\/td><td>839<\/td><td>1<\/td><td>22<\/td><\/tr><tr><td>Pitrufqu\u00e9n<\/td><td>1.850<\/td><td>3<\/td><td>37<\/td><\/tr><tr><td>Puc\u00f3n<\/td><td>1.740<\/td><td>9<\/td><td>64<\/td><\/tr><tr><td>Pur\u00e9n<\/td><td>752<\/td><td>7<\/td><td>32<\/td><\/tr><tr><td>Renaico<\/td><td>1.209<\/td><td>2<\/td><td>137<\/td><\/tr><tr><td>Saavedra<\/td><td>1.094<\/td><td>2<\/td><td>19<\/td><\/tr><tr><td>Temuco<\/td><td>24.063<\/td><td>41<\/td><td>467<\/td><\/tr><tr><td>Teodoro Schmidt<\/td><td>874<\/td><td>&#8211;<\/td><td>32<\/td><\/tr><tr><td>Tolt\u00e9n<\/td><td>764<\/td><td>9<\/td><td>54<\/td><\/tr><tr><td>Traigu\u00e9n<\/td><td>1.347<\/td><td>4<\/td><td>37<\/td><\/tr><tr><td>Victoria<\/td><td>2.789<\/td><td>40<\/td><td>222<\/td><\/tr><tr><td>Vilc\u00fan<\/td><td>2.438<\/td><td>6<\/td><td>72<\/td><\/tr><tr><td>Villarrica<\/td><td>3.773<\/td><td>15<\/td><td>123<\/td><\/tr><tr><td><strong>Total General<\/strong><\/td><td><strong>77.605<\/strong><\/td><td><strong>257<\/strong><\/td><td><strong>2.456<\/strong><\/td><\/tr><tr><td>*Informaci\u00f3n susceptible de ser modificada, en relaci\u00f3n a los resultados de las investigaciones Epidemiol\u00f3gicas.<strong><\/strong><\/td><td>(Se extraen 570 casos del an\u00e1lisis, puesto que presentan residencia en otras regiones).&nbsp;&nbsp;<\/td><td>&nbsp;<\/td><td>** Se extraen 16&nbsp;del total de activos que presentan domicilio en otra regi\u00f3n<\/td><\/tr><\/tbody><\/table><\/figure>\n\n\n\n<figure class=\"wp-block-table\"><table><tbody><tr><td><strong>Casos nuevos<\/strong><\/td><td><strong>Sintom\u00e1ticos&nbsp;<\/strong><\/td><td><strong>Asintom\u00e1ticos<\/strong><\/td><td><strong>Casos nuevos no notificados<\/strong><strong><\/strong><\/td><\/tr><tr><td><strong>257<\/strong><\/td><td><strong>151<\/strong><\/td><td><strong>92<\/strong><\/td><td><strong>14<\/strong><\/td><\/tr><\/tbody><\/table><\/figure>\n\n\n\n<p><strong>Cambios de Residencia<\/strong><\/p>\n\n\n\n<figure class=\"wp-block-table\"><table><tbody><tr><td><strong>Intercomunal&nbsp;<\/strong><\/td><td>4<\/td><td>1 caso de Carahue a Nueva Imperial.1 caso de Temuco a Nueva Imperial.1 caso de Temuco a Padre Las Casas.1 caso de Temuco a Vilc\u00fan.<\/td><td><em>Se mantienen en ambos detalles.<\/em><\/td><\/tr><tr><td><strong>Ajuste Minsal<\/strong><\/td><td>1<\/td><td>1 caso a Galvarino.<\/td><td><em>Se suma en ambos detalles.<\/em><\/td><\/tr><tr><td><strong>Ajuste Minsal<\/strong><\/td><td>-1<\/td><td>1 caso de Nueva Imperial.<\/td><td><em>Se descuenta en ambos detalles.<\/em><\/td><\/tr><\/tbody><\/table><\/figure>\n\n\n\n<p><strong>Ex\u00e1menes PCR procesados en las \u00faltimas 24 hrs.<\/strong><\/p>\n\n\n\n<figure class=\"wp-block-table\"><table><tbody><tr><td>N\u00b0 de Muestras procesadas (17.05.2021)<\/td><td>1.364<\/td><\/tr><\/tbody><\/table><\/figure>\n\n\n\n<figure class=\"wp-block-table\"><table><tbody><tr><td><strong>Activos<\/strong><\/td><td><strong>N\u00b0 de Casos&nbsp;<\/strong><\/td><td><strong>Porcentaje<\/strong><\/td><\/tr><tr><td>Si&nbsp;<\/td><td>2.456<\/td><td>3.2%<\/td><\/tr><tr><td>No<\/td><td>74.222<\/td><td>96.8%<\/td><\/tr><\/tbody><\/table><\/figure>\n\n\n\n<p>*Se excluyen del an\u00e1lisis los pacientes fallecidos.<\/p>\n\n\n\n<p><strong>Casos confirmados por sexo<\/strong><\/p>\n\n\n\n<figure class=\"wp-block-table\"><table><tbody><tr><td><strong>Sexo<\/strong><\/td><td><strong>N\u00b0 Casos<\/strong><\/td><td><strong>Porcentaje<\/strong><\/td><\/tr><tr><td>Hombre<\/td><td>38.172<\/td><td>49,2%<\/td><\/tr><tr><td>Mujer<\/td><td>39.433<\/td><td>50,8%<\/td><\/tr><\/tbody><\/table><\/figure>\n\n\n\n<figure class=\"wp-block-table\"><table><tbody><tr><td><strong>&nbsp;<\/strong><\/td><td><strong>Total<\/strong><\/td><\/tr><tr><td><strong>Fallecidos<\/strong><\/td><td><strong>979<\/strong><\/td><\/tr><\/tbody><\/table><\/figure>\n\n\n\n<p>De la totalidad de casos, 385 se encuentran hospitalizados, de estos 141 en Unidades de Paciente Cr\u00edtico (UTI 46 \u2013 UCI 95) y 88 conectados a ventilador mec\u00e1nico de los cuales 73 se encuentran en establecimientos de la red p\u00fablica y 15 en cl\u00ednicas privadas.<\/p>\n","protected":false},"excerpt":{"rendered":"<div class=\"pvc_clear\"><\/div>\n<p id=\"pvc_stats_21762\" class=\"pvc_stats total_only  \" data-element-id=\"21762\" style=\"\"><i class=\"pvc-stats-icon large\" aria-hidden=\"true\"><svg aria-hidden=\"true\" focusable=\"false\" data-prefix=\"far\" data-icon=\"chart-bar\" role=\"img\" xmlns=\"http:\/\/www.w3.org\/2000\/svg\" viewBox=\"0 0 512 512\" class=\"svg-inline--fa fa-chart-bar fa-w-16 fa-2x\"><path fill=\"currentColor\" d=\"M396.8 352h22.4c6.4 0 12.8-6.4 12.8-12.8V108.8c0-6.4-6.4-12.8-12.8-12.8h-22.4c-6.4 0-12.8 6.4-12.8 12.8v230.4c0 6.4 6.4 12.8 12.8 12.8zm-192 0h22.4c6.4 0 12.8-6.4 12.8-12.8V140.8c0-6.4-6.4-12.8-12.8-12.8h-22.4c-6.4 0-12.8 6.4-12.8 12.8v198.4c0 6.4 6.4 12.8 12.8 12.8zm96 0h22.4c6.4 0 12.8-6.4 12.8-12.8V204.8c0-6.4-6.4-12.8-12.8-12.8h-22.4c-6.4 0-12.8 6.4-12.8 12.8v134.4c0 6.4 6.4 12.8 12.8 12.8zM496 400H48V80c0-8.84-7.16-16-16-16H16C7.16 64 0 71.16 0 80v336c0 17.67 14.33 32 32 32h464c8.84 0 16-7.16 16-16v-16c0-8.84-7.16-16-16-16zm-387.2-48h22.4c6.4 0 12.8-6.4 12.8-12.8v-70.4c0-6.4-6.4-12.8-12.8-12.8h-22.4c-6.4 0-12.8 6.4-12.8 12.8v70.4c0 6.4 6.4 12.8 12.8 12.8z\" class=\"\"><\/path><\/svg><\/i> <img loading=\"lazy\" decoding=\"async\" width=\"16\" height=\"16\" alt=\"Loading\" src=\"https:\/\/temucotelevision.cl\/web\/wp-content\/plugins\/page-views-count\/ajax-loader-2x.gif\" border=0 \/><\/p>\n<div class=\"pvc_clear\"><\/div>\n<p>78.175 son los casos confirmados de COVID- 19 en La Araucan\u00eda. Durante el d\u00eda ayer fueron 257 los nuevos casos<\/p>\n","protected":false},"author":1,"featured_media":21447,"comment_status":"open","ping_status":"open","sticky":false,"template":"","format":"standard","meta":{"colormag_page_container_layout":"default_layout","colormag_page_sidebar_layout":"default_layout","footnotes":""},"categories":[15],"tags":[2304,2312],"class_list":["post-21762","post","type-post","status-publish","format-standard","has-post-thumbnail","hentry","category-la-araucania","tag-covid-19","tag-pandemia"],"a3_pvc":{"activated":true,"total_views":39,"today_views":0},"_links":{"self":[{"href":"https:\/\/temucotelevision.cl\/web\/wp-json\/wp\/v2\/posts\/21762","targetHints":{"allow":["GET"]}}],"collection":[{"href":"https:\/\/temucotelevision.cl\/web\/wp-json\/wp\/v2\/posts"}],"about":[{"href":"https:\/\/temucotelevision.cl\/web\/wp-json\/wp\/v2\/types\/post"}],"author":[{"embeddable":true,"href":"https:\/\/temucotelevision.cl\/web\/wp-json\/wp\/v2\/users\/1"}],"replies":[{"embeddable":true,"href":"https:\/\/temucotelevision.cl\/web\/wp-json\/wp\/v2\/comments?post=21762"}],"version-history":[{"count":1,"href":"https:\/\/temucotelevision.cl\/web\/wp-json\/wp\/v2\/posts\/21762\/revisions"}],"predecessor-version":[{"id":21763,"href":"https:\/\/temucotelevision.cl\/web\/wp-json\/wp\/v2\/posts\/21762\/revisions\/21763"}],"wp:featuredmedia":[{"embeddable":true,"href":"https:\/\/temucotelevision.cl\/web\/wp-json\/wp\/v2\/media\/21447"}],"wp:attachment":[{"href":"https:\/\/temucotelevision.cl\/web\/wp-json\/wp\/v2\/media?parent=21762"}],"wp:term":[{"taxonomy":"category","embeddable":true,"href":"https:\/\/temucotelevision.cl\/web\/wp-json\/wp\/v2\/categories?post=21762"},{"taxonomy":"post_tag","embeddable":true,"href":"https:\/\/temucotelevision.cl\/web\/wp-json\/wp\/v2\/tags?post=21762"}],"curies":[{"name":"wp","href":"https:\/\/api.w.org\/{rel}","templated":true}]}}