{"id":21743,"date":"2021-05-17T18:54:22","date_gmt":"2021-05-17T21:54:22","guid":{"rendered":"https:\/\/temucotelevision.cl\/web\/?p=21743"},"modified":"2021-05-17T18:54:24","modified_gmt":"2021-05-17T21:54:24","slug":"os-9-detiene-a-sujetos-por-robo-con-violencia-y-retener-por-3-horas-a-conductor-en-padre-las-casas","status":"publish","type":"post","link":"https:\/\/temucotelevision.cl\/web\/2021\/05\/17\/os-9-detiene-a-sujetos-por-robo-con-violencia-y-retener-por-3-horas-a-conductor-en-padre-las-casas\/","title":{"rendered":"OS-9 detiene a sujetos por robo con violencia y retener por 3 horas a conductor en Padre Las Casas"},"content":{"rendered":"<div class=\"pvc_clear\"><\/div><p id=\"pvc_stats_21743\" class=\"pvc_stats total_only  \" data-element-id=\"21743\" style=\"\"><i class=\"pvc-stats-icon large\" aria-hidden=\"true\"><svg aria-hidden=\"true\" focusable=\"false\" data-prefix=\"far\" data-icon=\"chart-bar\" role=\"img\" xmlns=\"http:\/\/www.w3.org\/2000\/svg\" viewBox=\"0 0 512 512\" class=\"svg-inline--fa fa-chart-bar fa-w-16 fa-2x\"><path fill=\"currentColor\" d=\"M396.8 352h22.4c6.4 0 12.8-6.4 12.8-12.8V108.8c0-6.4-6.4-12.8-12.8-12.8h-22.4c-6.4 0-12.8 6.4-12.8 12.8v230.4c0 6.4 6.4 12.8 12.8 12.8zm-192 0h22.4c6.4 0 12.8-6.4 12.8-12.8V140.8c0-6.4-6.4-12.8-12.8-12.8h-22.4c-6.4 0-12.8 6.4-12.8 12.8v198.4c0 6.4 6.4 12.8 12.8 12.8zm96 0h22.4c6.4 0 12.8-6.4 12.8-12.8V204.8c0-6.4-6.4-12.8-12.8-12.8h-22.4c-6.4 0-12.8 6.4-12.8 12.8v134.4c0 6.4 6.4 12.8 12.8 12.8zM496 400H48V80c0-8.84-7.16-16-16-16H16C7.16 64 0 71.16 0 80v336c0 17.67 14.33 32 32 32h464c8.84 0 16-7.16 16-16v-16c0-8.84-7.16-16-16-16zm-387.2-48h22.4c6.4 0 12.8-6.4 12.8-12.8v-70.4c0-6.4-6.4-12.8-12.8-12.8h-22.4c-6.4 0-12.8 6.4-12.8 12.8v70.4c0 6.4 6.4 12.8 12.8 12.8z\" class=\"\"><\/path><\/svg><\/i> <img loading=\"lazy\" decoding=\"async\" width=\"16\" height=\"16\" alt=\"Loading\" src=\"https:\/\/temucotelevision.cl\/web\/wp-content\/plugins\/page-views-count\/ajax-loader-2x.gif\" border=0 \/><\/p><div class=\"pvc_clear\"><\/div>\n<p><\/p>\n\n\n\n<p><em>Los investigadores dieron con el domicilio donde estuvo retenida la v\u00edctima, haciendo ingreso al mismo y procediendo a la detenci\u00f3n de cuatro personas, una de ellas, hab\u00eda salido hace apenas 10 d\u00edas de la c\u00e1rcel.<\/em><\/p>\n\n\n\n<p>A las 3:30 horas de la madrugada de este lunes, un conductor de 35 a\u00f1os de edad cuando se dirig\u00eda a su trabajo, fue abordado sorpresivamente por cuatro sujetos quienes se suben a su veh\u00edculo para luego intimidarlo con un arma de fuego y obligarlo a conducir hacia un domicilio en la poblaci\u00f3n Los Caciques en Padre Las Casas, al cual lo ingresan y lo retienen en una pieza por 3 horas.<\/p>\n\n\n\n<p>Los delincuentes, le sustrajeron $150.000 en efectivo; dos tel\u00e9fonos celulares; un anillo de plata entre otras especies, adem\u00e1s, le propinaron diversos golpes en la cabeza para luego liberarlo.<\/p>\n\n\n\n<p>La v\u00edctima, ya en su veh\u00edculo, no dudo en ir r\u00e1pidamente a realizar la denuncia en Carabineros, inici\u00e1ndose una investigaci\u00f3n liderada por el OS-9 en conjunto con el Ministerio P\u00fablico, la cual en tiempo r\u00e9cord tuvo resultados positivos.<\/p>\n\n\n\n<p>\u201cEs as\u00ed que cerca del mediod\u00eda de este lunes y tras una serie de diligencias investigativas, Carabineros dio con el domicilio donde estuvo retenida la v\u00edctima, haciendo ingreso al mismo y procediendo a la detenci\u00f3n de cuatro personas, una de ellas, hab\u00eda salido hace apenas 10 d\u00edas de la c\u00e1rcel\u201d, indic\u00f3 el Comandante Gabriel Ortega, Prefecto de Servicio Prefectura \u201cCaut\u00edn\u201d.<\/p>\n\n\n\n<p>En el lugar, Carabineros incaut\u00f3 un arma a fogueo calibre 9mm y dinero, un anillo y un tel\u00e9fono propiedad de la v\u00edctima.<\/p>\n\n\n\n<p>Los imputados; B.M.P de 25 a\u00f1os de edad, con amplio prontuario policial y reci\u00e9n salido de la c\u00e1rcel; C.C.P. 21 a\u00f1os, con amplio prontuario policial; D.V.C. de 22 a\u00f1os y C.M.P. de 16 a\u00f1os de edad; por instrucci\u00f3n del fiscal de turno pasar\u00e1n este martes a control de la detenci\u00f3n.<\/p>\n","protected":false},"excerpt":{"rendered":"<div class=\"pvc_clear\"><\/div>\n<p id=\"pvc_stats_21743\" class=\"pvc_stats total_only  \" data-element-id=\"21743\" style=\"\"><i class=\"pvc-stats-icon large\" aria-hidden=\"true\"><svg aria-hidden=\"true\" focusable=\"false\" data-prefix=\"far\" data-icon=\"chart-bar\" role=\"img\" xmlns=\"http:\/\/www.w3.org\/2000\/svg\" viewBox=\"0 0 512 512\" class=\"svg-inline--fa fa-chart-bar fa-w-16 fa-2x\"><path fill=\"currentColor\" d=\"M396.8 352h22.4c6.4 0 12.8-6.4 12.8-12.8V108.8c0-6.4-6.4-12.8-12.8-12.8h-22.4c-6.4 0-12.8 6.4-12.8 12.8v230.4c0 6.4 6.4 12.8 12.8 12.8zm-192 0h22.4c6.4 0 12.8-6.4 12.8-12.8V140.8c0-6.4-6.4-12.8-12.8-12.8h-22.4c-6.4 0-12.8 6.4-12.8 12.8v198.4c0 6.4 6.4 12.8 12.8 12.8zm96 0h22.4c6.4 0 12.8-6.4 12.8-12.8V204.8c0-6.4-6.4-12.8-12.8-12.8h-22.4c-6.4 0-12.8 6.4-12.8 12.8v134.4c0 6.4 6.4 12.8 12.8 12.8zM496 400H48V80c0-8.84-7.16-16-16-16H16C7.16 64 0 71.16 0 80v336c0 17.67 14.33 32 32 32h464c8.84 0 16-7.16 16-16v-16c0-8.84-7.16-16-16-16zm-387.2-48h22.4c6.4 0 12.8-6.4 12.8-12.8v-70.4c0-6.4-6.4-12.8-12.8-12.8h-22.4c-6.4 0-12.8 6.4-12.8 12.8v70.4c0 6.4 6.4 12.8 12.8 12.8z\" class=\"\"><\/path><\/svg><\/i> <img loading=\"lazy\" decoding=\"async\" width=\"16\" height=\"16\" alt=\"Loading\" src=\"https:\/\/temucotelevision.cl\/web\/wp-content\/plugins\/page-views-count\/ajax-loader-2x.gif\" border=0 \/><\/p>\n<div class=\"pvc_clear\"><\/div>\n<p>Los investigadores dieron con el domicilio donde estuvo retenida la v\u00edctima, haciendo ingreso al mismo y procediendo a la detenci\u00f3n<\/p>\n","protected":false},"author":1,"featured_media":21742,"comment_status":"open","ping_status":"open","sticky":false,"template":"","format":"standard","meta":{"colormag_page_container_layout":"default_layout","colormag_page_sidebar_layout":"default_layout","footnotes":""},"categories":[15,16],"tags":[137,138,140],"class_list":["post-21743","post","type-post","status-publish","format-standard","has-post-thumbnail","hentry","category-la-araucania","category-policial","tag-os9","tag-robo","tag-sujetos"],"a3_pvc":{"activated":true,"total_views":36,"today_views":0},"_links":{"self":[{"href":"https:\/\/temucotelevision.cl\/web\/wp-json\/wp\/v2\/posts\/21743","targetHints":{"allow":["GET"]}}],"collection":[{"href":"https:\/\/temucotelevision.cl\/web\/wp-json\/wp\/v2\/posts"}],"about":[{"href":"https:\/\/temucotelevision.cl\/web\/wp-json\/wp\/v2\/types\/post"}],"author":[{"embeddable":true,"href":"https:\/\/temucotelevision.cl\/web\/wp-json\/wp\/v2\/users\/1"}],"replies":[{"embeddable":true,"href":"https:\/\/temucotelevision.cl\/web\/wp-json\/wp\/v2\/comments?post=21743"}],"version-history":[{"count":1,"href":"https:\/\/temucotelevision.cl\/web\/wp-json\/wp\/v2\/posts\/21743\/revisions"}],"predecessor-version":[{"id":21744,"href":"https:\/\/temucotelevision.cl\/web\/wp-json\/wp\/v2\/posts\/21743\/revisions\/21744"}],"wp:featuredmedia":[{"embeddable":true,"href":"https:\/\/temucotelevision.cl\/web\/wp-json\/wp\/v2\/media\/21742"}],"wp:attachment":[{"href":"https:\/\/temucotelevision.cl\/web\/wp-json\/wp\/v2\/media?parent=21743"}],"wp:term":[{"taxonomy":"category","embeddable":true,"href":"https:\/\/temucotelevision.cl\/web\/wp-json\/wp\/v2\/categories?post=21743"},{"taxonomy":"post_tag","embeddable":true,"href":"https:\/\/temucotelevision.cl\/web\/wp-json\/wp\/v2\/tags?post=21743"}],"curies":[{"name":"wp","href":"https:\/\/api.w.org\/{rel}","templated":true}]}}