{"id":21735,"date":"2021-05-17T13:52:07","date_gmt":"2021-05-17T16:52:07","guid":{"rendered":"https:\/\/temucotelevision.cl\/web\/?p=21735"},"modified":"2021-05-17T13:52:11","modified_gmt":"2021-05-17T16:52:11","slug":"mim-celebra-dia-de-los-museos-con-los-mejores-stickers-y-memes-de-ciencia","status":"publish","type":"post","link":"https:\/\/temucotelevision.cl\/web\/2021\/05\/17\/mim-celebra-dia-de-los-museos-con-los-mejores-stickers-y-memes-de-ciencia\/","title":{"rendered":"MIM celebra D\u00eda de los Museos con los mejores stickers y memes de ciencia"},"content":{"rendered":"<div class=\"pvc_clear\"><\/div><p id=\"pvc_stats_21735\" class=\"pvc_stats total_only  \" data-element-id=\"21735\" style=\"\"><i class=\"pvc-stats-icon large\" aria-hidden=\"true\"><svg aria-hidden=\"true\" focusable=\"false\" data-prefix=\"far\" data-icon=\"chart-bar\" role=\"img\" xmlns=\"http:\/\/www.w3.org\/2000\/svg\" viewBox=\"0 0 512 512\" class=\"svg-inline--fa fa-chart-bar fa-w-16 fa-2x\"><path fill=\"currentColor\" d=\"M396.8 352h22.4c6.4 0 12.8-6.4 12.8-12.8V108.8c0-6.4-6.4-12.8-12.8-12.8h-22.4c-6.4 0-12.8 6.4-12.8 12.8v230.4c0 6.4 6.4 12.8 12.8 12.8zm-192 0h22.4c6.4 0 12.8-6.4 12.8-12.8V140.8c0-6.4-6.4-12.8-12.8-12.8h-22.4c-6.4 0-12.8 6.4-12.8 12.8v198.4c0 6.4 6.4 12.8 12.8 12.8zm96 0h22.4c6.4 0 12.8-6.4 12.8-12.8V204.8c0-6.4-6.4-12.8-12.8-12.8h-22.4c-6.4 0-12.8 6.4-12.8 12.8v134.4c0 6.4 6.4 12.8 12.8 12.8zM496 400H48V80c0-8.84-7.16-16-16-16H16C7.16 64 0 71.16 0 80v336c0 17.67 14.33 32 32 32h464c8.84 0 16-7.16 16-16v-16c0-8.84-7.16-16-16-16zm-387.2-48h22.4c6.4 0 12.8-6.4 12.8-12.8v-70.4c0-6.4-6.4-12.8-12.8-12.8h-22.4c-6.4 0-12.8 6.4-12.8 12.8v70.4c0 6.4 6.4 12.8 12.8 12.8z\" class=\"\"><\/path><\/svg><\/i> <img loading=\"lazy\" decoding=\"async\" width=\"16\" height=\"16\" alt=\"Loading\" src=\"https:\/\/temucotelevision.cl\/web\/wp-content\/plugins\/page-views-count\/ajax-loader-2x.gif\" border=0 \/><\/p><div class=\"pvc_clear\"><\/div>\n<p>Este martes 18 de mayo es el D\u00eda Internacional de los Museos y, para celebrarlo, el Museo Interactivo Mirador (MIM) realizar\u00e1 un verdadero festival de stickers, memes y gifs de ciencia o de la instituci\u00f3n, invitando a la ciudadan\u00eda a participar de una creaci\u00f3n colectiva de estos medios de expresi\u00f3n de masas, que se han tomado todas las \u00e1reas del quehacer humano, incluidos los museos o el mundo cient\u00edfico.&nbsp;<\/p>\n\n\n\n<p>Durante esta semana publicar\u00e1 una serie de im\u00e1genes relacionadas con el MIM para que los seguidores sugieran un texto en \u201cestilo meme\u201d. La mejor idea se dise\u00f1ar\u00e1 y se publicar\u00e1 en las redes del museo, que ya suman m\u00e1s de 240 mil seguidores. Otra forma de participar ser\u00e1 libre, ya que podr\u00e1n enviar sus propios memes cient\u00edficos, o bien, los que encuentren navegando por internet.<\/p>\n\n\n\n<p>Durante la semana el MIM, que es parte de la Red de Fundaciones de la Presidencia, tambi\u00e9n tendr\u00e1 otras iniciativas para celebrar este d\u00eda, como un vivo con Punkrobot, productora ganadora del Oscar por \u201cHistoria de un Oso\u201d y que desarroll\u00f3 uno de los m\u00f3dulos m\u00e1s reconocidos de la Sala Arte y Ciencia del MIM: el Zootropo 3D. La transmisi\u00f3n se llevar\u00e1 a cabo el martes 18 de mayo a las 17:00 horas por la cuenta de Instagram del museo.&nbsp;<\/p>\n\n\n\n<p>Tambi\u00e9n publicar\u00e1 en sus redes una serie de videos con la trastienda del museo, donde se aprecia el trabajo \u201cdetr\u00e1s de c\u00e1maras\u201d del equipo, y de esta forma, conocer c\u00f3mo se desarrollan y mantienen las salas del MIM.&nbsp;<\/p>\n\n\n\n<p>Finalmente se publicar\u00e1 la versi\u00f3n del museo en Minecraft, el popular juego de video que plantea un mundo cuadrado, que signific\u00f3 el uso de m\u00e1s de 30 mil bloques y un mes de trabajo, siendo el primer museo interactivo de la regi\u00f3n construido en esta plataforma, tanto en su exterior como interior.<\/p>\n","protected":false},"excerpt":{"rendered":"<div class=\"pvc_clear\"><\/div>\n<p id=\"pvc_stats_21735\" class=\"pvc_stats total_only  \" data-element-id=\"21735\" style=\"\"><i class=\"pvc-stats-icon large\" aria-hidden=\"true\"><svg aria-hidden=\"true\" focusable=\"false\" data-prefix=\"far\" data-icon=\"chart-bar\" role=\"img\" xmlns=\"http:\/\/www.w3.org\/2000\/svg\" viewBox=\"0 0 512 512\" class=\"svg-inline--fa fa-chart-bar fa-w-16 fa-2x\"><path fill=\"currentColor\" d=\"M396.8 352h22.4c6.4 0 12.8-6.4 12.8-12.8V108.8c0-6.4-6.4-12.8-12.8-12.8h-22.4c-6.4 0-12.8 6.4-12.8 12.8v230.4c0 6.4 6.4 12.8 12.8 12.8zm-192 0h22.4c6.4 0 12.8-6.4 12.8-12.8V140.8c0-6.4-6.4-12.8-12.8-12.8h-22.4c-6.4 0-12.8 6.4-12.8 12.8v198.4c0 6.4 6.4 12.8 12.8 12.8zm96 0h22.4c6.4 0 12.8-6.4 12.8-12.8V204.8c0-6.4-6.4-12.8-12.8-12.8h-22.4c-6.4 0-12.8 6.4-12.8 12.8v134.4c0 6.4 6.4 12.8 12.8 12.8zM496 400H48V80c0-8.84-7.16-16-16-16H16C7.16 64 0 71.16 0 80v336c0 17.67 14.33 32 32 32h464c8.84 0 16-7.16 16-16v-16c0-8.84-7.16-16-16-16zm-387.2-48h22.4c6.4 0 12.8-6.4 12.8-12.8v-70.4c0-6.4-6.4-12.8-12.8-12.8h-22.4c-6.4 0-12.8 6.4-12.8 12.8v70.4c0 6.4 6.4 12.8 12.8 12.8z\" class=\"\"><\/path><\/svg><\/i> <img loading=\"lazy\" decoding=\"async\" width=\"16\" height=\"16\" alt=\"Loading\" src=\"https:\/\/temucotelevision.cl\/web\/wp-content\/plugins\/page-views-count\/ajax-loader-2x.gif\" border=0 \/><\/p>\n<div class=\"pvc_clear\"><\/div>\n<p>Este martes 18 de mayo es el D\u00eda Internacional de los Museos y, para celebrarlo, el Museo Interactivo Mirador (MIM)<\/p>\n","protected":false},"author":1,"featured_media":21736,"comment_status":"open","ping_status":"open","sticky":false,"template":"","format":"standard","meta":{"colormag_page_container_layout":"default_layout","colormag_page_sidebar_layout":"default_layout","footnotes":""},"categories":[86],"tags":[2245,3673],"class_list":["post-21735","post","type-post","status-publish","format-standard","has-post-thumbnail","hentry","category-panoramas","tag-ciencia","tag-mim"],"a3_pvc":{"activated":true,"total_views":47,"today_views":0},"_links":{"self":[{"href":"https:\/\/temucotelevision.cl\/web\/wp-json\/wp\/v2\/posts\/21735","targetHints":{"allow":["GET"]}}],"collection":[{"href":"https:\/\/temucotelevision.cl\/web\/wp-json\/wp\/v2\/posts"}],"about":[{"href":"https:\/\/temucotelevision.cl\/web\/wp-json\/wp\/v2\/types\/post"}],"author":[{"embeddable":true,"href":"https:\/\/temucotelevision.cl\/web\/wp-json\/wp\/v2\/users\/1"}],"replies":[{"embeddable":true,"href":"https:\/\/temucotelevision.cl\/web\/wp-json\/wp\/v2\/comments?post=21735"}],"version-history":[{"count":1,"href":"https:\/\/temucotelevision.cl\/web\/wp-json\/wp\/v2\/posts\/21735\/revisions"}],"predecessor-version":[{"id":21737,"href":"https:\/\/temucotelevision.cl\/web\/wp-json\/wp\/v2\/posts\/21735\/revisions\/21737"}],"wp:featuredmedia":[{"embeddable":true,"href":"https:\/\/temucotelevision.cl\/web\/wp-json\/wp\/v2\/media\/21736"}],"wp:attachment":[{"href":"https:\/\/temucotelevision.cl\/web\/wp-json\/wp\/v2\/media?parent=21735"}],"wp:term":[{"taxonomy":"category","embeddable":true,"href":"https:\/\/temucotelevision.cl\/web\/wp-json\/wp\/v2\/categories?post=21735"},{"taxonomy":"post_tag","embeddable":true,"href":"https:\/\/temucotelevision.cl\/web\/wp-json\/wp\/v2\/tags?post=21735"}],"curies":[{"name":"wp","href":"https:\/\/api.w.org\/{rel}","templated":true}]}}