{"id":21732,"date":"2021-05-17T13:40:00","date_gmt":"2021-05-17T16:40:00","guid":{"rendered":"https:\/\/temucotelevision.cl\/web\/?p=21732"},"modified":"2021-05-17T13:40:04","modified_gmt":"2021-05-17T16:40:04","slug":"vecinos-de-tolten-eligieron-a-sus-autoridades-en-elecciones-2021","status":"publish","type":"post","link":"https:\/\/temucotelevision.cl\/web\/2021\/05\/17\/vecinos-de-tolten-eligieron-a-sus-autoridades-en-elecciones-2021\/","title":{"rendered":"Vecinos de Tolt\u00e9n eligieron a sus autoridades en elecciones 2021"},"content":{"rendered":"<div class=\"pvc_clear\"><\/div><p id=\"pvc_stats_21732\" class=\"pvc_stats total_only  \" data-element-id=\"21732\" style=\"\"><i class=\"pvc-stats-icon large\" aria-hidden=\"true\"><svg aria-hidden=\"true\" focusable=\"false\" data-prefix=\"far\" data-icon=\"chart-bar\" role=\"img\" xmlns=\"http:\/\/www.w3.org\/2000\/svg\" viewBox=\"0 0 512 512\" class=\"svg-inline--fa fa-chart-bar fa-w-16 fa-2x\"><path fill=\"currentColor\" d=\"M396.8 352h22.4c6.4 0 12.8-6.4 12.8-12.8V108.8c0-6.4-6.4-12.8-12.8-12.8h-22.4c-6.4 0-12.8 6.4-12.8 12.8v230.4c0 6.4 6.4 12.8 12.8 12.8zm-192 0h22.4c6.4 0 12.8-6.4 12.8-12.8V140.8c0-6.4-6.4-12.8-12.8-12.8h-22.4c-6.4 0-12.8 6.4-12.8 12.8v198.4c0 6.4 6.4 12.8 12.8 12.8zm96 0h22.4c6.4 0 12.8-6.4 12.8-12.8V204.8c0-6.4-6.4-12.8-12.8-12.8h-22.4c-6.4 0-12.8 6.4-12.8 12.8v134.4c0 6.4 6.4 12.8 12.8 12.8zM496 400H48V80c0-8.84-7.16-16-16-16H16C7.16 64 0 71.16 0 80v336c0 17.67 14.33 32 32 32h464c8.84 0 16-7.16 16-16v-16c0-8.84-7.16-16-16-16zm-387.2-48h22.4c6.4 0 12.8-6.4 12.8-12.8v-70.4c0-6.4-6.4-12.8-12.8-12.8h-22.4c-6.4 0-12.8 6.4-12.8 12.8v70.4c0 6.4 6.4 12.8 12.8 12.8z\" class=\"\"><\/path><\/svg><\/i> <img loading=\"lazy\" decoding=\"async\" width=\"16\" height=\"16\" alt=\"Loading\" src=\"https:\/\/temucotelevision.cl\/web\/wp-content\/plugins\/page-views-count\/ajax-loader-2x.gif\" border=0 \/><\/p><div class=\"pvc_clear\"><\/div>\n<p>En el proceso eleccionario realizado este fin de semana la ciudadan\u00eda de Tolt\u00e9n eligi\u00f3 a sus autoridades, quienes administran esta comuna costera de la Araucan\u00eda &nbsp;los pr\u00f3ximos 4 a\u00f1os. Con un universo de votos de 4.480 v\u00e1lidamente emitidos, 98 blancos y 76 nulos , &nbsp;&nbsp;la primera mayor\u00eda para el cargo de alcalde fue para el actual edil Guillermo Mart\u00ednez Soto con 3095 votos del pacto Chile Vamos , Jos\u00e9 Orme\u00f1o obtuvo el segundo lugar con 1054 votos pacto &nbsp;IND &#8211; Ecologistas e Independientes y tercer lugar para Sandra Alfaro &nbsp;con 331 votos del pacto PRO &#8211; Unidos por la Dignidad.<\/p>\n\n\n\n<p>En la comuna de Tolt\u00e9n el proceso eleccionario se realiz\u00f3 en completa tranquilidad durante las 2 jornadas. Los locales de votaci\u00f3n fueron la escuela Aguas y Gaviotas, Liceo MKP de Tolt\u00e9n y &nbsp;Escuela Padre Isidoro de Queule.&nbsp; &nbsp;El Concejo municipal&nbsp; qued\u00f3 conformado&nbsp; por&nbsp; cuatro concejales del pacto Chile Vamos y dos representantes de la oposici\u00f3n.&nbsp;<\/p>\n\n\n\n<p>El nuevo concejo municipal de Tolt\u00e9n qued\u00f3 integrado por: Leonel \u00c1vila Mu\u00f1oz, Diego Felipe del R\u00edo Himiguala, &nbsp;Rory Esteban Arellano Navarrete, Jerem\u00edas Jonatan Rivera Carrasco, &nbsp;Nelson Sebasti\u00e1n Castro Trecanao y Mario Cayo Manquehual. Seg\u00fan se dispuso en el Congreso, los alcaldes electos deber\u00e1n asumir su nueva funci\u00f3n a partir del 28 de junio<\/p>\n\n\n\n<p>Guillermo Martinez Soto, actual alcalde y quien gan\u00f3 la reelecci\u00f3n con un 69,08 % de la votaci\u00f3n expres\u00f3 que \u201cagradezco a Dios en primer lugar por este triunfo a mi familia y equipo de trabajo y en especial a cada uno de los vecinos y vecinas de la comuna que confiaron en nuestro trabajo el cual se enfoc\u00f3 en trabajar por todos los habitantes de la comuna\u201d.<\/p>\n\n\n\n<p>En gobernadores las 2 primeras mayor\u00edas fueron para Luciano Rivas con 952 votos y Eugenio Tuma con 961 votos. Quienes disputar\u00e1n una segunda vuelta para el cargo de Gobernador regional de La Araucan\u00eda. En Convencionales Constituyentes Generales las 2 primeras mayor\u00edas las obtuvieron Pablo Walter Herdener Truan y&nbsp; Luis Mayol Bouchon. &nbsp;&nbsp;En Convencionales Constituyentes Pueblo Ind\u00edgena mapuche Adolfo Millabur \u00d1ancuil.&nbsp;<\/p>\n","protected":false},"excerpt":{"rendered":"<div class=\"pvc_clear\"><\/div>\n<p id=\"pvc_stats_21732\" class=\"pvc_stats total_only  \" data-element-id=\"21732\" style=\"\"><i class=\"pvc-stats-icon large\" aria-hidden=\"true\"><svg aria-hidden=\"true\" focusable=\"false\" data-prefix=\"far\" data-icon=\"chart-bar\" role=\"img\" xmlns=\"http:\/\/www.w3.org\/2000\/svg\" viewBox=\"0 0 512 512\" class=\"svg-inline--fa fa-chart-bar fa-w-16 fa-2x\"><path fill=\"currentColor\" d=\"M396.8 352h22.4c6.4 0 12.8-6.4 12.8-12.8V108.8c0-6.4-6.4-12.8-12.8-12.8h-22.4c-6.4 0-12.8 6.4-12.8 12.8v230.4c0 6.4 6.4 12.8 12.8 12.8zm-192 0h22.4c6.4 0 12.8-6.4 12.8-12.8V140.8c0-6.4-6.4-12.8-12.8-12.8h-22.4c-6.4 0-12.8 6.4-12.8 12.8v198.4c0 6.4 6.4 12.8 12.8 12.8zm96 0h22.4c6.4 0 12.8-6.4 12.8-12.8V204.8c0-6.4-6.4-12.8-12.8-12.8h-22.4c-6.4 0-12.8 6.4-12.8 12.8v134.4c0 6.4 6.4 12.8 12.8 12.8zM496 400H48V80c0-8.84-7.16-16-16-16H16C7.16 64 0 71.16 0 80v336c0 17.67 14.33 32 32 32h464c8.84 0 16-7.16 16-16v-16c0-8.84-7.16-16-16-16zm-387.2-48h22.4c6.4 0 12.8-6.4 12.8-12.8v-70.4c0-6.4-6.4-12.8-12.8-12.8h-22.4c-6.4 0-12.8 6.4-12.8 12.8v70.4c0 6.4 6.4 12.8 12.8 12.8z\" class=\"\"><\/path><\/svg><\/i> <img loading=\"lazy\" decoding=\"async\" width=\"16\" height=\"16\" alt=\"Loading\" src=\"https:\/\/temucotelevision.cl\/web\/wp-content\/plugins\/page-views-count\/ajax-loader-2x.gif\" border=0 \/><\/p>\n<div class=\"pvc_clear\"><\/div>\n<p>En el proceso eleccionario realizado este fin de semana la ciudadan\u00eda de Tolt\u00e9n eligi\u00f3 a sus autoridades, quienes administran esta<\/p>\n","protected":false},"author":1,"featured_media":21733,"comment_status":"open","ping_status":"open","sticky":false,"template":"","format":"standard","meta":{"colormag_page_container_layout":"default_layout","colormag_page_sidebar_layout":"default_layout","footnotes":""},"categories":[15],"tags":[745,3577],"class_list":["post-21732","post","type-post","status-publish","format-standard","has-post-thumbnail","hentry","category-la-araucania","tag-autoridades","tag-elecciones"],"a3_pvc":{"activated":true,"total_views":276,"today_views":0},"_links":{"self":[{"href":"https:\/\/temucotelevision.cl\/web\/wp-json\/wp\/v2\/posts\/21732","targetHints":{"allow":["GET"]}}],"collection":[{"href":"https:\/\/temucotelevision.cl\/web\/wp-json\/wp\/v2\/posts"}],"about":[{"href":"https:\/\/temucotelevision.cl\/web\/wp-json\/wp\/v2\/types\/post"}],"author":[{"embeddable":true,"href":"https:\/\/temucotelevision.cl\/web\/wp-json\/wp\/v2\/users\/1"}],"replies":[{"embeddable":true,"href":"https:\/\/temucotelevision.cl\/web\/wp-json\/wp\/v2\/comments?post=21732"}],"version-history":[{"count":1,"href":"https:\/\/temucotelevision.cl\/web\/wp-json\/wp\/v2\/posts\/21732\/revisions"}],"predecessor-version":[{"id":21734,"href":"https:\/\/temucotelevision.cl\/web\/wp-json\/wp\/v2\/posts\/21732\/revisions\/21734"}],"wp:featuredmedia":[{"embeddable":true,"href":"https:\/\/temucotelevision.cl\/web\/wp-json\/wp\/v2\/media\/21733"}],"wp:attachment":[{"href":"https:\/\/temucotelevision.cl\/web\/wp-json\/wp\/v2\/media?parent=21732"}],"wp:term":[{"taxonomy":"category","embeddable":true,"href":"https:\/\/temucotelevision.cl\/web\/wp-json\/wp\/v2\/categories?post=21732"},{"taxonomy":"post_tag","embeddable":true,"href":"https:\/\/temucotelevision.cl\/web\/wp-json\/wp\/v2\/tags?post=21732"}],"curies":[{"name":"wp","href":"https:\/\/api.w.org\/{rel}","templated":true}]}}