{"id":21724,"date":"2021-05-16T15:29:25","date_gmt":"2021-05-16T18:29:25","guid":{"rendered":"https:\/\/temucotelevision.cl\/web\/?p=21724"},"modified":"2021-05-16T15:29:28","modified_gmt":"2021-05-16T18:29:28","slug":"heroes-en-pandemia-el-rol-de-los-kinesiologos-con-los-pacientes-covid","status":"publish","type":"post","link":"https:\/\/temucotelevision.cl\/web\/2021\/05\/16\/heroes-en-pandemia-el-rol-de-los-kinesiologos-con-los-pacientes-covid\/","title":{"rendered":"H\u00e9roes en pandemia: el rol de los kinesi\u00f3logos con los pacientes COVID"},"content":{"rendered":"<div class=\"pvc_clear\"><\/div><p id=\"pvc_stats_21724\" class=\"pvc_stats total_only  \" data-element-id=\"21724\" style=\"\"><i class=\"pvc-stats-icon large\" aria-hidden=\"true\"><svg aria-hidden=\"true\" focusable=\"false\" data-prefix=\"far\" data-icon=\"chart-bar\" role=\"img\" xmlns=\"http:\/\/www.w3.org\/2000\/svg\" viewBox=\"0 0 512 512\" class=\"svg-inline--fa fa-chart-bar fa-w-16 fa-2x\"><path fill=\"currentColor\" d=\"M396.8 352h22.4c6.4 0 12.8-6.4 12.8-12.8V108.8c0-6.4-6.4-12.8-12.8-12.8h-22.4c-6.4 0-12.8 6.4-12.8 12.8v230.4c0 6.4 6.4 12.8 12.8 12.8zm-192 0h22.4c6.4 0 12.8-6.4 12.8-12.8V140.8c0-6.4-6.4-12.8-12.8-12.8h-22.4c-6.4 0-12.8 6.4-12.8 12.8v198.4c0 6.4 6.4 12.8 12.8 12.8zm96 0h22.4c6.4 0 12.8-6.4 12.8-12.8V204.8c0-6.4-6.4-12.8-12.8-12.8h-22.4c-6.4 0-12.8 6.4-12.8 12.8v134.4c0 6.4 6.4 12.8 12.8 12.8zM496 400H48V80c0-8.84-7.16-16-16-16H16C7.16 64 0 71.16 0 80v336c0 17.67 14.33 32 32 32h464c8.84 0 16-7.16 16-16v-16c0-8.84-7.16-16-16-16zm-387.2-48h22.4c6.4 0 12.8-6.4 12.8-12.8v-70.4c0-6.4-6.4-12.8-12.8-12.8h-22.4c-6.4 0-12.8 6.4-12.8 12.8v70.4c0 6.4 6.4 12.8 12.8 12.8z\" class=\"\"><\/path><\/svg><\/i> <img loading=\"lazy\" decoding=\"async\" width=\"16\" height=\"16\" alt=\"Loading\" src=\"https:\/\/temucotelevision.cl\/web\/wp-content\/plugins\/page-views-count\/ajax-loader-2x.gif\" border=0 \/><\/p><div class=\"pvc_clear\"><\/div>\n<p><em>Un gran desaf\u00edo para toda el \u00e1rea de salud, entre ellos los kinesi\u00f3logos, ha sido lo que han vivido desde que comenz\u00f3 la pandemia a nivel mundial hace ya m\u00e1s de un a\u00f1o, entregando lo mejor de ellos tanto a nivel profesional como emocional, siempre teniendo como foco principal el compromiso con el cuidado y recuperaci\u00f3n de los pacientes.<\/em><\/p>\n\n\n\n<p>veces la kinesiolog\u00eda suele vincularse con la rehabilitaci\u00f3n deportiva o neurol\u00f3gica, pero existe una especialidad en esa \u00e1rea, la de cuidados respiratorios cr\u00edticos que se ha transformado en un aporte fundamental en el d\u00eda de hoy para el manejo de personas hospitalizadas en unidades de cuidados intensivos donde los kinesi\u00f3logos son parte primordial.<\/p>\n\n\n\n<p>Cada 6 de mayo a nivel nacional, se celebra el D\u00eda del Kinesi\u00f3logo, fecha que busca visibilizar y reconocer la gran labor que realizan, en especial hoy en d\u00eda debido al COVID, pues realizan un trabajo \u00fanico con los pacientes, tanto en el periodo de hospitalizaci\u00f3n como en el de la rehabilitaci\u00f3n despu\u00e9s del alta m\u00e9dica.<\/p>\n\n\n\n<p>Desde que comenz\u00f3 la pandemia, se ha podido vivenciar como los pacientes que salen de un coma inducido suelen quedar muy d\u00e9biles, esto producto de las secuelas f\u00edsicas que les ocasion\u00f3 tanto el virus como el reposo prolongado, entre otras causas; por lo que una rehabilitaci\u00f3n temprana es importante y recomendable para que la persona logre realizar sus actividades diarias de manera aut\u00f3noma lo m\u00e1s pronto posible.<\/p>\n\n\n\n<p>\u201cSin duda, el rol de los kinesi\u00f3logos y de todo el equipo de rehabilitaci\u00f3n es fundamental para restaurar la funcionalidad en todos los planos, y as\u00ed mejorar su calidad de vida y reinsertar al paciente a su cotidianidad\u201d, comenta Juan Pablo Gonz\u00e1lez, kinesi\u00f3logo de TRAINFES, sistema que ayuda en la rehabilitaci\u00f3n de pacientes COVID a trav\u00e9s de electroestimulaci\u00f3n y de un equipo integral de profesionales (m\u00e9dicos fisiatras, kinesi\u00f3logos, fonoaudi\u00f3logos y psic\u00f3logos).<\/p>\n\n\n\n<p>Otro de los puntos a destacar es \u201cla importancia de la rehabilitaci\u00f3n temprana, pero hay que chequear que no tengan contraindicaciones asociadas\u201d, comenta Juan Pablo. \u201cCada vez m\u00e1s se quiere realizar una rehabilitaci\u00f3n temprana para que los pacientes no lleguen tan d\u00e9biles cuando salgan del ventilador, adem\u00e1s que esto permite liberar espacios para otros, y evita que la estad\u00eda, el uso de la cama, el uso del sistema sea cada vez m\u00e1s prolongado, y esto es un costo no solamente fisiol\u00f3gico para los pacientes, sino que tambi\u00e9n econ\u00f3mico para todo el sistema\u201d.&nbsp;<\/p>\n\n\n\n<p>TRAINFES, sistema creado en Chile, \u00fanico en nuestro pa\u00eds y en el mundo, permite con su tecnolog\u00eda \u201cgenerar peque\u00f1as descargas el\u00e9ctricas en los m\u00fasculos, los cuales van provocando activaciones en estos para que el paciente pueda salir adelante un poquito m\u00e1s r\u00e1pido. La gracia de esto es que se puede trabajar de un celular, por ejemplo, y nos permite hacerlo de manera remota, cosa que el personal, los kinesi\u00f3logos, no tienen que estar tanto en contacto con el paciente todo el tiempo, sino que lo pueden hacer a unos metros de distancia evitando posibles contagios, sobre todo en estas \u00e1reas tan cr\u00edticas\u201d, finaliza Juan Pablo.&nbsp;<\/p>\n\n\n\n<p>TRAINFES est\u00e1 siendo implementando en diversos centros de salud en apoyo de los pacientes COVID, entre ellos el Hospital Regional de Antofagasta, Posta Central, Hospital del T\u00f3rax, Hospital del Trabajador y Hospital de La Florida; como tambi\u00e9n por pacientes post dados de alta desde sus casas. Para m\u00e1s informaci\u00f3n&nbsp;<a href=\"http:\/\/www.trainfes.com\/\" target=\"_blank\" rel=\"noreferrer noopener\">www.trainfes.com<\/a>&nbsp;y en sus redes sociales @trainfesrehab<\/p>\n","protected":false},"excerpt":{"rendered":"<div class=\"pvc_clear\"><\/div>\n<p id=\"pvc_stats_21724\" class=\"pvc_stats total_only  \" data-element-id=\"21724\" style=\"\"><i class=\"pvc-stats-icon large\" aria-hidden=\"true\"><svg aria-hidden=\"true\" focusable=\"false\" data-prefix=\"far\" data-icon=\"chart-bar\" role=\"img\" xmlns=\"http:\/\/www.w3.org\/2000\/svg\" viewBox=\"0 0 512 512\" class=\"svg-inline--fa fa-chart-bar fa-w-16 fa-2x\"><path fill=\"currentColor\" d=\"M396.8 352h22.4c6.4 0 12.8-6.4 12.8-12.8V108.8c0-6.4-6.4-12.8-12.8-12.8h-22.4c-6.4 0-12.8 6.4-12.8 12.8v230.4c0 6.4 6.4 12.8 12.8 12.8zm-192 0h22.4c6.4 0 12.8-6.4 12.8-12.8V140.8c0-6.4-6.4-12.8-12.8-12.8h-22.4c-6.4 0-12.8 6.4-12.8 12.8v198.4c0 6.4 6.4 12.8 12.8 12.8zm96 0h22.4c6.4 0 12.8-6.4 12.8-12.8V204.8c0-6.4-6.4-12.8-12.8-12.8h-22.4c-6.4 0-12.8 6.4-12.8 12.8v134.4c0 6.4 6.4 12.8 12.8 12.8zM496 400H48V80c0-8.84-7.16-16-16-16H16C7.16 64 0 71.16 0 80v336c0 17.67 14.33 32 32 32h464c8.84 0 16-7.16 16-16v-16c0-8.84-7.16-16-16-16zm-387.2-48h22.4c6.4 0 12.8-6.4 12.8-12.8v-70.4c0-6.4-6.4-12.8-12.8-12.8h-22.4c-6.4 0-12.8 6.4-12.8 12.8v70.4c0 6.4 6.4 12.8 12.8 12.8z\" class=\"\"><\/path><\/svg><\/i> <img loading=\"lazy\" decoding=\"async\" width=\"16\" height=\"16\" alt=\"Loading\" src=\"https:\/\/temucotelevision.cl\/web\/wp-content\/plugins\/page-views-count\/ajax-loader-2x.gif\" border=0 \/><\/p>\n<div class=\"pvc_clear\"><\/div>\n<p>Un gran desaf\u00edo para toda el \u00e1rea de salud, entre ellos los kinesi\u00f3logos, ha sido lo que han vivido desde<\/p>\n","protected":false},"author":1,"featured_media":21725,"comment_status":"open","ping_status":"open","sticky":false,"template":"","format":"standard","meta":{"colormag_page_container_layout":"default_layout","colormag_page_sidebar_layout":"default_layout","footnotes":""},"categories":[101],"tags":[1070,2312],"class_list":["post-21724","post","type-post","status-publish","format-standard","has-post-thumbnail","hentry","category-actualidad","tag-pacientes","tag-pandemia"],"a3_pvc":{"activated":true,"total_views":50,"today_views":0},"_links":{"self":[{"href":"https:\/\/temucotelevision.cl\/web\/wp-json\/wp\/v2\/posts\/21724","targetHints":{"allow":["GET"]}}],"collection":[{"href":"https:\/\/temucotelevision.cl\/web\/wp-json\/wp\/v2\/posts"}],"about":[{"href":"https:\/\/temucotelevision.cl\/web\/wp-json\/wp\/v2\/types\/post"}],"author":[{"embeddable":true,"href":"https:\/\/temucotelevision.cl\/web\/wp-json\/wp\/v2\/users\/1"}],"replies":[{"embeddable":true,"href":"https:\/\/temucotelevision.cl\/web\/wp-json\/wp\/v2\/comments?post=21724"}],"version-history":[{"count":1,"href":"https:\/\/temucotelevision.cl\/web\/wp-json\/wp\/v2\/posts\/21724\/revisions"}],"predecessor-version":[{"id":21726,"href":"https:\/\/temucotelevision.cl\/web\/wp-json\/wp\/v2\/posts\/21724\/revisions\/21726"}],"wp:featuredmedia":[{"embeddable":true,"href":"https:\/\/temucotelevision.cl\/web\/wp-json\/wp\/v2\/media\/21725"}],"wp:attachment":[{"href":"https:\/\/temucotelevision.cl\/web\/wp-json\/wp\/v2\/media?parent=21724"}],"wp:term":[{"taxonomy":"category","embeddable":true,"href":"https:\/\/temucotelevision.cl\/web\/wp-json\/wp\/v2\/categories?post=21724"},{"taxonomy":"post_tag","embeddable":true,"href":"https:\/\/temucotelevision.cl\/web\/wp-json\/wp\/v2\/tags?post=21724"}],"curies":[{"name":"wp","href":"https:\/\/api.w.org\/{rel}","templated":true}]}}