{"id":21721,"date":"2021-05-16T14:59:31","date_gmt":"2021-05-16T17:59:31","guid":{"rendered":"https:\/\/temucotelevision.cl\/web\/?p=21721"},"modified":"2021-05-16T14:59:33","modified_gmt":"2021-05-16T17:59:33","slug":"ocho-extranjeros-fueron-detenidos-por-la-pdi-por-infringir-horario-de-toque-de-queda","status":"publish","type":"post","link":"https:\/\/temucotelevision.cl\/web\/2021\/05\/16\/ocho-extranjeros-fueron-detenidos-por-la-pdi-por-infringir-horario-de-toque-de-queda\/","title":{"rendered":"Ocho extranjeros fueron detenidos por la PDI por infringir horario de toque de queda"},"content":{"rendered":"<div class=\"pvc_clear\"><\/div><p id=\"pvc_stats_21721\" class=\"pvc_stats total_only  \" data-element-id=\"21721\" style=\"\"><i class=\"pvc-stats-icon large\" aria-hidden=\"true\"><svg aria-hidden=\"true\" focusable=\"false\" data-prefix=\"far\" data-icon=\"chart-bar\" role=\"img\" xmlns=\"http:\/\/www.w3.org\/2000\/svg\" viewBox=\"0 0 512 512\" class=\"svg-inline--fa fa-chart-bar fa-w-16 fa-2x\"><path fill=\"currentColor\" d=\"M396.8 352h22.4c6.4 0 12.8-6.4 12.8-12.8V108.8c0-6.4-6.4-12.8-12.8-12.8h-22.4c-6.4 0-12.8 6.4-12.8 12.8v230.4c0 6.4 6.4 12.8 12.8 12.8zm-192 0h22.4c6.4 0 12.8-6.4 12.8-12.8V140.8c0-6.4-6.4-12.8-12.8-12.8h-22.4c-6.4 0-12.8 6.4-12.8 12.8v198.4c0 6.4 6.4 12.8 12.8 12.8zm96 0h22.4c6.4 0 12.8-6.4 12.8-12.8V204.8c0-6.4-6.4-12.8-12.8-12.8h-22.4c-6.4 0-12.8 6.4-12.8 12.8v134.4c0 6.4 6.4 12.8 12.8 12.8zM496 400H48V80c0-8.84-7.16-16-16-16H16C7.16 64 0 71.16 0 80v336c0 17.67 14.33 32 32 32h464c8.84 0 16-7.16 16-16v-16c0-8.84-7.16-16-16-16zm-387.2-48h22.4c6.4 0 12.8-6.4 12.8-12.8v-70.4c0-6.4-6.4-12.8-12.8-12.8h-22.4c-6.4 0-12.8 6.4-12.8 12.8v70.4c0 6.4 6.4 12.8 12.8 12.8z\" class=\"\"><\/path><\/svg><\/i> <img loading=\"lazy\" decoding=\"async\" width=\"16\" height=\"16\" alt=\"Loading\" src=\"https:\/\/temucotelevision.cl\/web\/wp-content\/plugins\/page-views-count\/ajax-loader-2x.gif\" border=0 \/><\/p><div class=\"pvc_clear\"><\/div>\n<p>Detectives del Departamento de Migraciones y Polic\u00eda Internacional de la Polic\u00eda de Investigaciones, detuvieron a ocho ciudadanos de nacionalidad ecuatoriana por infringir el art\u00edculo 318 de C\u00f3digo Penal, quienes se habr\u00edan encontrado disputando un partido de f\u00fatbol y bebiendo alcohol en horario de toque de queda.<\/p>\n\n\n\n<p>Alrededor de las 22:50 horas, de ayer &#8211; viernes 14 de mayo-, personal del Servicio de Salud de Temuco en compa\u00f1\u00eda de funcionarios militares, informaron al personal del Departamento de Migraciones y Polic\u00eda Internacional, que &#8220;en el sector San Antonio, en una cancha de f\u00fatbol, hab\u00edan m\u00e1s de 30 personas, quienes al ver la presencia del personal militar y de la Seremi de Salud, se dieron a la fuga, no obstante, ocho de ellas fueron fiscalizadas en el lugar, logrando establecer que corresponden a ciudadanos extranjeros&#8221;, indic\u00f3 el comisario Leonardo Contreras, jefe subrogante del Departamento de Migraciones y Polic\u00eda Internacional de la PDI Temuco.<\/p>\n\n\n\n<p>Una vez trasladados hasta el cuartel policial, se constata que todos corresponden a ciudadanos ecuatorianos con situaci\u00f3n migratoria al d\u00eda y en proceso de regularizaci\u00f3n.<\/p>\n\n\n\n<p>&#8220;Conforme a lo anterior, y en virtud al relato aportado por personal de salud, en el sentido de haber sido encontrados participando en una presunta reuni\u00f3n donde se super\u00f3 el aforo permitido en horario de toque de queda, se tom\u00f3 contacto con la fiscal de turno, quien determin\u00f3 que\u00a0 los detenidos fueran dejados en libertad apercibidos del art\u00edculo 26 del C\u00f3digo Penal en espera de citaci\u00f3n&#8221;, finaliz\u00f3 el comisario Contreras.<\/p>\n","protected":false},"excerpt":{"rendered":"<div class=\"pvc_clear\"><\/div>\n<p id=\"pvc_stats_21721\" class=\"pvc_stats total_only  \" data-element-id=\"21721\" style=\"\"><i class=\"pvc-stats-icon large\" aria-hidden=\"true\"><svg aria-hidden=\"true\" focusable=\"false\" data-prefix=\"far\" data-icon=\"chart-bar\" role=\"img\" xmlns=\"http:\/\/www.w3.org\/2000\/svg\" viewBox=\"0 0 512 512\" class=\"svg-inline--fa fa-chart-bar fa-w-16 fa-2x\"><path fill=\"currentColor\" d=\"M396.8 352h22.4c6.4 0 12.8-6.4 12.8-12.8V108.8c0-6.4-6.4-12.8-12.8-12.8h-22.4c-6.4 0-12.8 6.4-12.8 12.8v230.4c0 6.4 6.4 12.8 12.8 12.8zm-192 0h22.4c6.4 0 12.8-6.4 12.8-12.8V140.8c0-6.4-6.4-12.8-12.8-12.8h-22.4c-6.4 0-12.8 6.4-12.8 12.8v198.4c0 6.4 6.4 12.8 12.8 12.8zm96 0h22.4c6.4 0 12.8-6.4 12.8-12.8V204.8c0-6.4-6.4-12.8-12.8-12.8h-22.4c-6.4 0-12.8 6.4-12.8 12.8v134.4c0 6.4 6.4 12.8 12.8 12.8zM496 400H48V80c0-8.84-7.16-16-16-16H16C7.16 64 0 71.16 0 80v336c0 17.67 14.33 32 32 32h464c8.84 0 16-7.16 16-16v-16c0-8.84-7.16-16-16-16zm-387.2-48h22.4c6.4 0 12.8-6.4 12.8-12.8v-70.4c0-6.4-6.4-12.8-12.8-12.8h-22.4c-6.4 0-12.8 6.4-12.8 12.8v70.4c0 6.4 6.4 12.8 12.8 12.8z\" class=\"\"><\/path><\/svg><\/i> <img loading=\"lazy\" decoding=\"async\" width=\"16\" height=\"16\" alt=\"Loading\" src=\"https:\/\/temucotelevision.cl\/web\/wp-content\/plugins\/page-views-count\/ajax-loader-2x.gif\" border=0 \/><\/p>\n<div class=\"pvc_clear\"><\/div>\n<p>Detectives del Departamento de Migraciones y Polic\u00eda Internacional de la Polic\u00eda de Investigaciones, detuvieron a ocho ciudadanos de nacionalidad ecuatoriana<\/p>\n","protected":false},"author":1,"featured_media":18891,"comment_status":"open","ping_status":"open","sticky":false,"template":"","format":"standard","meta":{"colormag_page_container_layout":"default_layout","colormag_page_sidebar_layout":"default_layout","footnotes":""},"categories":[16],"tags":[2550,1078,76],"class_list":["post-21721","post","type-post","status-publish","format-standard","has-post-thumbnail","hentry","category-policial","tag-extranjeros","tag-horario","tag-pdi"],"a3_pvc":{"activated":true,"total_views":18,"today_views":0},"_links":{"self":[{"href":"https:\/\/temucotelevision.cl\/web\/wp-json\/wp\/v2\/posts\/21721","targetHints":{"allow":["GET"]}}],"collection":[{"href":"https:\/\/temucotelevision.cl\/web\/wp-json\/wp\/v2\/posts"}],"about":[{"href":"https:\/\/temucotelevision.cl\/web\/wp-json\/wp\/v2\/types\/post"}],"author":[{"embeddable":true,"href":"https:\/\/temucotelevision.cl\/web\/wp-json\/wp\/v2\/users\/1"}],"replies":[{"embeddable":true,"href":"https:\/\/temucotelevision.cl\/web\/wp-json\/wp\/v2\/comments?post=21721"}],"version-history":[{"count":1,"href":"https:\/\/temucotelevision.cl\/web\/wp-json\/wp\/v2\/posts\/21721\/revisions"}],"predecessor-version":[{"id":21722,"href":"https:\/\/temucotelevision.cl\/web\/wp-json\/wp\/v2\/posts\/21721\/revisions\/21722"}],"wp:featuredmedia":[{"embeddable":true,"href":"https:\/\/temucotelevision.cl\/web\/wp-json\/wp\/v2\/media\/18891"}],"wp:attachment":[{"href":"https:\/\/temucotelevision.cl\/web\/wp-json\/wp\/v2\/media?parent=21721"}],"wp:term":[{"taxonomy":"category","embeddable":true,"href":"https:\/\/temucotelevision.cl\/web\/wp-json\/wp\/v2\/categories?post=21721"},{"taxonomy":"post_tag","embeddable":true,"href":"https:\/\/temucotelevision.cl\/web\/wp-json\/wp\/v2\/tags?post=21721"}],"curies":[{"name":"wp","href":"https:\/\/api.w.org\/{rel}","templated":true}]}}