{"id":21714,"date":"2021-05-16T10:29:11","date_gmt":"2021-05-16T13:29:11","guid":{"rendered":"https:\/\/temucotelevision.cl\/web\/?p=21714"},"modified":"2021-05-16T10:29:13","modified_gmt":"2021-05-16T13:29:13","slug":"gendarmeria-ayuda-a-chile-iii-funcionarios-de-la-araucania-participan-de-3ra-campana-solidaria","status":"publish","type":"post","link":"https:\/\/temucotelevision.cl\/web\/2021\/05\/16\/gendarmeria-ayuda-a-chile-iii-funcionarios-de-la-araucania-participan-de-3ra-campana-solidaria\/","title":{"rendered":"\u201cGendarmer\u00eda Ayuda a Chile III\u201d: Funcionarios de La Araucan\u00eda participan de 3ra campa\u00f1a solidaria"},"content":{"rendered":"<div class=\"pvc_clear\"><\/div><p id=\"pvc_stats_21714\" class=\"pvc_stats total_only  \" data-element-id=\"21714\" style=\"\"><i class=\"pvc-stats-icon large\" aria-hidden=\"true\"><svg aria-hidden=\"true\" focusable=\"false\" data-prefix=\"far\" data-icon=\"chart-bar\" role=\"img\" xmlns=\"http:\/\/www.w3.org\/2000\/svg\" viewBox=\"0 0 512 512\" class=\"svg-inline--fa fa-chart-bar fa-w-16 fa-2x\"><path fill=\"currentColor\" d=\"M396.8 352h22.4c6.4 0 12.8-6.4 12.8-12.8V108.8c0-6.4-6.4-12.8-12.8-12.8h-22.4c-6.4 0-12.8 6.4-12.8 12.8v230.4c0 6.4 6.4 12.8 12.8 12.8zm-192 0h22.4c6.4 0 12.8-6.4 12.8-12.8V140.8c0-6.4-6.4-12.8-12.8-12.8h-22.4c-6.4 0-12.8 6.4-12.8 12.8v198.4c0 6.4 6.4 12.8 12.8 12.8zm96 0h22.4c6.4 0 12.8-6.4 12.8-12.8V204.8c0-6.4-6.4-12.8-12.8-12.8h-22.4c-6.4 0-12.8 6.4-12.8 12.8v134.4c0 6.4 6.4 12.8 12.8 12.8zM496 400H48V80c0-8.84-7.16-16-16-16H16C7.16 64 0 71.16 0 80v336c0 17.67 14.33 32 32 32h464c8.84 0 16-7.16 16-16v-16c0-8.84-7.16-16-16-16zm-387.2-48h22.4c6.4 0 12.8-6.4 12.8-12.8v-70.4c0-6.4-6.4-12.8-12.8-12.8h-22.4c-6.4 0-12.8 6.4-12.8 12.8v70.4c0 6.4 6.4 12.8 12.8 12.8z\" class=\"\"><\/path><\/svg><\/i> <img loading=\"lazy\" decoding=\"async\" width=\"16\" height=\"16\" alt=\"Loading\" src=\"https:\/\/temucotelevision.cl\/web\/wp-content\/plugins\/page-views-count\/ajax-loader-2x.gif\" border=0 \/><\/p><div class=\"pvc_clear\"><\/div>\n<p><em>La totalidad de las Unidades Penales y Especiales de la Regi\u00f3n aportaron un total de 1.598 kilos de v\u00edveres, elementos de higiene personal, le\u00f1a y materiales de construcci\u00f3n a familias vulnerables de La Araucan\u00eda.&nbsp;&nbsp;&nbsp;<\/em><\/p>\n\n\n\n<p>La iniciativa solidaria encomendada por tercera vez por el Director Nacional Coronel Christian Alveal, correspondi\u00f3 a una campa\u00f1a denominada \u201cGendarmer\u00eda Ayuda a Chile III\u201d donde todos los funcionarios del pa\u00eds, civiles y uniformados, apoyaron a instituciones, organizaciones y a familias con riesgo social, para enfrentar los dif\u00edciles momentos que vivimos producto del COVID-19.&nbsp;&nbsp;<\/p>\n\n\n\n<p>Las donaciones entregadas conten\u00edan diversos productos, entre los que destacamos alimentos perecibles y no perecibles, verduras, frutas, quintales de harina, \u00fatiles de Aseo, pa\u00f1ales, le\u00f1a, materiales de construcci\u00f3n, entre otros, los que fueron reunidos por cada Establecimiento Penitenciario, quienes escogieron a quienes beneficiar, luego de un levantamiento de necesidades dentro de cada una de sus comunas o sectores cercanos.&nbsp;&nbsp;<\/p>\n\n\n\n<p>Con la finalidad de destacar la labor realizada por los funcionarios, el Jefe Operativo Regional coronel Pedro Sanhueza, junto al Alcaide de la Unidad Penal de Temuco Teniente Coronel H\u00e9ctor Inostroza, se trasladaron a una Iglesia que funciona como acopio para la agrupaci\u00f3n de Ollas Comunes de Temuco, para hacer entrega de lo recolectado por el personal de la Direcci\u00f3n Regional de Gendarmer\u00eda y del Centro de Cumplimiento Penitenciario de Temuco.&nbsp;&nbsp;<\/p>\n\n\n\n<p>Al respecto, el Jefe Operativo Regional se dirigi\u00f3 a las voluntarias se\u00f1alando \u201cEstamos muy contentos de haber recolectado este aporte en mercader\u00eda, la que va en beneficio a muchas familias vulnerables de la Regi\u00f3n de La Araucan\u00eda. Como instituci\u00f3n siempre nos hemos comprometido con la comunidad y esta es s\u00f3lo una muestra de solidaridad de cada uno de los funcionarios y funcionarias de Gendarmer\u00eda de Chile de toda la Regi\u00f3n\u201d.&nbsp;&nbsp;<\/p>\n\n\n\n<p>Por su parte, una de las voluntarias que lidera la agrupaci\u00f3n de Ollas Comunes de Temuco, es la asistente social Pamela Garc\u00eda quien destac\u00f3 \u201cEsta es la primera Instituci\u00f3n que nos ayuda de manera tan desinteresada, agradecemos de coraz\u00f3n el aporte, porque nos permitir\u00e1 seguir adelante con este hermoso proyecto que s\u00f3lo busca apoyar a quienes no lo est\u00e1n pasando bien con esta pandemia\u201d.&nbsp;&nbsp;<\/p>\n\n\n\n<p>Dentro de las instituciones beneficiadas a nivel Regional podemos destacar la Agrupaci\u00f3n de Ollas Comunes de Temuco, Olla Com\u00fan del sector bajo de Traigu\u00e9n, Casa de Reposo Refugio Emaus de Angol, Ayudas Sociales de la Ilustre Municipalidad de Victoria, Albergue Municipal de Angol, Hogar San Vicente de Paul de Angol y Familias vulnerables de Temuco, Nueva Imperial, Lautaro, Collipulli, Pitrufqu\u00e9n, Villarrica, Curacaut\u00edn, Traigu\u00e9n y Chol Chol.\u00a0<\/p>\n\n\n\n<figure class=\"wp-block-image size-large is-style-default\"><img loading=\"lazy\" decoding=\"async\" width=\"1024\" height=\"768\" src=\"https:\/\/temucotelevision.cl\/web\/wp-content\/uploads\/2021\/05\/Gendarmeria2-1024x768.jpg\" alt=\"\" class=\"wp-image-21716\" srcset=\"https:\/\/temucotelevision.cl\/web\/wp-content\/uploads\/2021\/05\/Gendarmeria2-1024x768.jpg 1024w, https:\/\/temucotelevision.cl\/web\/wp-content\/uploads\/2021\/05\/Gendarmeria2-768x576.jpg 768w, https:\/\/temucotelevision.cl\/web\/wp-content\/uploads\/2021\/05\/Gendarmeria2.jpg 1040w\" sizes=\"auto, (max-width: 1024px) 100vw, 1024px\" \/><\/figure>\n","protected":false},"excerpt":{"rendered":"<div class=\"pvc_clear\"><\/div>\n<p id=\"pvc_stats_21714\" class=\"pvc_stats total_only  \" data-element-id=\"21714\" style=\"\"><i class=\"pvc-stats-icon large\" aria-hidden=\"true\"><svg aria-hidden=\"true\" focusable=\"false\" data-prefix=\"far\" data-icon=\"chart-bar\" role=\"img\" xmlns=\"http:\/\/www.w3.org\/2000\/svg\" viewBox=\"0 0 512 512\" class=\"svg-inline--fa fa-chart-bar fa-w-16 fa-2x\"><path fill=\"currentColor\" d=\"M396.8 352h22.4c6.4 0 12.8-6.4 12.8-12.8V108.8c0-6.4-6.4-12.8-12.8-12.8h-22.4c-6.4 0-12.8 6.4-12.8 12.8v230.4c0 6.4 6.4 12.8 12.8 12.8zm-192 0h22.4c6.4 0 12.8-6.4 12.8-12.8V140.8c0-6.4-6.4-12.8-12.8-12.8h-22.4c-6.4 0-12.8 6.4-12.8 12.8v198.4c0 6.4 6.4 12.8 12.8 12.8zm96 0h22.4c6.4 0 12.8-6.4 12.8-12.8V204.8c0-6.4-6.4-12.8-12.8-12.8h-22.4c-6.4 0-12.8 6.4-12.8 12.8v134.4c0 6.4 6.4 12.8 12.8 12.8zM496 400H48V80c0-8.84-7.16-16-16-16H16C7.16 64 0 71.16 0 80v336c0 17.67 14.33 32 32 32h464c8.84 0 16-7.16 16-16v-16c0-8.84-7.16-16-16-16zm-387.2-48h22.4c6.4 0 12.8-6.4 12.8-12.8v-70.4c0-6.4-6.4-12.8-12.8-12.8h-22.4c-6.4 0-12.8 6.4-12.8 12.8v70.4c0 6.4 6.4 12.8 12.8 12.8z\" class=\"\"><\/path><\/svg><\/i> <img loading=\"lazy\" decoding=\"async\" width=\"16\" height=\"16\" alt=\"Loading\" src=\"https:\/\/temucotelevision.cl\/web\/wp-content\/plugins\/page-views-count\/ajax-loader-2x.gif\" border=0 \/><\/p>\n<div class=\"pvc_clear\"><\/div>\n<p>La totalidad de las Unidades Penales y Especiales de la Regi\u00f3n aportaron un total de 1.598 kilos de v\u00edveres, elementos<\/p>\n","protected":false},"author":1,"featured_media":21715,"comment_status":"open","ping_status":"open","sticky":false,"template":"","format":"standard","meta":{"colormag_page_container_layout":"default_layout","colormag_page_sidebar_layout":"default_layout","footnotes":""},"categories":[14],"tags":[532,326],"class_list":["post-21714","post","type-post","status-publish","format-standard","has-post-thumbnail","hentry","category-temuco","tag-campana","tag-gendarmeria"],"a3_pvc":{"activated":true,"total_views":39,"today_views":0},"_links":{"self":[{"href":"https:\/\/temucotelevision.cl\/web\/wp-json\/wp\/v2\/posts\/21714","targetHints":{"allow":["GET"]}}],"collection":[{"href":"https:\/\/temucotelevision.cl\/web\/wp-json\/wp\/v2\/posts"}],"about":[{"href":"https:\/\/temucotelevision.cl\/web\/wp-json\/wp\/v2\/types\/post"}],"author":[{"embeddable":true,"href":"https:\/\/temucotelevision.cl\/web\/wp-json\/wp\/v2\/users\/1"}],"replies":[{"embeddable":true,"href":"https:\/\/temucotelevision.cl\/web\/wp-json\/wp\/v2\/comments?post=21714"}],"version-history":[{"count":1,"href":"https:\/\/temucotelevision.cl\/web\/wp-json\/wp\/v2\/posts\/21714\/revisions"}],"predecessor-version":[{"id":21717,"href":"https:\/\/temucotelevision.cl\/web\/wp-json\/wp\/v2\/posts\/21714\/revisions\/21717"}],"wp:featuredmedia":[{"embeddable":true,"href":"https:\/\/temucotelevision.cl\/web\/wp-json\/wp\/v2\/media\/21715"}],"wp:attachment":[{"href":"https:\/\/temucotelevision.cl\/web\/wp-json\/wp\/v2\/media?parent=21714"}],"wp:term":[{"taxonomy":"category","embeddable":true,"href":"https:\/\/temucotelevision.cl\/web\/wp-json\/wp\/v2\/categories?post=21714"},{"taxonomy":"post_tag","embeddable":true,"href":"https:\/\/temucotelevision.cl\/web\/wp-json\/wp\/v2\/tags?post=21714"}],"curies":[{"name":"wp","href":"https:\/\/api.w.org\/{rel}","templated":true}]}}