{"id":21711,"date":"2021-05-16T10:16:03","date_gmt":"2021-05-16T13:16:03","guid":{"rendered":"https:\/\/temucotelevision.cl\/web\/?p=21711"},"modified":"2021-05-16T10:16:06","modified_gmt":"2021-05-16T13:16:06","slug":"dirigentes-insisten-a-gobernadora-en-apertura-de-bien-nacional-de-uso-publico-en-la-puntilla-de-villarrica","status":"publish","type":"post","link":"https:\/\/temucotelevision.cl\/web\/2021\/05\/16\/dirigentes-insisten-a-gobernadora-en-apertura-de-bien-nacional-de-uso-publico-en-la-puntilla-de-villarrica\/","title":{"rendered":"Dirigentes insisten a Gobernadora en apertura de bien nacional de uso p\u00fablico en la Puntilla de Villarrica"},"content":{"rendered":"<div class=\"pvc_clear\"><\/div><p id=\"pvc_stats_21711\" class=\"pvc_stats total_only  \" data-element-id=\"21711\" style=\"\"><i class=\"pvc-stats-icon large\" aria-hidden=\"true\"><svg aria-hidden=\"true\" focusable=\"false\" data-prefix=\"far\" data-icon=\"chart-bar\" role=\"img\" xmlns=\"http:\/\/www.w3.org\/2000\/svg\" viewBox=\"0 0 512 512\" class=\"svg-inline--fa fa-chart-bar fa-w-16 fa-2x\"><path fill=\"currentColor\" d=\"M396.8 352h22.4c6.4 0 12.8-6.4 12.8-12.8V108.8c0-6.4-6.4-12.8-12.8-12.8h-22.4c-6.4 0-12.8 6.4-12.8 12.8v230.4c0 6.4 6.4 12.8 12.8 12.8zm-192 0h22.4c6.4 0 12.8-6.4 12.8-12.8V140.8c0-6.4-6.4-12.8-12.8-12.8h-22.4c-6.4 0-12.8 6.4-12.8 12.8v198.4c0 6.4 6.4 12.8 12.8 12.8zm96 0h22.4c6.4 0 12.8-6.4 12.8-12.8V204.8c0-6.4-6.4-12.8-12.8-12.8h-22.4c-6.4 0-12.8 6.4-12.8 12.8v134.4c0 6.4 6.4 12.8 12.8 12.8zM496 400H48V80c0-8.84-7.16-16-16-16H16C7.16 64 0 71.16 0 80v336c0 17.67 14.33 32 32 32h464c8.84 0 16-7.16 16-16v-16c0-8.84-7.16-16-16-16zm-387.2-48h22.4c6.4 0 12.8-6.4 12.8-12.8v-70.4c0-6.4-6.4-12.8-12.8-12.8h-22.4c-6.4 0-12.8 6.4-12.8 12.8v70.4c0 6.4 6.4 12.8 12.8 12.8z\" class=\"\"><\/path><\/svg><\/i> <img loading=\"lazy\" decoding=\"async\" width=\"16\" height=\"16\" alt=\"Loading\" src=\"https:\/\/temucotelevision.cl\/web\/wp-content\/plugins\/page-views-count\/ajax-loader-2x.gif\" border=0 \/><\/p><div class=\"pvc_clear\"><\/div>\n<p><strong><em>La acci\u00f3n es requerida adem\u00e1s desde Contralor\u00eda y la Direcci\u00f3n de Obras del Municipio<\/em><\/strong><\/p>\n\n\n\n<p>Los dirigentes del Movimiento Confluencia Lacustre (MCL) y Uni\u00f3n de Organizaciones Lacustres de Villarrica (UDOL), junto al Core Daniel Sandoval (FREVS) insistieron en reuni\u00f3n con la Gobernadora Constanza Marchant por la apertura del bien nacional de uso p\u00fablico usurpado en el sector la Puntilla, esto tras sendos oficios y requerimientos formulados por Contralor\u00eda y por el propio municipio de la comuna.<\/p>\n\n\n\n<p>Raul Landini, vocero del movimiento confluencia lacustre sostuvo que \u201cdesde los a\u00f1os 90 que esto se ocup\u00f3 de manera ilegal por privados y empresas inmobiliarias, sin que las autoridades pasadas y de turno formularan las acciones y descargos ante las instituciones, es por ello que hoy valoramos que la gobernadora eval\u00fae los antecedentes y ya anticipe una pronta apertura de un espacio que le pertenece a toda la comunidad villarricense\u201d.<\/p>\n\n\n\n<p>En tanto, Marcelo Bermedo y Omar Ortiz de UDOL, uni\u00f3n de organizaciones lacustres comentaron que \u201cdespu\u00e9s de 30 a\u00f1os esperamos esta apertura, por lo que la gobernadora solo debe ir con la fuerza p\u00fablica a abrir y restitutir velando para que este espacio negado por d\u00e9cadas vuelva a estar a disposici\u00f3n de la comunidad local, turistas y familias, de lo contrario estamos evaluando acciones jur\u00eddicas si no se procede de acuerdo a las facultades que le otorga la ley\u201d<\/p>\n\n\n\n<p>Daniel Sandoval, Consejero Regional de La Araucan\u00eda (FREVS) sostuvo que \u201cparece que hay una vara pol\u00edtica distinta cuando el gobierno solicita las fuerzas policiales para desalojar campamentos o reprimir a comunidades en procesos de recuperaci\u00f3n, que para aperturar este bien que le pertenece a Villarrica y la regi\u00f3n. No les teman a los apellidos y al poder econ\u00f3mico que por d\u00e9cadas han controlado los destinos de nuestra regi\u00f3n y que se abra este bien p\u00fablico para todas y todos\u201d.<\/p>\n\n\n\n<p>Por \u00faltimo, el Core valor\u00f3 la perseverancia e insistencia de los dirigentes, \u201cquienes en este proceso han entregado&nbsp;firmas y han dialogado con la Gobernadora para que en las pr\u00f3ximas semanas se ejecute este hito que viene a hacer justicia territorial con quienes por a\u00f1os han sido tratados como habitantes de segunda categor\u00eda\u201d.<\/p>\n","protected":false},"excerpt":{"rendered":"<div class=\"pvc_clear\"><\/div>\n<p id=\"pvc_stats_21711\" class=\"pvc_stats total_only  \" data-element-id=\"21711\" style=\"\"><i class=\"pvc-stats-icon large\" aria-hidden=\"true\"><svg aria-hidden=\"true\" focusable=\"false\" data-prefix=\"far\" data-icon=\"chart-bar\" role=\"img\" xmlns=\"http:\/\/www.w3.org\/2000\/svg\" viewBox=\"0 0 512 512\" class=\"svg-inline--fa fa-chart-bar fa-w-16 fa-2x\"><path fill=\"currentColor\" d=\"M396.8 352h22.4c6.4 0 12.8-6.4 12.8-12.8V108.8c0-6.4-6.4-12.8-12.8-12.8h-22.4c-6.4 0-12.8 6.4-12.8 12.8v230.4c0 6.4 6.4 12.8 12.8 12.8zm-192 0h22.4c6.4 0 12.8-6.4 12.8-12.8V140.8c0-6.4-6.4-12.8-12.8-12.8h-22.4c-6.4 0-12.8 6.4-12.8 12.8v198.4c0 6.4 6.4 12.8 12.8 12.8zm96 0h22.4c6.4 0 12.8-6.4 12.8-12.8V204.8c0-6.4-6.4-12.8-12.8-12.8h-22.4c-6.4 0-12.8 6.4-12.8 12.8v134.4c0 6.4 6.4 12.8 12.8 12.8zM496 400H48V80c0-8.84-7.16-16-16-16H16C7.16 64 0 71.16 0 80v336c0 17.67 14.33 32 32 32h464c8.84 0 16-7.16 16-16v-16c0-8.84-7.16-16-16-16zm-387.2-48h22.4c6.4 0 12.8-6.4 12.8-12.8v-70.4c0-6.4-6.4-12.8-12.8-12.8h-22.4c-6.4 0-12.8 6.4-12.8 12.8v70.4c0 6.4 6.4 12.8 12.8 12.8z\" class=\"\"><\/path><\/svg><\/i> <img loading=\"lazy\" decoding=\"async\" width=\"16\" height=\"16\" alt=\"Loading\" src=\"https:\/\/temucotelevision.cl\/web\/wp-content\/plugins\/page-views-count\/ajax-loader-2x.gif\" border=0 \/><\/p>\n<div class=\"pvc_clear\"><\/div>\n<p>La acci\u00f3n es requerida adem\u00e1s desde Contralor\u00eda y la Direcci\u00f3n de Obras del Municipio Los dirigentes del Movimiento Confluencia Lacustre<\/p>\n","protected":false},"author":1,"featured_media":21712,"comment_status":"open","ping_status":"open","sticky":false,"template":"","format":"standard","meta":{"colormag_page_container_layout":"default_layout","colormag_page_sidebar_layout":"default_layout","footnotes":""},"categories":[15],"tags":[2911,3598],"class_list":["post-21711","post","type-post","status-publish","format-standard","has-post-thumbnail","hentry","category-la-araucania","tag-apertura","tag-puntilla"],"a3_pvc":{"activated":true,"total_views":17,"today_views":0},"_links":{"self":[{"href":"https:\/\/temucotelevision.cl\/web\/wp-json\/wp\/v2\/posts\/21711","targetHints":{"allow":["GET"]}}],"collection":[{"href":"https:\/\/temucotelevision.cl\/web\/wp-json\/wp\/v2\/posts"}],"about":[{"href":"https:\/\/temucotelevision.cl\/web\/wp-json\/wp\/v2\/types\/post"}],"author":[{"embeddable":true,"href":"https:\/\/temucotelevision.cl\/web\/wp-json\/wp\/v2\/users\/1"}],"replies":[{"embeddable":true,"href":"https:\/\/temucotelevision.cl\/web\/wp-json\/wp\/v2\/comments?post=21711"}],"version-history":[{"count":1,"href":"https:\/\/temucotelevision.cl\/web\/wp-json\/wp\/v2\/posts\/21711\/revisions"}],"predecessor-version":[{"id":21713,"href":"https:\/\/temucotelevision.cl\/web\/wp-json\/wp\/v2\/posts\/21711\/revisions\/21713"}],"wp:featuredmedia":[{"embeddable":true,"href":"https:\/\/temucotelevision.cl\/web\/wp-json\/wp\/v2\/media\/21712"}],"wp:attachment":[{"href":"https:\/\/temucotelevision.cl\/web\/wp-json\/wp\/v2\/media?parent=21711"}],"wp:term":[{"taxonomy":"category","embeddable":true,"href":"https:\/\/temucotelevision.cl\/web\/wp-json\/wp\/v2\/categories?post=21711"},{"taxonomy":"post_tag","embeddable":true,"href":"https:\/\/temucotelevision.cl\/web\/wp-json\/wp\/v2\/tags?post=21711"}],"curies":[{"name":"wp","href":"https:\/\/api.w.org\/{rel}","templated":true}]}}