{"id":21708,"date":"2021-05-16T10:07:40","date_gmt":"2021-05-16T13:07:40","guid":{"rendered":"https:\/\/temucotelevision.cl\/web\/?p=21708"},"modified":"2021-05-16T10:07:43","modified_gmt":"2021-05-16T13:07:43","slug":"mana-nos-presenta-su-nuevo-sencillo-eres-mi-religion-joy-estrenado-a-nivel-mundial","status":"publish","type":"post","link":"https:\/\/temucotelevision.cl\/web\/2021\/05\/16\/mana-nos-presenta-su-nuevo-sencillo-eres-mi-religion-joy-estrenado-a-nivel-mundial\/","title":{"rendered":"Man\u00e1 nos presenta su nuevo sencillo &#8220;Eres mi religi\u00f3n&#8221; + Joy, estrenado a nivel mundial"},"content":{"rendered":"<div class=\"pvc_clear\"><\/div><p id=\"pvc_stats_21708\" class=\"pvc_stats total_only  \" data-element-id=\"21708\" style=\"\"><i class=\"pvc-stats-icon large\" aria-hidden=\"true\"><svg aria-hidden=\"true\" focusable=\"false\" data-prefix=\"far\" data-icon=\"chart-bar\" role=\"img\" xmlns=\"http:\/\/www.w3.org\/2000\/svg\" viewBox=\"0 0 512 512\" class=\"svg-inline--fa fa-chart-bar fa-w-16 fa-2x\"><path fill=\"currentColor\" d=\"M396.8 352h22.4c6.4 0 12.8-6.4 12.8-12.8V108.8c0-6.4-6.4-12.8-12.8-12.8h-22.4c-6.4 0-12.8 6.4-12.8 12.8v230.4c0 6.4 6.4 12.8 12.8 12.8zm-192 0h22.4c6.4 0 12.8-6.4 12.8-12.8V140.8c0-6.4-6.4-12.8-12.8-12.8h-22.4c-6.4 0-12.8 6.4-12.8 12.8v198.4c0 6.4 6.4 12.8 12.8 12.8zm96 0h22.4c6.4 0 12.8-6.4 12.8-12.8V204.8c0-6.4-6.4-12.8-12.8-12.8h-22.4c-6.4 0-12.8 6.4-12.8 12.8v134.4c0 6.4 6.4 12.8 12.8 12.8zM496 400H48V80c0-8.84-7.16-16-16-16H16C7.16 64 0 71.16 0 80v336c0 17.67 14.33 32 32 32h464c8.84 0 16-7.16 16-16v-16c0-8.84-7.16-16-16-16zm-387.2-48h22.4c6.4 0 12.8-6.4 12.8-12.8v-70.4c0-6.4-6.4-12.8-12.8-12.8h-22.4c-6.4 0-12.8 6.4-12.8 12.8v70.4c0 6.4 6.4 12.8 12.8 12.8z\" class=\"\"><\/path><\/svg><\/i> <img loading=\"lazy\" decoding=\"async\" width=\"16\" height=\"16\" alt=\"Loading\" src=\"https:\/\/temucotelevision.cl\/web\/wp-content\/plugins\/page-views-count\/ajax-loader-2x.gif\" border=0 \/><\/p><div class=\"pvc_clear\"><\/div>\n<p><strong>El video oficial fue estrenado hoy en su canal oficial de YouTube y en todas las plataformas digitales.<\/strong><\/p>\n\n\n\n<iframe loading=\"lazy\" width=\"560\" height=\"315\" src=\"https:\/\/www.youtube.com\/embed\/sD05Rgzpuvk\" title=\"YouTube video player\" frameborder=\"0\" allow=\"accelerometer; autoplay; clipboard-write; encrypted-media; gyroscope; picture-in-picture\" allowfullscreen><\/iframe>\n\n\n\n<p>\u201cERES MI RELIGI\u00d3N\u201d + Joy, es el nuevo sencillo que acompa\u00f1a al proyecto de colaboraciones de MAN\u00c1, mismo que inici\u00f3 en 2019 con Pablo Albor\u00e1n \u201cRayando el sol\u201d y Sebastian Yatra \u201cNo ha parado de llover\u201d, y que ahora contin\u00faa con \u201cERES MI RELIGI\u00d3N\u201d + Joy, una ambiciosa idea en la que la banda revisitar\u00e1 algunas de sus m\u00e1s grandes canciones, acompa\u00f1ados de reconocidos y diversos artistas de la m\u00fasica.<\/p>\n\n\n\n<p>\u201cERES MI RELIGI\u00d3N\u201d + Joy, es una poderosa balada que FHER cataloga como:&nbsp;<em>\u201cuna de mis composiciones m\u00e1s espirituales\u201d<\/em>&nbsp;y que fue incluida inicialmente en el \u00e1lbum \u201cRevoluci\u00f3n de Amor\u201d (2002). En esta nueva versi\u00f3n, la fusi\u00f3n de las voces de FHER y JOY es simplemente espectacular y es de las pocas, y\/o casi \u00fanicas colaboraciones que la banda ha realizado con mujeres.<\/p>\n\n\n\n<p><em>\u201cEstamos haciendo invitaciones a artistas de mucha calidad que musicalmente tengan mucho que aportar. La voz de Joy es divina y hubo muy buena qu\u00edmica; las voces se nutren bien una con la otra y ella es una chava que adem\u00e1s tiene mucha calidad en su color de voz y en la forma de expresar lo que est\u00e1 cantando. A nosotros personalmente nos encant\u00f3 la versi\u00f3n, tiene esa onda, linda y muy espiritual. \u00a1Qued\u00f3 de poca madre!\u201d,<\/em>&nbsp;afirma FHER, l\u00edder de la banda.<\/p>\n\n\n\n<p>Al respecto JOY, agrega&nbsp;<em>\u201cLa invitaci\u00f3n para participar en ERES MI RELIGI\u00d3N, naci\u00f3 de una llamada, me metieron en un chat con ellos y me preguntaron si me gustar\u00eda participar en esta nueva versi\u00f3n y por supuesto que la respuesta fue que s\u00ed. Para m\u00ed es un placer trabajar con estos tremendos talentos, MAN\u00c1 es un nombre que resuena en todo el mundo, es una banda \u00edcono de este pa\u00eds. M\u00e9xico ha exportado a una banda maravillosa y ha sido incre\u00edble el poder crecer escuchando su m\u00fasica y ahora, unos cuantos a\u00f1os despu\u00e9s, encontrarme con ellos participando en un tema tan emblem\u00e1tico como ERES MI RELIGI\u00d3N. Los invito a que la escuchen porque hay mucho cari\u00f1o detr\u00e1s de este tema y creo que les va a gustar mucho\u201d.<\/em><\/p>\n\n\n\n<p>Recientemente MAN\u00c1 visit\u00f3 la Ciudad de M\u00e9xico para filmar en los Foros EPIC de esa ciudad el video oficial de \u201cERES MI RELIGI\u00d3N\u201d + Joy, el cual fue dirigido por el cineasta Andr\u00e9s Iba\u00f1ez. En este video se representa el amor eterno a trav\u00e9s de una pareja de bailarines, Ana Elisa Mena (primera bailarina de la Compa\u00f1\u00eda Nacional de Danza de M\u00e9xico) y Roberto Rodriguez (primer solista de la Compa\u00f1\u00eda Nacional de Danza). Sin duda, una pieza cargada de emociones que le dar\u00e1 a esta nueva versi\u00f3n, una perspectiva m\u00e1s refrescante.<\/p>\n\n\n\n<p>MAN\u00c1 es considerada por la cr\u00edtica como la banda de rock en espa\u00f1ol mexicana m\u00e1s influyente en el mundo; su discograf\u00eda ha sido editada en m\u00e1s de 40 pa\u00edses y cuentan con una trayectoria de m\u00e1s de 35 a\u00f1os de carrera art\u00edstica, m\u00e1s de 50 hits #1 y m\u00e1s de 40 millones de discos vendidos a nivel mundial.<\/p>\n\n\n\n<p>Durante 2016, MAN\u00c1 plasma su estrella en el paseo de la fama de Hollywood y se presentan en concierto en la Casa Blanca, con motivo de los festejos del 5 de mayo. Su gira \u201cLatino Power\u201d es nombrada seg\u00fan el ranking del pollstar en 2016, como la gira latina con mayor boxscore (puntuaci\u00f3n) en los Estados Unidos.&nbsp; M\u00e1s tarde en el a\u00f1o 2018, la academia latina de grabaci\u00f3n, les otorga el reconocimiento como Persona del A\u00f1o 2018. Actualmente y paralelo al lanzamiento de este nuevo sencillo, MAN\u00c1 se encuentra preparando su nueva gira por USA.<\/p>\n","protected":false},"excerpt":{"rendered":"<div class=\"pvc_clear\"><\/div>\n<p id=\"pvc_stats_21708\" class=\"pvc_stats total_only  \" data-element-id=\"21708\" style=\"\"><i class=\"pvc-stats-icon large\" aria-hidden=\"true\"><svg aria-hidden=\"true\" focusable=\"false\" data-prefix=\"far\" data-icon=\"chart-bar\" role=\"img\" xmlns=\"http:\/\/www.w3.org\/2000\/svg\" viewBox=\"0 0 512 512\" class=\"svg-inline--fa fa-chart-bar fa-w-16 fa-2x\"><path fill=\"currentColor\" d=\"M396.8 352h22.4c6.4 0 12.8-6.4 12.8-12.8V108.8c0-6.4-6.4-12.8-12.8-12.8h-22.4c-6.4 0-12.8 6.4-12.8 12.8v230.4c0 6.4 6.4 12.8 12.8 12.8zm-192 0h22.4c6.4 0 12.8-6.4 12.8-12.8V140.8c0-6.4-6.4-12.8-12.8-12.8h-22.4c-6.4 0-12.8 6.4-12.8 12.8v198.4c0 6.4 6.4 12.8 12.8 12.8zm96 0h22.4c6.4 0 12.8-6.4 12.8-12.8V204.8c0-6.4-6.4-12.8-12.8-12.8h-22.4c-6.4 0-12.8 6.4-12.8 12.8v134.4c0 6.4 6.4 12.8 12.8 12.8zM496 400H48V80c0-8.84-7.16-16-16-16H16C7.16 64 0 71.16 0 80v336c0 17.67 14.33 32 32 32h464c8.84 0 16-7.16 16-16v-16c0-8.84-7.16-16-16-16zm-387.2-48h22.4c6.4 0 12.8-6.4 12.8-12.8v-70.4c0-6.4-6.4-12.8-12.8-12.8h-22.4c-6.4 0-12.8 6.4-12.8 12.8v70.4c0 6.4 6.4 12.8 12.8 12.8z\" class=\"\"><\/path><\/svg><\/i> <img loading=\"lazy\" decoding=\"async\" width=\"16\" height=\"16\" alt=\"Loading\" src=\"https:\/\/temucotelevision.cl\/web\/wp-content\/plugins\/page-views-count\/ajax-loader-2x.gif\" border=0 \/><\/p>\n<div class=\"pvc_clear\"><\/div>\n<p>El video oficial fue estrenado hoy en su canal oficial de YouTube y en todas las plataformas digitales. \u201cERES MI<\/p>\n","protected":false},"author":1,"featured_media":21709,"comment_status":"open","ping_status":"open","sticky":false,"template":"","format":"standard","meta":{"colormag_page_container_layout":"default_layout","colormag_page_sidebar_layout":"default_layout","footnotes":""},"categories":[369],"tags":[609,376],"class_list":["post-21708","post","type-post","status-publish","format-standard","has-post-thumbnail","hentry","category-musica","tag-estreno","tag-sencillo"],"a3_pvc":{"activated":true,"total_views":39,"today_views":0},"_links":{"self":[{"href":"https:\/\/temucotelevision.cl\/web\/wp-json\/wp\/v2\/posts\/21708","targetHints":{"allow":["GET"]}}],"collection":[{"href":"https:\/\/temucotelevision.cl\/web\/wp-json\/wp\/v2\/posts"}],"about":[{"href":"https:\/\/temucotelevision.cl\/web\/wp-json\/wp\/v2\/types\/post"}],"author":[{"embeddable":true,"href":"https:\/\/temucotelevision.cl\/web\/wp-json\/wp\/v2\/users\/1"}],"replies":[{"embeddable":true,"href":"https:\/\/temucotelevision.cl\/web\/wp-json\/wp\/v2\/comments?post=21708"}],"version-history":[{"count":1,"href":"https:\/\/temucotelevision.cl\/web\/wp-json\/wp\/v2\/posts\/21708\/revisions"}],"predecessor-version":[{"id":21710,"href":"https:\/\/temucotelevision.cl\/web\/wp-json\/wp\/v2\/posts\/21708\/revisions\/21710"}],"wp:featuredmedia":[{"embeddable":true,"href":"https:\/\/temucotelevision.cl\/web\/wp-json\/wp\/v2\/media\/21709"}],"wp:attachment":[{"href":"https:\/\/temucotelevision.cl\/web\/wp-json\/wp\/v2\/media?parent=21708"}],"wp:term":[{"taxonomy":"category","embeddable":true,"href":"https:\/\/temucotelevision.cl\/web\/wp-json\/wp\/v2\/categories?post=21708"},{"taxonomy":"post_tag","embeddable":true,"href":"https:\/\/temucotelevision.cl\/web\/wp-json\/wp\/v2\/tags?post=21708"}],"curies":[{"name":"wp","href":"https:\/\/api.w.org\/{rel}","templated":true}]}}