{"id":21703,"date":"2021-05-15T13:30:53","date_gmt":"2021-05-15T16:30:53","guid":{"rendered":"https:\/\/temucotelevision.cl\/web\/?p=21703"},"modified":"2021-05-15T13:30:56","modified_gmt":"2021-05-15T16:30:56","slug":"intendente-manoli-recorre-locales-de-votacion-para-constatar-el-desarrollo-de-proceso-de-elecciones","status":"publish","type":"post","link":"https:\/\/temucotelevision.cl\/web\/2021\/05\/15\/intendente-manoli-recorre-locales-de-votacion-para-constatar-el-desarrollo-de-proceso-de-elecciones\/","title":{"rendered":"Intendente Manoli recorre locales de votaci\u00f3n para constatar el desarrollo de proceso de elecciones"},"content":{"rendered":"<div class=\"pvc_clear\"><\/div><p id=\"pvc_stats_21703\" class=\"pvc_stats total_only  \" data-element-id=\"21703\" style=\"\"><i class=\"pvc-stats-icon large\" aria-hidden=\"true\"><svg aria-hidden=\"true\" focusable=\"false\" data-prefix=\"far\" data-icon=\"chart-bar\" role=\"img\" xmlns=\"http:\/\/www.w3.org\/2000\/svg\" viewBox=\"0 0 512 512\" class=\"svg-inline--fa fa-chart-bar fa-w-16 fa-2x\"><path fill=\"currentColor\" d=\"M396.8 352h22.4c6.4 0 12.8-6.4 12.8-12.8V108.8c0-6.4-6.4-12.8-12.8-12.8h-22.4c-6.4 0-12.8 6.4-12.8 12.8v230.4c0 6.4 6.4 12.8 12.8 12.8zm-192 0h22.4c6.4 0 12.8-6.4 12.8-12.8V140.8c0-6.4-6.4-12.8-12.8-12.8h-22.4c-6.4 0-12.8 6.4-12.8 12.8v198.4c0 6.4 6.4 12.8 12.8 12.8zm96 0h22.4c6.4 0 12.8-6.4 12.8-12.8V204.8c0-6.4-6.4-12.8-12.8-12.8h-22.4c-6.4 0-12.8 6.4-12.8 12.8v134.4c0 6.4 6.4 12.8 12.8 12.8zM496 400H48V80c0-8.84-7.16-16-16-16H16C7.16 64 0 71.16 0 80v336c0 17.67 14.33 32 32 32h464c8.84 0 16-7.16 16-16v-16c0-8.84-7.16-16-16-16zm-387.2-48h22.4c6.4 0 12.8-6.4 12.8-12.8v-70.4c0-6.4-6.4-12.8-12.8-12.8h-22.4c-6.4 0-12.8 6.4-12.8 12.8v70.4c0 6.4 6.4 12.8 12.8 12.8z\" class=\"\"><\/path><\/svg><\/i> <img loading=\"lazy\" decoding=\"async\" width=\"16\" height=\"16\" alt=\"Loading\" src=\"https:\/\/temucotelevision.cl\/web\/wp-content\/plugins\/page-views-count\/ajax-loader-2x.gif\" border=0 \/><\/p><div class=\"pvc_clear\"><\/div>\n<p>El intendente V\u00edctor Manoli junto al Jefe Regional de las Fuerzas, general Marcelo Nu\u00f1ez, recorrieron distintos locales de votaci\u00f3n en Temuco y Padre Las Casas, para verificar el normal desarrollo de las elecciones que iniciaron este s\u00e1bado 15 y se extender\u00e1 hasta este domingo 16 de mayo.<\/p>\n\n\n\n<p>En el caso de La Araucan\u00eda, a las 11:30 AM se report\u00f3 que un 92% de las mesas se encuentran instaladas y no se han registrado hechos que impidan o alteren el sufragio.<\/p>\n\n\n\n<p>Por otro lado, la m\u00e1xima autoridad regional confirm\u00f3 que durante la madrugada se registraron tres incidentes menores debido a cortes de ruta ocurridos en la provincia de Malleco, los cuales oblig\u00f3 el trabajo de Carabineros para despejar la ruta, por lo tanto, desde muy temprano ya se encontraba totalmente habilitada.<\/p>\n\n\n\n<p>Al respecto, el intendente V\u00edctor Manoli dijo que \u201cestamos verificando la instalaci\u00f3n de mesas en la Regi\u00f3n y seguiremos recorriendo distintos locales. El llamado es a participar, a ser parte de las elecciones que se desarrollar\u00e1n este fin de semana. Las personas pueden votar este s\u00e1bado o domingo y es muy importante que cuando venga, acuda con su mascarilla, su l\u00e1piz azul y mantenga las distancias correspondientes porque la pandemia no ha acabado\u201d.<\/p>\n\n\n\n<p>Manoli a\u00f1adi\u00f3 que \u201chemos dispuesto que el Seremi M\u00f3vil y el TTA m\u00f3vil se ubique en tres puntos de Temuco y Padre Las Casas durante este fin de semana para realizar PCR gratuitos. Hacemos un llamado a hacerse el test para detectar covid-19 y as\u00ed poder colaborar con la estrategia que estamos realizando para la b\u00fasqueda activa de casos asintom\u00e1ticos\u201d.<\/p>\n\n\n\n<p>La m\u00e1xima autoridad regional continuar\u00e1 monitoreando el normal desarrollo de las elecciones que se est\u00e1n realizando en nuestro pa\u00eds para elegir democr\u00e1ticamente a los constituyentes, gobernadores regionales, alcaldes y concejales.<\/p>\n","protected":false},"excerpt":{"rendered":"<div class=\"pvc_clear\"><\/div>\n<p id=\"pvc_stats_21703\" class=\"pvc_stats total_only  \" data-element-id=\"21703\" style=\"\"><i class=\"pvc-stats-icon large\" aria-hidden=\"true\"><svg aria-hidden=\"true\" focusable=\"false\" data-prefix=\"far\" data-icon=\"chart-bar\" role=\"img\" xmlns=\"http:\/\/www.w3.org\/2000\/svg\" viewBox=\"0 0 512 512\" class=\"svg-inline--fa fa-chart-bar fa-w-16 fa-2x\"><path fill=\"currentColor\" d=\"M396.8 352h22.4c6.4 0 12.8-6.4 12.8-12.8V108.8c0-6.4-6.4-12.8-12.8-12.8h-22.4c-6.4 0-12.8 6.4-12.8 12.8v230.4c0 6.4 6.4 12.8 12.8 12.8zm-192 0h22.4c6.4 0 12.8-6.4 12.8-12.8V140.8c0-6.4-6.4-12.8-12.8-12.8h-22.4c-6.4 0-12.8 6.4-12.8 12.8v198.4c0 6.4 6.4 12.8 12.8 12.8zm96 0h22.4c6.4 0 12.8-6.4 12.8-12.8V204.8c0-6.4-6.4-12.8-12.8-12.8h-22.4c-6.4 0-12.8 6.4-12.8 12.8v134.4c0 6.4 6.4 12.8 12.8 12.8zM496 400H48V80c0-8.84-7.16-16-16-16H16C7.16 64 0 71.16 0 80v336c0 17.67 14.33 32 32 32h464c8.84 0 16-7.16 16-16v-16c0-8.84-7.16-16-16-16zm-387.2-48h22.4c6.4 0 12.8-6.4 12.8-12.8v-70.4c0-6.4-6.4-12.8-12.8-12.8h-22.4c-6.4 0-12.8 6.4-12.8 12.8v70.4c0 6.4 6.4 12.8 12.8 12.8z\" class=\"\"><\/path><\/svg><\/i> <img loading=\"lazy\" decoding=\"async\" width=\"16\" height=\"16\" alt=\"Loading\" src=\"https:\/\/temucotelevision.cl\/web\/wp-content\/plugins\/page-views-count\/ajax-loader-2x.gif\" border=0 \/><\/p>\n<div class=\"pvc_clear\"><\/div>\n<p>El intendente V\u00edctor Manoli junto al Jefe Regional de las Fuerzas, general Marcelo Nu\u00f1ez, recorrieron distintos locales de votaci\u00f3n en<\/p>\n","protected":false},"author":1,"featured_media":21704,"comment_status":"open","ping_status":"open","sticky":false,"template":"","format":"standard","meta":{"colormag_page_container_layout":"default_layout","colormag_page_sidebar_layout":"default_layout","footnotes":""},"categories":[15],"tags":[3577,595,3060],"class_list":["post-21703","post","type-post","status-publish","format-standard","has-post-thumbnail","hentry","category-la-araucania","tag-elecciones","tag-intendente","tag-votacion"],"a3_pvc":{"activated":true,"total_views":19,"today_views":0},"_links":{"self":[{"href":"https:\/\/temucotelevision.cl\/web\/wp-json\/wp\/v2\/posts\/21703","targetHints":{"allow":["GET"]}}],"collection":[{"href":"https:\/\/temucotelevision.cl\/web\/wp-json\/wp\/v2\/posts"}],"about":[{"href":"https:\/\/temucotelevision.cl\/web\/wp-json\/wp\/v2\/types\/post"}],"author":[{"embeddable":true,"href":"https:\/\/temucotelevision.cl\/web\/wp-json\/wp\/v2\/users\/1"}],"replies":[{"embeddable":true,"href":"https:\/\/temucotelevision.cl\/web\/wp-json\/wp\/v2\/comments?post=21703"}],"version-history":[{"count":1,"href":"https:\/\/temucotelevision.cl\/web\/wp-json\/wp\/v2\/posts\/21703\/revisions"}],"predecessor-version":[{"id":21705,"href":"https:\/\/temucotelevision.cl\/web\/wp-json\/wp\/v2\/posts\/21703\/revisions\/21705"}],"wp:featuredmedia":[{"embeddable":true,"href":"https:\/\/temucotelevision.cl\/web\/wp-json\/wp\/v2\/media\/21704"}],"wp:attachment":[{"href":"https:\/\/temucotelevision.cl\/web\/wp-json\/wp\/v2\/media?parent=21703"}],"wp:term":[{"taxonomy":"category","embeddable":true,"href":"https:\/\/temucotelevision.cl\/web\/wp-json\/wp\/v2\/categories?post=21703"},{"taxonomy":"post_tag","embeddable":true,"href":"https:\/\/temucotelevision.cl\/web\/wp-json\/wp\/v2\/tags?post=21703"}],"curies":[{"name":"wp","href":"https:\/\/api.w.org\/{rel}","templated":true}]}}