{"id":21697,"date":"2021-05-15T13:22:02","date_gmt":"2021-05-15T16:22:02","guid":{"rendered":"https:\/\/temucotelevision.cl\/web\/?p=21697"},"modified":"2021-05-15T13:22:05","modified_gmt":"2021-05-15T16:22:05","slug":"ministerio-de-las-culturas-abre-convocatoria-de-los-premios-literarios-2021-con-novedades-en-escrituras-de-la-memoria-y-roberto-bolano","status":"publish","type":"post","link":"https:\/\/temucotelevision.cl\/web\/2021\/05\/15\/ministerio-de-las-culturas-abre-convocatoria-de-los-premios-literarios-2021-con-novedades-en-escrituras-de-la-memoria-y-roberto-bolano\/","title":{"rendered":"Ministerio de las Culturas abre convocatoria de los Premios Literarios 2021 con novedades en Escrituras de la Memoria y Roberto Bola\u00f1o"},"content":{"rendered":"<div class=\"pvc_clear\"><\/div><p id=\"pvc_stats_21697\" class=\"pvc_stats total_only  \" data-element-id=\"21697\" style=\"\"><i class=\"pvc-stats-icon large\" aria-hidden=\"true\"><svg aria-hidden=\"true\" focusable=\"false\" data-prefix=\"far\" data-icon=\"chart-bar\" role=\"img\" xmlns=\"http:\/\/www.w3.org\/2000\/svg\" viewBox=\"0 0 512 512\" class=\"svg-inline--fa fa-chart-bar fa-w-16 fa-2x\"><path fill=\"currentColor\" d=\"M396.8 352h22.4c6.4 0 12.8-6.4 12.8-12.8V108.8c0-6.4-6.4-12.8-12.8-12.8h-22.4c-6.4 0-12.8 6.4-12.8 12.8v230.4c0 6.4 6.4 12.8 12.8 12.8zm-192 0h22.4c6.4 0 12.8-6.4 12.8-12.8V140.8c0-6.4-6.4-12.8-12.8-12.8h-22.4c-6.4 0-12.8 6.4-12.8 12.8v198.4c0 6.4 6.4 12.8 12.8 12.8zm96 0h22.4c6.4 0 12.8-6.4 12.8-12.8V204.8c0-6.4-6.4-12.8-12.8-12.8h-22.4c-6.4 0-12.8 6.4-12.8 12.8v134.4c0 6.4 6.4 12.8 12.8 12.8zM496 400H48V80c0-8.84-7.16-16-16-16H16C7.16 64 0 71.16 0 80v336c0 17.67 14.33 32 32 32h464c8.84 0 16-7.16 16-16v-16c0-8.84-7.16-16-16-16zm-387.2-48h22.4c6.4 0 12.8-6.4 12.8-12.8v-70.4c0-6.4-6.4-12.8-12.8-12.8h-22.4c-6.4 0-12.8 6.4-12.8 12.8v70.4c0 6.4 6.4 12.8 12.8 12.8z\" class=\"\"><\/path><\/svg><\/i> <img loading=\"lazy\" decoding=\"async\" width=\"16\" height=\"16\" alt=\"Loading\" src=\"https:\/\/temucotelevision.cl\/web\/wp-content\/plugins\/page-views-count\/ajax-loader-2x.gif\" border=0 \/><\/p><div class=\"pvc_clear\"><\/div>\n<ul class=\"wp-block-list\"><li><strong>Hasta el 25 de junio se podr\u00e1 postular a las siete distinciones del Ministerio de las Culturas, que a partir de este a\u00f1o tendr\u00e1n 25 ganadores y 17 menciones honrosas, entregando cerca de 150 millones de pesos a autoras y autores.<\/strong><\/li><\/ul>\n\n\n\n<p>Hoy se anuncia la apertura de la convocatoria 2021 de los Premios Literarios del Consejo Nacional del Libro y la Lectura, reconocimientos que re\u00fanen siete galardones que a su vez tienen distintas categor\u00edas y g\u00e9neros: Mejores Obras Literarias, Escrituras de la Memoria, Roberto Bola\u00f1o a la creaci\u00f3n literaria joven, Marta Brunet a la literatura infantil y juvenil, Amster-Cor\u00e9 al dise\u00f1o editorial y la ilustraci\u00f3n, Narrativa Gr\u00e1fica y Publicaciones Digitales.<\/p>\n\n\n\n<p>Las novedades de esta convocatoria, que se extender\u00e1 hasta el 25 de junio, se traducen&nbsp;<strong>en la apertura del nuevo g\u00e9nero de Investigaci\u00f3n en el premio Escrituras de la Memoria para obras publicadas e in\u00e9ditas,<\/strong>&nbsp;celebrando as\u00ed los ya 15 a\u00f1os que cumpli\u00f3 est\u00e9 reconocimiento que distingue&nbsp;relatos testimoniales, diarios personales, epistolarios, entrevistas, reportajes y cr\u00f3nicas regionales.<\/p>\n\n\n\n<p>\u201cEl auge que est\u00e1 teniendo en los \u00faltimos a\u00f1os la literatura de no-ficci\u00f3n, tanto en Chile como en el mundo, que figura como uno de los estilos m\u00e1s le\u00eddos y solicitados, nos motiv\u00f3 como Ministerio a relevar la investigaci\u00f3n como g\u00e9nero particular, haci\u00e9ndonos parte de un espacio de creaci\u00f3n literaria que sent\u00edamos no estaba cubierto en su totalidad\u201d, se\u00f1al\u00f3 la ministra de las Culturas, Consuelo Vald\u00e9s.<\/p>\n\n\n\n<p>En el marco de este mismo premio, adem\u00e1s, se presentar\u00e1 durante el mes de junio el libro&nbsp;<em>Contra el olvido<\/em>, que recopila a trav\u00e9s de entrevistas y perfiles los ganadores de la categor\u00eda obras Publicadas de este galard\u00f3n, entre los cuales destacan autores comoJuan Pablo C\u00e1rdenas, Mauricio Redol\u00e9s, Camilo Marks y Yenny C\u00e1ceres.<\/p>\n\n\n\n<p>Con la creaci\u00f3n del nuevo g\u00e9nero de Investigaci\u00f3n en el Escrituras de la Memoria, los Premios Literarios&nbsp;en todas sus categor\u00edas y g\u00e9neros reconocen a partir de este a\u00f1o a 25 ganadores y 17 menciones honrosas, entregando cerca de 150 millones de pesos a autores de las obras ganadoras; mientras que en sus 27 a\u00f1os de entrega han sido premiados cerca de 350 autores a los que se han destinado m\u00e1s de 2.500 millones de pesos.<\/p>\n\n\n\n<p>Por su parte, el&nbsp;<strong>premio Bola\u00f1o presenta innovaciones en las bases. Para este 2021&nbsp;<\/strong><strong>comprometer\u00e1 la compra del 20% de la primera edici\u00f3n de la obra premiada en la categor\u00eda de 18 a 25 a\u00f1os, con un l\u00edmite de 100 ejemplares de los libros, para ser distribuidas en bibliotecas p\u00fablicas del pa\u00eds.<\/strong>&nbsp;En la misma l\u00ednea, se instaurar\u00e1n jornadas de profesionalizaci\u00f3n para los ganadores del premio, instancias en las que podr\u00e1n compartir con destacados autores nacionales y editores, como manera de propiciar un encuentro con los agentes del libro. Junto con lo anterior, a fines de este a\u00f1o, se publicar\u00e1 un cat\u00e1logo de las obras ganadoras de este premio, que permitir\u00e1 difundir a sus autores, en un formato de carta de presentaci\u00f3n en festivales y ferias del libro.<\/p>\n\n\n\n<p>Las postulaciones, ser\u00e1n \u00fanicamente a trav\u00e9s de la plataforma web&nbsp;<a href=\"http:\/\/www.premiosliterarios.cultura.gob.cl\/\">www.premiosliterarios.cultura.gob.cl<\/a>, y en el caso de las obras que postulan a las categor\u00edas Publicadas, solo se recibir\u00e1n a trav\u00e9s de correo certificado enviado al destinatario Premios Literarios, Ahumada 48, piso 7, Santiago.<\/p>\n","protected":false},"excerpt":{"rendered":"<div class=\"pvc_clear\"><\/div>\n<p id=\"pvc_stats_21697\" class=\"pvc_stats total_only  \" data-element-id=\"21697\" style=\"\"><i class=\"pvc-stats-icon large\" aria-hidden=\"true\"><svg aria-hidden=\"true\" focusable=\"false\" data-prefix=\"far\" data-icon=\"chart-bar\" role=\"img\" xmlns=\"http:\/\/www.w3.org\/2000\/svg\" viewBox=\"0 0 512 512\" class=\"svg-inline--fa fa-chart-bar fa-w-16 fa-2x\"><path fill=\"currentColor\" d=\"M396.8 352h22.4c6.4 0 12.8-6.4 12.8-12.8V108.8c0-6.4-6.4-12.8-12.8-12.8h-22.4c-6.4 0-12.8 6.4-12.8 12.8v230.4c0 6.4 6.4 12.8 12.8 12.8zm-192 0h22.4c6.4 0 12.8-6.4 12.8-12.8V140.8c0-6.4-6.4-12.8-12.8-12.8h-22.4c-6.4 0-12.8 6.4-12.8 12.8v198.4c0 6.4 6.4 12.8 12.8 12.8zm96 0h22.4c6.4 0 12.8-6.4 12.8-12.8V204.8c0-6.4-6.4-12.8-12.8-12.8h-22.4c-6.4 0-12.8 6.4-12.8 12.8v134.4c0 6.4 6.4 12.8 12.8 12.8zM496 400H48V80c0-8.84-7.16-16-16-16H16C7.16 64 0 71.16 0 80v336c0 17.67 14.33 32 32 32h464c8.84 0 16-7.16 16-16v-16c0-8.84-7.16-16-16-16zm-387.2-48h22.4c6.4 0 12.8-6.4 12.8-12.8v-70.4c0-6.4-6.4-12.8-12.8-12.8h-22.4c-6.4 0-12.8 6.4-12.8 12.8v70.4c0 6.4 6.4 12.8 12.8 12.8z\" class=\"\"><\/path><\/svg><\/i> <img loading=\"lazy\" decoding=\"async\" width=\"16\" height=\"16\" alt=\"Loading\" src=\"https:\/\/temucotelevision.cl\/web\/wp-content\/plugins\/page-views-count\/ajax-loader-2x.gif\" border=0 \/><\/p>\n<div class=\"pvc_clear\"><\/div>\n<p>Hasta el 25 de junio se podr\u00e1 postular a las siete distinciones del Ministerio de las Culturas, que a partir<\/p>\n","protected":false},"author":1,"featured_media":21698,"comment_status":"open","ping_status":"open","sticky":false,"template":"","format":"standard","meta":{"colormag_page_container_layout":"default_layout","colormag_page_sidebar_layout":"default_layout","footnotes":""},"categories":[86],"tags":[1799,3805,2687],"class_list":["post-21697","post","type-post","status-publish","format-standard","has-post-thumbnail","hentry","category-panoramas","tag-escrituras","tag-literarios","tag-ministerio"],"a3_pvc":{"activated":true,"total_views":19,"today_views":0},"_links":{"self":[{"href":"https:\/\/temucotelevision.cl\/web\/wp-json\/wp\/v2\/posts\/21697","targetHints":{"allow":["GET"]}}],"collection":[{"href":"https:\/\/temucotelevision.cl\/web\/wp-json\/wp\/v2\/posts"}],"about":[{"href":"https:\/\/temucotelevision.cl\/web\/wp-json\/wp\/v2\/types\/post"}],"author":[{"embeddable":true,"href":"https:\/\/temucotelevision.cl\/web\/wp-json\/wp\/v2\/users\/1"}],"replies":[{"embeddable":true,"href":"https:\/\/temucotelevision.cl\/web\/wp-json\/wp\/v2\/comments?post=21697"}],"version-history":[{"count":1,"href":"https:\/\/temucotelevision.cl\/web\/wp-json\/wp\/v2\/posts\/21697\/revisions"}],"predecessor-version":[{"id":21699,"href":"https:\/\/temucotelevision.cl\/web\/wp-json\/wp\/v2\/posts\/21697\/revisions\/21699"}],"wp:featuredmedia":[{"embeddable":true,"href":"https:\/\/temucotelevision.cl\/web\/wp-json\/wp\/v2\/media\/21698"}],"wp:attachment":[{"href":"https:\/\/temucotelevision.cl\/web\/wp-json\/wp\/v2\/media?parent=21697"}],"wp:term":[{"taxonomy":"category","embeddable":true,"href":"https:\/\/temucotelevision.cl\/web\/wp-json\/wp\/v2\/categories?post=21697"},{"taxonomy":"post_tag","embeddable":true,"href":"https:\/\/temucotelevision.cl\/web\/wp-json\/wp\/v2\/tags?post=21697"}],"curies":[{"name":"wp","href":"https:\/\/api.w.org\/{rel}","templated":true}]}}