{"id":21694,"date":"2021-05-15T13:13:48","date_gmt":"2021-05-15T16:13:48","guid":{"rendered":"https:\/\/temucotelevision.cl\/web\/?p=21694"},"modified":"2021-05-15T13:13:51","modified_gmt":"2021-05-15T16:13:51","slug":"os-7-araucania-ha-detenido-a-14-sujetos-con-ordenes-de-detencion-vigentes-en-controles-carreteros","status":"publish","type":"post","link":"https:\/\/temucotelevision.cl\/web\/2021\/05\/15\/os-7-araucania-ha-detenido-a-14-sujetos-con-ordenes-de-detencion-vigentes-en-controles-carreteros\/","title":{"rendered":"OS-7 \u201cAraucan\u00eda\u201d ha detenido a 14 sujetos con \u00f3rdenes de detenci\u00f3n vigentes en controles carreteros"},"content":{"rendered":"<div class=\"pvc_clear\"><\/div><p id=\"pvc_stats_21694\" class=\"pvc_stats total_only  \" data-element-id=\"21694\" style=\"\"><i class=\"pvc-stats-icon large\" aria-hidden=\"true\"><svg aria-hidden=\"true\" focusable=\"false\" data-prefix=\"far\" data-icon=\"chart-bar\" role=\"img\" xmlns=\"http:\/\/www.w3.org\/2000\/svg\" viewBox=\"0 0 512 512\" class=\"svg-inline--fa fa-chart-bar fa-w-16 fa-2x\"><path fill=\"currentColor\" d=\"M396.8 352h22.4c6.4 0 12.8-6.4 12.8-12.8V108.8c0-6.4-6.4-12.8-12.8-12.8h-22.4c-6.4 0-12.8 6.4-12.8 12.8v230.4c0 6.4 6.4 12.8 12.8 12.8zm-192 0h22.4c6.4 0 12.8-6.4 12.8-12.8V140.8c0-6.4-6.4-12.8-12.8-12.8h-22.4c-6.4 0-12.8 6.4-12.8 12.8v198.4c0 6.4 6.4 12.8 12.8 12.8zm96 0h22.4c6.4 0 12.8-6.4 12.8-12.8V204.8c0-6.4-6.4-12.8-12.8-12.8h-22.4c-6.4 0-12.8 6.4-12.8 12.8v134.4c0 6.4 6.4 12.8 12.8 12.8zM496 400H48V80c0-8.84-7.16-16-16-16H16C7.16 64 0 71.16 0 80v336c0 17.67 14.33 32 32 32h464c8.84 0 16-7.16 16-16v-16c0-8.84-7.16-16-16-16zm-387.2-48h22.4c6.4 0 12.8-6.4 12.8-12.8v-70.4c0-6.4-6.4-12.8-12.8-12.8h-22.4c-6.4 0-12.8 6.4-12.8 12.8v70.4c0 6.4 6.4 12.8 12.8 12.8z\" class=\"\"><\/path><\/svg><\/i> <img loading=\"lazy\" decoding=\"async\" width=\"16\" height=\"16\" alt=\"Loading\" src=\"https:\/\/temucotelevision.cl\/web\/wp-content\/plugins\/page-views-count\/ajax-loader-2x.gif\" border=0 \/><\/p><div class=\"pvc_clear\"><\/div>\n<p>En un control carretero efectuado por Carabineros del OS-7 \u201cAraucan\u00eda\u201d, en las \u00faltimas horas, fue detenido un sujeto de 23 a\u00f1os quien manten\u00eda una orden de detenci\u00f3n vigente por conducir sin licencia.<\/p>\n\n\n\n<p>El sujeto de iniciales C.A.R.E., se trasladaba como acompa\u00f1ante en un veh\u00edculo y al ser sometido a un control de identidad por parte de Carabineros, arroj\u00f3 que manten\u00eda la infracci\u00f3n a la Ley de Tr\u00e1nsito, emanada del Juzgado de Garant\u00eda de Ancud.&nbsp;<\/p>\n\n\n\n<p>Son 14 los detenidos que registra el OS-7 en lo que va de 2021, en el marco de \u00f3rdenes vigentes en contra de sujetos por delitos como robo por sorpresa y en lugar habitado; conducci\u00f3n en estado de ebriedad; porte de arma cortante o punzante; hurto; conducir sin licencia y tr\u00e1fico de drogas, entre otros.<\/p>\n\n\n\n<p>Los controles, son realizados en forma aleatoria por Carabineros del OS-7 y el personal de la Tenencia de Carreteras, para entregar seguridad y tranquilidad a la ciudadan\u00eda evitando el ingreso de drogas y otros delitos que puedan afectar a la poblaci\u00f3n.&nbsp;<\/p>\n","protected":false},"excerpt":{"rendered":"<div class=\"pvc_clear\"><\/div>\n<p id=\"pvc_stats_21694\" class=\"pvc_stats total_only  \" data-element-id=\"21694\" style=\"\"><i class=\"pvc-stats-icon large\" aria-hidden=\"true\"><svg aria-hidden=\"true\" focusable=\"false\" data-prefix=\"far\" data-icon=\"chart-bar\" role=\"img\" xmlns=\"http:\/\/www.w3.org\/2000\/svg\" viewBox=\"0 0 512 512\" class=\"svg-inline--fa fa-chart-bar fa-w-16 fa-2x\"><path fill=\"currentColor\" d=\"M396.8 352h22.4c6.4 0 12.8-6.4 12.8-12.8V108.8c0-6.4-6.4-12.8-12.8-12.8h-22.4c-6.4 0-12.8 6.4-12.8 12.8v230.4c0 6.4 6.4 12.8 12.8 12.8zm-192 0h22.4c6.4 0 12.8-6.4 12.8-12.8V140.8c0-6.4-6.4-12.8-12.8-12.8h-22.4c-6.4 0-12.8 6.4-12.8 12.8v198.4c0 6.4 6.4 12.8 12.8 12.8zm96 0h22.4c6.4 0 12.8-6.4 12.8-12.8V204.8c0-6.4-6.4-12.8-12.8-12.8h-22.4c-6.4 0-12.8 6.4-12.8 12.8v134.4c0 6.4 6.4 12.8 12.8 12.8zM496 400H48V80c0-8.84-7.16-16-16-16H16C7.16 64 0 71.16 0 80v336c0 17.67 14.33 32 32 32h464c8.84 0 16-7.16 16-16v-16c0-8.84-7.16-16-16-16zm-387.2-48h22.4c6.4 0 12.8-6.4 12.8-12.8v-70.4c0-6.4-6.4-12.8-12.8-12.8h-22.4c-6.4 0-12.8 6.4-12.8 12.8v70.4c0 6.4 6.4 12.8 12.8 12.8z\" class=\"\"><\/path><\/svg><\/i> <img loading=\"lazy\" decoding=\"async\" width=\"16\" height=\"16\" alt=\"Loading\" src=\"https:\/\/temucotelevision.cl\/web\/wp-content\/plugins\/page-views-count\/ajax-loader-2x.gif\" border=0 \/><\/p>\n<div class=\"pvc_clear\"><\/div>\n<p>En un control carretero efectuado por Carabineros del OS-7 \u201cAraucan\u00eda\u201d, en las \u00faltimas horas, fue detenido un sujeto de 23<\/p>\n","protected":false},"author":1,"featured_media":21695,"comment_status":"open","ping_status":"open","sticky":false,"template":"","format":"standard","meta":{"colormag_page_container_layout":"default_layout","colormag_page_sidebar_layout":"default_layout","footnotes":""},"categories":[16],"tags":[721,160],"class_list":["post-21694","post","type-post","status-publish","format-standard","has-post-thumbnail","hentry","category-policial","tag-controles","tag-os7"],"a3_pvc":{"activated":true,"total_views":36,"today_views":0},"_links":{"self":[{"href":"https:\/\/temucotelevision.cl\/web\/wp-json\/wp\/v2\/posts\/21694","targetHints":{"allow":["GET"]}}],"collection":[{"href":"https:\/\/temucotelevision.cl\/web\/wp-json\/wp\/v2\/posts"}],"about":[{"href":"https:\/\/temucotelevision.cl\/web\/wp-json\/wp\/v2\/types\/post"}],"author":[{"embeddable":true,"href":"https:\/\/temucotelevision.cl\/web\/wp-json\/wp\/v2\/users\/1"}],"replies":[{"embeddable":true,"href":"https:\/\/temucotelevision.cl\/web\/wp-json\/wp\/v2\/comments?post=21694"}],"version-history":[{"count":1,"href":"https:\/\/temucotelevision.cl\/web\/wp-json\/wp\/v2\/posts\/21694\/revisions"}],"predecessor-version":[{"id":21696,"href":"https:\/\/temucotelevision.cl\/web\/wp-json\/wp\/v2\/posts\/21694\/revisions\/21696"}],"wp:featuredmedia":[{"embeddable":true,"href":"https:\/\/temucotelevision.cl\/web\/wp-json\/wp\/v2\/media\/21695"}],"wp:attachment":[{"href":"https:\/\/temucotelevision.cl\/web\/wp-json\/wp\/v2\/media?parent=21694"}],"wp:term":[{"taxonomy":"category","embeddable":true,"href":"https:\/\/temucotelevision.cl\/web\/wp-json\/wp\/v2\/categories?post=21694"},{"taxonomy":"post_tag","embeddable":true,"href":"https:\/\/temucotelevision.cl\/web\/wp-json\/wp\/v2\/tags?post=21694"}],"curies":[{"name":"wp","href":"https:\/\/api.w.org\/{rel}","templated":true}]}}