{"id":21669,"date":"2021-05-14T15:39:51","date_gmt":"2021-05-14T18:39:51","guid":{"rendered":"https:\/\/temucotelevision.cl\/web\/?p=21669"},"modified":"2021-05-14T15:40:57","modified_gmt":"2021-05-14T18:40:57","slug":"empresarios-de-lonquimay-solicitan-a-la-cartera-de-economia-apoyo-para-flexibilizacion-de-medidas-en-plan-paso-a-paso","status":"publish","type":"post","link":"https:\/\/temucotelevision.cl\/web\/2021\/05\/14\/empresarios-de-lonquimay-solicitan-a-la-cartera-de-economia-apoyo-para-flexibilizacion-de-medidas-en-plan-paso-a-paso\/","title":{"rendered":"Empresarios de Lonquimay solicitan a la Cartera de Econom\u00eda apoyo para flexibilizaci\u00f3n de medidas en Plan Paso a Paso"},"content":{"rendered":"<div class=\"pvc_clear\"><\/div><p id=\"pvc_stats_21669\" class=\"pvc_stats total_only  \" data-element-id=\"21669\" style=\"\"><i class=\"pvc-stats-icon large\" aria-hidden=\"true\"><svg aria-hidden=\"true\" focusable=\"false\" data-prefix=\"far\" data-icon=\"chart-bar\" role=\"img\" xmlns=\"http:\/\/www.w3.org\/2000\/svg\" viewBox=\"0 0 512 512\" class=\"svg-inline--fa fa-chart-bar fa-w-16 fa-2x\"><path fill=\"currentColor\" d=\"M396.8 352h22.4c6.4 0 12.8-6.4 12.8-12.8V108.8c0-6.4-6.4-12.8-12.8-12.8h-22.4c-6.4 0-12.8 6.4-12.8 12.8v230.4c0 6.4 6.4 12.8 12.8 12.8zm-192 0h22.4c6.4 0 12.8-6.4 12.8-12.8V140.8c0-6.4-6.4-12.8-12.8-12.8h-22.4c-6.4 0-12.8 6.4-12.8 12.8v198.4c0 6.4 6.4 12.8 12.8 12.8zm96 0h22.4c6.4 0 12.8-6.4 12.8-12.8V204.8c0-6.4-6.4-12.8-12.8-12.8h-22.4c-6.4 0-12.8 6.4-12.8 12.8v134.4c0 6.4 6.4 12.8 12.8 12.8zM496 400H48V80c0-8.84-7.16-16-16-16H16C7.16 64 0 71.16 0 80v336c0 17.67 14.33 32 32 32h464c8.84 0 16-7.16 16-16v-16c0-8.84-7.16-16-16-16zm-387.2-48h22.4c6.4 0 12.8-6.4 12.8-12.8v-70.4c0-6.4-6.4-12.8-12.8-12.8h-22.4c-6.4 0-12.8 6.4-12.8 12.8v70.4c0 6.4 6.4 12.8 12.8 12.8z\" class=\"\"><\/path><\/svg><\/i> <img loading=\"lazy\" decoding=\"async\" width=\"16\" height=\"16\" alt=\"Loading\" src=\"https:\/\/temucotelevision.cl\/web\/wp-content\/plugins\/page-views-count\/ajax-loader-2x.gif\" border=0 \/><\/p><div class=\"pvc_clear\"><\/div>\n<p class=\"wp-block-paragraph\"><em>La comuna de Lonquimay retrocedi\u00f3 a Fase 2 del Plan paso a paso, y los empresarios locales hacen un diagn\u00f3stico del impacto econ\u00f3mico que les ha ocasionado las medidas y protocolos sanitarios.<\/em><\/p>\n\n\n\n<p class=\"wp-block-paragraph\">Hasta la cordillerana comuna de Lonquimay, se dirigi\u00f3 el Seremi de Econom\u00eda para desarrollar una serie de reuniones con representantes de la C\u00e1mara de comercio, servicios y turismo local, adem\u00e1s de visitar a empresarios tur\u00edsticos.<\/p>\n\n\n\n<p class=\"wp-block-paragraph\">En dependencias del restaurante \u201cDonde Juancho\u201d en pleno centro de Lonquimay, se dieron cita representantes del gremio, junto al titular de Econom\u00eda, donde entre otras cosas abordaron la compleja situaci\u00f3n econ\u00f3mica actual producto de restricciones sanitarias, que a juicio del empresariado local, son dif\u00edcilmente aplicables considerando las condiciones geogr\u00e1ficas y climatol\u00f3gicas.<\/p>\n\n\n\n<p class=\"wp-block-paragraph\">&#8220;Hemos escuchado los requerimientos del sector empresarial de Lonquimay, y las gestiones que podamos hacer en conjunto con el gremio local y los actores p\u00fablicos relacionados, sumado a los avances sanitarios, deber\u00edan promover una flexibilizaci\u00f3n de medidas que actualmente son dif\u00edciles de aplicar, considerando principalmente aspectos climatol\u00f3gicos a esta altura del a\u00f1o\u201d, indic\u00f3 el Seremi de Econom\u00eda Francisco L\u00f3pez.<\/p>\n\n\n\n<p class=\"wp-block-paragraph\">La autoridad de Econom\u00eda, adem\u00e1s se\u00f1al\u00f3 que se han establecido coordinaciones entre el Ministerio de Econom\u00eda a trav\u00e9s de su Ministro Lucas Palacios, el Minsal y representantes gremiales regionales, con quienes se mantuvo una reuni\u00f3n hace un par de d\u00edas, para poner de manifiesto que a pesar del avance a fase 2 en comunas como Temuco por ejemplo, igualmente se hace compleja la atenci\u00f3n a p\u00fablico, al existir restricciones de atenci\u00f3n al interior de los locales de gastronom\u00eda, quedando esta de forma exclusiva en terrazas o lugares abiertos.<\/p>\n\n\n\n<p class=\"wp-block-paragraph\">En esa l\u00ednea, el representante de la C\u00e1mara de comercio y turismo de Lonquimay, Juan Venegas indic\u00f3, \u201cLa c\u00e1mara de comercio y turismo de Lonquimay, est\u00e1 muy preocupada ante la situaci\u00f3n de volver a fase 2, una fase que no ha tenido ninguna modificaci\u00f3n para las zonas de Araucan\u00eda andina, Araucan\u00eda lacustre. Nosotros vivimos una situaci\u00f3n muy diferente a quienes est\u00e1n en los sectores centrales de nuestra regi\u00f3n o a nivel pa\u00eds. No podemos atender en terrazas en esta \u00e9poca del a\u00f1o con temperaturas bajo cero. Solicitamos que reconsideren eso y al menos nos permitan un aforo de diez personas para poder atender en el interior del restaurante\u201d.<\/p>\n\n\n\n<p class=\"wp-block-paragraph\"><strong>Visita a empresarios tur\u00edsticos locales<\/strong><\/p>\n\n\n\n<p class=\"wp-block-paragraph\">En el contexto de la visita a la comuna, el Seremi de Econom\u00eda destac\u00f3 el aporte de programas del Ministerio de Econom\u00eda, para comunas como Lonquimay que pertenece a la provincia de Malleco, provincia que adem\u00e1s se ha tratado de apoyar de forma especial, con estrategias como concursos espec\u00edficos para el territorio, que aseguren un porcentaje m\u00ednimo de adjudicaci\u00f3n por parte de empresarios locales.<\/p>\n\n\n\n<p class=\"wp-block-paragraph\">En ese sentido, los instrumentos \u201cEmprende Turismo Plan Impulso\u201d y \u201cCrece Turismo Plan Impulso\u201d, ejecutados por Sercotec Araucan\u00eda con recursos del Plan Impulso Araucan\u00eda, fueron claves para la formalizaci\u00f3n y fortalecimiento de la empresa tour operadora \u201cAwka Aventura\u201d, empresa que fue visitada por el titular de Econom\u00eda en esta instancia.<\/p>\n\n\n\n<p class=\"wp-block-paragraph\">La emprendedora Mariana Padilla, quien junto a su socia lideran la empresa mencionada, se\u00f1al\u00f3 en la visita, \u201cEl d\u00eda de hoy, la visita del Seremi de Econom\u00eda fue un impulso para nosotros, para poder seguir invit\u00e1ndolos a ustedes a venir y tambi\u00e9n buscar los espacios para poder estar al aire libre, poder disfrutar de ello, y qu\u00e9 mejor que en Lonquimay. Todos necesitamos estos espacios de esparcimiento por salud f\u00edsica y mental\u201d.<\/p>\n\n\n\n<p class=\"wp-block-paragraph\">Por su parte, la socia Karen Tiller\u00eda a\u00f1adi\u00f3 \u201cNosotros estamos operando en Lonquimay de manera formal y los invitamos a conocer m\u00e1s de nuestra empresa, visitando nuestro sitio web en&nbsp;<a href=\"http:\/\/www.awkaventura.com\/\">www.awkaventura.com<\/a>&nbsp;y en nuestras redes sociales Awkaventura en Instragram y Facebook\u201d.<\/p>\n\n\n\n<p class=\"wp-block-paragraph\">El Seremi Francisco L\u00f3pez destac\u00f3 el avance de la empresa con el apoyo p\u00fablico de Sercotec v\u00eda Plan Impulso Araucan\u00eda, e invit\u00f3 a conocerlos con los cuidados sanitarios correspondientes, y tomando en cuenta que la comuna ahora se encuentra en Fase 2.<\/p>\n","protected":false},"excerpt":{"rendered":"<div class=\"pvc_clear\"><\/div>\n<p id=\"pvc_stats_21669\" class=\"pvc_stats total_only  \" data-element-id=\"21669\" style=\"\"><i class=\"pvc-stats-icon large\" aria-hidden=\"true\"><svg aria-hidden=\"true\" focusable=\"false\" data-prefix=\"far\" data-icon=\"chart-bar\" role=\"img\" xmlns=\"http:\/\/www.w3.org\/2000\/svg\" viewBox=\"0 0 512 512\" class=\"svg-inline--fa fa-chart-bar fa-w-16 fa-2x\"><path fill=\"currentColor\" d=\"M396.8 352h22.4c6.4 0 12.8-6.4 12.8-12.8V108.8c0-6.4-6.4-12.8-12.8-12.8h-22.4c-6.4 0-12.8 6.4-12.8 12.8v230.4c0 6.4 6.4 12.8 12.8 12.8zm-192 0h22.4c6.4 0 12.8-6.4 12.8-12.8V140.8c0-6.4-6.4-12.8-12.8-12.8h-22.4c-6.4 0-12.8 6.4-12.8 12.8v198.4c0 6.4 6.4 12.8 12.8 12.8zm96 0h22.4c6.4 0 12.8-6.4 12.8-12.8V204.8c0-6.4-6.4-12.8-12.8-12.8h-22.4c-6.4 0-12.8 6.4-12.8 12.8v134.4c0 6.4 6.4 12.8 12.8 12.8zM496 400H48V80c0-8.84-7.16-16-16-16H16C7.16 64 0 71.16 0 80v336c0 17.67 14.33 32 32 32h464c8.84 0 16-7.16 16-16v-16c0-8.84-7.16-16-16-16zm-387.2-48h22.4c6.4 0 12.8-6.4 12.8-12.8v-70.4c0-6.4-6.4-12.8-12.8-12.8h-22.4c-6.4 0-12.8 6.4-12.8 12.8v70.4c0 6.4 6.4 12.8 12.8 12.8z\" class=\"\"><\/path><\/svg><\/i> <img loading=\"lazy\" decoding=\"async\" width=\"16\" height=\"16\" alt=\"Loading\" src=\"https:\/\/temucotelevision.cl\/web\/wp-content\/plugins\/page-views-count\/ajax-loader-2x.gif\" border=0 \/><\/p>\n<div class=\"pvc_clear\"><\/div>\n<p>La comuna de Lonquimay retrocedi\u00f3 a Fase 2 del Plan paso a paso, y los empresarios locales hacen un diagn\u00f3stico<\/p>\n","protected":false},"author":1,"featured_media":21670,"comment_status":"open","ping_status":"open","sticky":false,"template":"","format":"standard","meta":{"colormag_page_container_layout":"default_layout","colormag_page_sidebar_layout":"default_layout","advanced_seo_description":"","jetpack_seo_html_title":"","jetpack_seo_noindex":false,"jetpack_seo_schema_type":"","_jetpack_newsletter_access":"","_jetpack_dont_email_post_to_subs":false,"_jetpack_newsletter_tier_id":0,"_jetpack_memberships_contains_paywalled_content":false,"_jetpack_feature_clip_id":0,"_jetpack_memberships_contains_paid_content":false,"footnotes":"","jetpack_publicize_message":"","jetpack_publicize_feature_enabled":true,"jetpack_social_post_already_shared":false,"jetpack_social_options":{"image_generator_settings":{"template":"highway","default_image_id":0,"font":"","enabled":false},"version":2},"jetpack_post_was_ever_published":false},"categories":[15],"tags":[232,94],"class_list":["post-21669","post","type-post","status-publish","format-standard","has-post-thumbnail","hentry","category-la-araucania","tag-seremi","tag-turismo"],"a3_pvc":{"activated":true,"total_views":34,"today_views":0},"jetpack_publicize_connections":[],"jetpack_sharing_enabled":true,"jetpack_likes_enabled":true,"jetpack_featured_media_url":"https:\/\/temucotelevision.cl\/web\/wp-content\/uploads\/2021\/05\/Lonquimay-Turismo.jpg","_links":{"self":[{"href":"https:\/\/temucotelevision.cl\/web\/wp-json\/wp\/v2\/posts\/21669","targetHints":{"allow":["GET"]}}],"collection":[{"href":"https:\/\/temucotelevision.cl\/web\/wp-json\/wp\/v2\/posts"}],"about":[{"href":"https:\/\/temucotelevision.cl\/web\/wp-json\/wp\/v2\/types\/post"}],"author":[{"embeddable":true,"href":"https:\/\/temucotelevision.cl\/web\/wp-json\/wp\/v2\/users\/1"}],"replies":[{"embeddable":true,"href":"https:\/\/temucotelevision.cl\/web\/wp-json\/wp\/v2\/comments?post=21669"}],"version-history":[{"count":1,"href":"https:\/\/temucotelevision.cl\/web\/wp-json\/wp\/v2\/posts\/21669\/revisions"}],"predecessor-version":[{"id":21671,"href":"https:\/\/temucotelevision.cl\/web\/wp-json\/wp\/v2\/posts\/21669\/revisions\/21671"}],"wp:featuredmedia":[{"embeddable":true,"href":"https:\/\/temucotelevision.cl\/web\/wp-json\/wp\/v2\/media\/21670"}],"wp:attachment":[{"href":"https:\/\/temucotelevision.cl\/web\/wp-json\/wp\/v2\/media?parent=21669"}],"wp:term":[{"taxonomy":"category","embeddable":true,"href":"https:\/\/temucotelevision.cl\/web\/wp-json\/wp\/v2\/categories?post=21669"},{"taxonomy":"post_tag","embeddable":true,"href":"https:\/\/temucotelevision.cl\/web\/wp-json\/wp\/v2\/tags?post=21669"}],"curies":[{"name":"wp","href":"https:\/\/api.w.org\/{rel}","templated":true}]}}