{"id":21183,"date":"2021-04-24T18:06:08","date_gmt":"2021-04-24T21:06:08","guid":{"rendered":"https:\/\/temucotelevision.cl\/web\/?p=21183"},"modified":"2021-04-24T18:06:10","modified_gmt":"2021-04-24T21:06:10","slug":"temuco-os-9-detiene-a-delincuente-por-violento-robo-contra-conductor-de-aplicacion-de-transporte-de-pasajeros","status":"publish","type":"post","link":"https:\/\/temucotelevision.cl\/web\/2021\/04\/24\/temuco-os-9-detiene-a-delincuente-por-violento-robo-contra-conductor-de-aplicacion-de-transporte-de-pasajeros\/","title":{"rendered":"Temuco: OS-9 detiene a delincuente por violento robo contra conductor de aplicaci\u00f3n de transporte de pasajeros"},"content":{"rendered":"<div class=\"pvc_clear\"><\/div><p id=\"pvc_stats_21183\" class=\"pvc_stats total_only  \" data-element-id=\"21183\" style=\"\"><i class=\"pvc-stats-icon large\" aria-hidden=\"true\"><svg aria-hidden=\"true\" focusable=\"false\" data-prefix=\"far\" data-icon=\"chart-bar\" role=\"img\" xmlns=\"http:\/\/www.w3.org\/2000\/svg\" viewBox=\"0 0 512 512\" class=\"svg-inline--fa fa-chart-bar fa-w-16 fa-2x\"><path fill=\"currentColor\" d=\"M396.8 352h22.4c6.4 0 12.8-6.4 12.8-12.8V108.8c0-6.4-6.4-12.8-12.8-12.8h-22.4c-6.4 0-12.8 6.4-12.8 12.8v230.4c0 6.4 6.4 12.8 12.8 12.8zm-192 0h22.4c6.4 0 12.8-6.4 12.8-12.8V140.8c0-6.4-6.4-12.8-12.8-12.8h-22.4c-6.4 0-12.8 6.4-12.8 12.8v198.4c0 6.4 6.4 12.8 12.8 12.8zm96 0h22.4c6.4 0 12.8-6.4 12.8-12.8V204.8c0-6.4-6.4-12.8-12.8-12.8h-22.4c-6.4 0-12.8 6.4-12.8 12.8v134.4c0 6.4 6.4 12.8 12.8 12.8zM496 400H48V80c0-8.84-7.16-16-16-16H16C7.16 64 0 71.16 0 80v336c0 17.67 14.33 32 32 32h464c8.84 0 16-7.16 16-16v-16c0-8.84-7.16-16-16-16zm-387.2-48h22.4c6.4 0 12.8-6.4 12.8-12.8v-70.4c0-6.4-6.4-12.8-12.8-12.8h-22.4c-6.4 0-12.8 6.4-12.8 12.8v70.4c0 6.4 6.4 12.8 12.8 12.8z\" class=\"\"><\/path><\/svg><\/i> <img loading=\"lazy\" decoding=\"async\" width=\"16\" height=\"16\" alt=\"Loading\" src=\"https:\/\/temucotelevision.cl\/web\/wp-content\/plugins\/page-views-count\/ajax-loader-2x.gif\" border=0 \/><\/p><div class=\"pvc_clear\"><\/div>\n<p>Gracias a diligencias investigativas de Carabineros del OS-9 \u201cAraucan\u00eda\u201d, un hombre fue detenido en las \u00faltimas horas por el delito de robo con violencia en contra de un conductor de una aplicaci\u00f3n de transporte de pasajeros en Temuco.<\/p>\n\n\n\n<p>Los hechos ocurrieron el pasado 17 de abril cuando el imputado junto a un segundo sujeto que es intensamente buscado, solicitaron traslado a trav\u00e9s de la aplicaci\u00f3n \u201cIn Driver\u201d acudiendo la v\u00edctima al llamado.<\/p>\n\n\n\n<p>Una vez al interior del veh\u00edculo, los \u201cpasajeros\u201d intimidan al conductor con un arma de fuego y lo golpean en la cabeza, para despu\u00e9s obligarlo a descender y encerrarlo en el portamaletas. Luego, los delincuentes conducen el veh\u00edculo hasta un sector rural donde abandonan a la v\u00edctima y huyen con el autom\u00f3vil.<\/p>\n\n\n\n<p>\u201cCarabineros del OS-9 \u201cAraucan\u00eda\u201d inici\u00f3 el proceso investigativo logrando este s\u00e1bado en calle Anturayen en la comuna de Temuco, la detenci\u00f3n de un sujeto de 18 a\u00f1os de edad. Para nosotros, como Carabineros, nuestra principal preocupaci\u00f3n son las v\u00edctimas y la b\u00fasqueda de justicia para su tranquilidad. Las diligencias investigativas de esta secci\u00f3n especializada contin\u00faan para dar con el segundo sujeto que particip\u00f3 en este delito. En tanto, la fiscal del caso dispuso que el imputado pase a control de la detenci\u00f3n por el delito de robo con violencia. Reiteramos a las v\u00edctimas de delitos hacer las denuncias respectivas, lo que nos permite focalizar nuestros servicios preventivos e investigar como en este caso para poner a los delincuentes a disposici\u00f3n de la justicia\u201d, precis\u00f3 el Capit\u00e1n Carlos Mu\u00f1oz, Jefe del OS-9 en La Araucan\u00eda.<\/p>\n\n\n\n<p>El veh\u00edculo de la v\u00edctima tambi\u00e9n fue recuperado por Carabineros. El detenido de iniciales D.T.H. mantiene antecedentes por los delitos de robo con intimidaci\u00f3n, robo con fuerza e infracci\u00f3n al art\u00edculo 318, esto es, poner en peligro la salud p\u00fablica.<\/p>\n","protected":false},"excerpt":{"rendered":"<div class=\"pvc_clear\"><\/div>\n<p id=\"pvc_stats_21183\" class=\"pvc_stats total_only  \" data-element-id=\"21183\" style=\"\"><i class=\"pvc-stats-icon large\" aria-hidden=\"true\"><svg aria-hidden=\"true\" focusable=\"false\" data-prefix=\"far\" data-icon=\"chart-bar\" role=\"img\" xmlns=\"http:\/\/www.w3.org\/2000\/svg\" viewBox=\"0 0 512 512\" class=\"svg-inline--fa fa-chart-bar fa-w-16 fa-2x\"><path fill=\"currentColor\" d=\"M396.8 352h22.4c6.4 0 12.8-6.4 12.8-12.8V108.8c0-6.4-6.4-12.8-12.8-12.8h-22.4c-6.4 0-12.8 6.4-12.8 12.8v230.4c0 6.4 6.4 12.8 12.8 12.8zm-192 0h22.4c6.4 0 12.8-6.4 12.8-12.8V140.8c0-6.4-6.4-12.8-12.8-12.8h-22.4c-6.4 0-12.8 6.4-12.8 12.8v198.4c0 6.4 6.4 12.8 12.8 12.8zm96 0h22.4c6.4 0 12.8-6.4 12.8-12.8V204.8c0-6.4-6.4-12.8-12.8-12.8h-22.4c-6.4 0-12.8 6.4-12.8 12.8v134.4c0 6.4 6.4 12.8 12.8 12.8zM496 400H48V80c0-8.84-7.16-16-16-16H16C7.16 64 0 71.16 0 80v336c0 17.67 14.33 32 32 32h464c8.84 0 16-7.16 16-16v-16c0-8.84-7.16-16-16-16zm-387.2-48h22.4c6.4 0 12.8-6.4 12.8-12.8v-70.4c0-6.4-6.4-12.8-12.8-12.8h-22.4c-6.4 0-12.8 6.4-12.8 12.8v70.4c0 6.4 6.4 12.8 12.8 12.8z\" class=\"\"><\/path><\/svg><\/i> <img loading=\"lazy\" decoding=\"async\" width=\"16\" height=\"16\" alt=\"Loading\" src=\"https:\/\/temucotelevision.cl\/web\/wp-content\/plugins\/page-views-count\/ajax-loader-2x.gif\" border=0 \/><\/p>\n<div class=\"pvc_clear\"><\/div>\n<p>Gracias a diligencias investigativas de Carabineros del OS-9 \u201cAraucan\u00eda\u201d, un hombre fue detenido en las \u00faltimas horas por el delito<\/p>\n","protected":false},"author":1,"featured_media":21184,"comment_status":"open","ping_status":"open","sticky":false,"template":"","format":"standard","meta":{"colormag_page_container_layout":"default_layout","colormag_page_sidebar_layout":"default_layout","footnotes":""},"categories":[16,14],"tags":[1085,138],"class_list":["post-21183","post","type-post","status-publish","format-standard","has-post-thumbnail","hentry","category-policial","category-temuco","tag-delincuente","tag-robo"],"a3_pvc":{"activated":true,"total_views":86,"today_views":0},"_links":{"self":[{"href":"https:\/\/temucotelevision.cl\/web\/wp-json\/wp\/v2\/posts\/21183","targetHints":{"allow":["GET"]}}],"collection":[{"href":"https:\/\/temucotelevision.cl\/web\/wp-json\/wp\/v2\/posts"}],"about":[{"href":"https:\/\/temucotelevision.cl\/web\/wp-json\/wp\/v2\/types\/post"}],"author":[{"embeddable":true,"href":"https:\/\/temucotelevision.cl\/web\/wp-json\/wp\/v2\/users\/1"}],"replies":[{"embeddable":true,"href":"https:\/\/temucotelevision.cl\/web\/wp-json\/wp\/v2\/comments?post=21183"}],"version-history":[{"count":1,"href":"https:\/\/temucotelevision.cl\/web\/wp-json\/wp\/v2\/posts\/21183\/revisions"}],"predecessor-version":[{"id":21185,"href":"https:\/\/temucotelevision.cl\/web\/wp-json\/wp\/v2\/posts\/21183\/revisions\/21185"}],"wp:featuredmedia":[{"embeddable":true,"href":"https:\/\/temucotelevision.cl\/web\/wp-json\/wp\/v2\/media\/21184"}],"wp:attachment":[{"href":"https:\/\/temucotelevision.cl\/web\/wp-json\/wp\/v2\/media?parent=21183"}],"wp:term":[{"taxonomy":"category","embeddable":true,"href":"https:\/\/temucotelevision.cl\/web\/wp-json\/wp\/v2\/categories?post=21183"},{"taxonomy":"post_tag","embeddable":true,"href":"https:\/\/temucotelevision.cl\/web\/wp-json\/wp\/v2\/tags?post=21183"}],"curies":[{"name":"wp","href":"https:\/\/api.w.org\/{rel}","templated":true}]}}