{"id":21181,"date":"2021-04-24T17:22:20","date_gmt":"2021-04-24T20:22:20","guid":{"rendered":"https:\/\/temucotelevision.cl\/web\/?p=21181"},"modified":"2021-04-24T17:22:23","modified_gmt":"2021-04-24T20:22:23","slug":"534-nuevos-contagios-suma-el-informe-covid-19-para-hoy-en-la-araucania-aqui-distribucion-por-comunas","status":"publish","type":"post","link":"https:\/\/temucotelevision.cl\/web\/2021\/04\/24\/534-nuevos-contagios-suma-el-informe-covid-19-para-hoy-en-la-araucania-aqui-distribucion-por-comunas\/","title":{"rendered":"534 nuevos contagios suma el informe Covid-19 para hoy en La Araucan\u00eda, aqu\u00ed distribuci\u00f3n por comunas"},"content":{"rendered":"<div class=\"pvc_clear\"><\/div><p id=\"pvc_stats_21181\" class=\"pvc_stats total_only  \" data-element-id=\"21181\" style=\"\"><i class=\"pvc-stats-icon large\" aria-hidden=\"true\"><svg aria-hidden=\"true\" focusable=\"false\" data-prefix=\"far\" data-icon=\"chart-bar\" role=\"img\" xmlns=\"http:\/\/www.w3.org\/2000\/svg\" viewBox=\"0 0 512 512\" class=\"svg-inline--fa fa-chart-bar fa-w-16 fa-2x\"><path fill=\"currentColor\" d=\"M396.8 352h22.4c6.4 0 12.8-6.4 12.8-12.8V108.8c0-6.4-6.4-12.8-12.8-12.8h-22.4c-6.4 0-12.8 6.4-12.8 12.8v230.4c0 6.4 6.4 12.8 12.8 12.8zm-192 0h22.4c6.4 0 12.8-6.4 12.8-12.8V140.8c0-6.4-6.4-12.8-12.8-12.8h-22.4c-6.4 0-12.8 6.4-12.8 12.8v198.4c0 6.4 6.4 12.8 12.8 12.8zm96 0h22.4c6.4 0 12.8-6.4 12.8-12.8V204.8c0-6.4-6.4-12.8-12.8-12.8h-22.4c-6.4 0-12.8 6.4-12.8 12.8v134.4c0 6.4 6.4 12.8 12.8 12.8zM496 400H48V80c0-8.84-7.16-16-16-16H16C7.16 64 0 71.16 0 80v336c0 17.67 14.33 32 32 32h464c8.84 0 16-7.16 16-16v-16c0-8.84-7.16-16-16-16zm-387.2-48h22.4c6.4 0 12.8-6.4 12.8-12.8v-70.4c0-6.4-6.4-12.8-12.8-12.8h-22.4c-6.4 0-12.8 6.4-12.8 12.8v70.4c0 6.4 6.4 12.8 12.8 12.8z\" class=\"\"><\/path><\/svg><\/i> <img loading=\"lazy\" decoding=\"async\" width=\"16\" height=\"16\" alt=\"Loading\" src=\"https:\/\/temucotelevision.cl\/web\/wp-content\/plugins\/page-views-count\/ajax-loader-2x.gif\" border=0 \/><\/p><div class=\"pvc_clear\"><\/div>\n<p><strong>67.914 son los casos confirmados de COVID- 19 en La Araucan\u00eda.<\/strong><\/p>\n\n\n\n<p>Durante el d\u00eda ayer fueron 534 los nuevos casos confirmados de COVID- 19 en la regi\u00f3n. Estos nuevos casos sumados a los confirmados anteriormente, nos entregan la siguiente distribuci\u00f3n comunal:<\/p>\n\n\n\n<figure class=\"wp-block-table\"><table><tbody><tr><td><strong>Comuna de residencia *<\/strong><\/td><td><strong>N\u00b0 de casos<\/strong><\/td><td><strong>Casos nuevos<\/strong><\/td><td><strong>Casos activos<\/strong><\/td><\/tr><tr><td>Angol<\/td><td>3.657<\/td><td>27<\/td><td>213<\/td><\/tr><tr><td>Carahue<\/td><td>1.676<\/td><td>25<\/td><td>104<\/td><\/tr><tr><td>Chol-Chol<\/td><td>809<\/td><td>5<\/td><td>22<\/td><\/tr><tr><td>Collipulli<\/td><td>2.080<\/td><td>13<\/td><td>137<\/td><\/tr><tr><td>Cunco<\/td><td>1.232<\/td><td>9<\/td><td>62<\/td><\/tr><tr><td>Curacaut\u00edn<\/td><td>695<\/td><td>8<\/td><td>30<\/td><\/tr><tr><td>Curarrehue<\/td><td>388<\/td><td>&#8211;<\/td><td>9<\/td><\/tr><tr><td>Ercilla<\/td><td>761<\/td><td>11<\/td><td>27<\/td><\/tr><tr><td>Freire<\/td><td>1.746<\/td><td>12<\/td><td>82<\/td><\/tr><tr><td>Galvarino<\/td><td>1.315<\/td><td>13<\/td><td>45<\/td><\/tr><tr><td>Gorbea<\/td><td>835<\/td><td>3<\/td><td>26<\/td><\/tr><tr><td>Lautaro<\/td><td>2.873<\/td><td>63<\/td><td>244<\/td><\/tr><tr><td>Loncoche<\/td><td>1.307<\/td><td>&#8211;<\/td><td>54<\/td><\/tr><tr><td>Lonquimay<\/td><td>485<\/td><td>1<\/td><td>7<\/td><\/tr><tr><td>Los Sauces<\/td><td>533<\/td><td>2<\/td><td>30<\/td><\/tr><tr><td>Lumaco<\/td><td>845<\/td><td>17<\/td><td>28<\/td><\/tr><tr><td>Melipeuco<\/td><td>348<\/td><td>2<\/td><td>15<\/td><\/tr><tr><td>Nueva Imperial<\/td><td>2.045<\/td><td>19<\/td><td>105<\/td><\/tr><tr><td>Padre Las Casas<\/td><td>5.512<\/td><td>43<\/td><td>299<\/td><\/tr><tr><td>Perquenco<\/td><td>720<\/td><td>7<\/td><td>41<\/td><\/tr><tr><td>Pitrufqu\u00e9n<\/td><td>1.626<\/td><td>8<\/td><td>77<\/td><\/tr><tr><td>Puc\u00f3n<\/td><td>1.565<\/td><td>7<\/td><td>62<\/td><\/tr><tr><td>Pur\u00e9n<\/td><td>616<\/td><td>3<\/td><td>20<\/td><\/tr><tr><td>Renaico<\/td><td>818<\/td><td>15<\/td><td>83<\/td><\/tr><tr><td>Saavedra<\/td><td>1.021<\/td><td>3<\/td><td>28<\/td><\/tr><tr><td>Temuco<\/td><td>21.840<\/td><td>147<\/td><td>1.159<\/td><\/tr><tr><td>Teodoro Schmidt<\/td><td>770<\/td><td>2<\/td><td>11<\/td><\/tr><tr><td>Tolt\u00e9n<\/td><td>607<\/td><td>3<\/td><td>19<\/td><\/tr><tr><td>Traigu\u00e9n<\/td><td>1.116<\/td><td>5<\/td><td>24<\/td><\/tr><tr><td>Victoria<\/td><td>2.234<\/td><td>25<\/td><td>132<\/td><\/tr><tr><td>Vilc\u00fan<\/td><td>2.102<\/td><td>11<\/td><td>101<\/td><\/tr><tr><td>Villarrica<\/td><td>3.217<\/td><td>20<\/td><td>214<\/td><\/tr><tr><td><strong>Total General<\/strong><\/td><td><strong>67.394<\/strong><\/td><td><strong>529<\/strong><\/td><td><strong>3.510<\/strong><\/td><\/tr><tr><td>*Informaci\u00f3n susceptible de ser modificada, en relaci\u00f3n a los resultados de las investigaciones Epidemiol\u00f3gicas.<strong><\/strong><\/td><td>(Se extraen 520 casos del an\u00e1lisis, puesto que presentan residencia en otras regiones).&nbsp;&nbsp;<\/td><td>&nbsp;<\/td><td>** Se extraen 24&nbsp;del total de activos que presentan domicilio en otra regi\u00f3n<\/td><\/tr><\/tbody><\/table><\/figure>\n\n\n\n<figure class=\"wp-block-table\"><table><tbody><tr><td><strong>Casos nuevos<\/strong><\/td><td><strong>Sintom\u00e1ticos&nbsp;<\/strong><\/td><td><strong>Asintom\u00e1ticos<\/strong><\/td><td><strong>Casos nuevos no notificados<\/strong><strong><\/strong><\/td><\/tr><tr><td><strong>534<\/strong><\/td><td><strong>325<\/strong><\/td><td><strong>195<\/strong><\/td><td><strong>14<\/strong><\/td><\/tr><\/tbody><\/table><\/figure>\n\n\n\n<p><strong>Cambios de Residencia<\/strong><\/p>\n\n\n\n<figure class=\"wp-block-table\"><table><tbody><tr><td><strong>Intercomunal<\/strong><\/td><td>20<\/td><td>1 caso de Angol a Lumaco.6 casos de Collipulli a Padre Las Casas.1 caso de Freire a Padre Las Casas.1 caso de Gorbea a Villarrica.1 caso de Nueva Imperial a Temuco.1 caso de Padre Las Casas a Temuco.1 caso de Pitrufqu\u00e9n a Gorbea.1 caso de Temuco a Freire.1 caso de Temuco a Lautaro.4 casos de Temuco a Padre Las Casas.2 casos de Traigu\u00e9n a Lumaco.<\/td><td><em>&nbsp;<\/em><em>&nbsp;<\/em><em>&nbsp;<\/em><em>&nbsp;<\/em><em>&nbsp;<\/em><em>&nbsp;<\/em><em>&nbsp;<\/em><em>&nbsp;<\/em><em>Se mantienen en ambos detalles.<\/em><\/td><\/tr><tr><td><strong>Ajuste Minsal<\/strong><\/td><td>29<\/td><td>5 casos a Angol.3 casos a Carahue.1 caso a Collipulli.1 caso a Curacaut\u00edn.1 caso a Freire.6 casos a Padre Las Casas.1 caso a Puc\u00f3n.11 casos a Temuco.<\/td><td><em>Se suman en ambos detalles.<\/em><\/td><\/tr><tr><td><strong>Ajuste Minsal<\/strong><\/td><td>-2<\/td><td>1 caso de Angol.1 caso de Curacaut\u00edn.<\/td><td><em>Se descuenta en ambos detalles.<\/em><\/td><\/tr><tr><td><strong>A otra regi\u00f3n<\/strong><\/td><td>4<\/td><td>3 casos de Collipulli.1 caso de Temuco.<\/td><td><em>Se descuenta en detalle comunal.<\/em><\/td><\/tr><tr><td><strong>De otra regi\u00f3n<\/strong><\/td><td>2<\/td><td>1 caso a Loncoche.1 caso a Temuco.<\/td><td><em>Se suma al detalle comunal.<\/em><\/td><\/tr><\/tbody><\/table><\/figure>\n\n\n\n<p><strong>Ex\u00e1menes PCR procesados en las \u00faltimas 24 hrs.<\/strong><\/p>\n\n\n\n<figure class=\"wp-block-table\"><table><tbody><tr><td>N\u00b0 de Muestras procesadas (23.04.2021)<\/td><td>3.090<\/td><\/tr><\/tbody><\/table><\/figure>\n\n\n\n<figure class=\"wp-block-table\"><table><tbody><tr><td><strong>Activos<\/strong><\/td><td><strong>N\u00b0 de Casos&nbsp;<\/strong><\/td><td><strong>Porcentaje<\/strong><\/td><\/tr><tr><td>Si&nbsp;<\/td><td>3.510<\/td><td>5.3%<\/td><\/tr><tr><td>No<\/td><td>63.058<\/td><td>94.7%<\/td><\/tr><\/tbody><\/table><\/figure>\n\n\n\n<p>*Se excluyen del an\u00e1lisis los pacientes fallecidos.<\/p>\n\n\n\n<p><strong>Casos confirmados por sexo<\/strong><\/p>\n\n\n\n<figure class=\"wp-block-table\"><table><tbody><tr><td><strong>Sexo<\/strong><\/td><td><strong>N\u00b0 Casos<\/strong><\/td><td><strong>Porcentaje<\/strong><\/td><\/tr><tr><td>Hombre<\/td><td>33.137<\/td><td>49,2%<\/td><\/tr><tr><td>Mujer<\/td><td>34.257<\/td><td>50,8%<\/td><\/tr><\/tbody><\/table><\/figure>\n\n\n\n<figure class=\"wp-block-table\"><table><tbody><tr><td><strong>&nbsp;<\/strong><\/td><td><strong>23\/04<\/strong><\/td><td><strong>24\/04<\/strong><\/td><td><strong>Total<\/strong><\/td><\/tr><tr><td><strong>Fallecidos<\/strong><\/td><td>828<\/td><td>+14<\/td><td><strong>842<\/strong><\/td><\/tr><\/tbody><\/table><\/figure>\n\n\n\n<p>De la totalidad de casos, 386 se encuentran hospitalizados, de estos 138 en Unidades de Paciente Cr\u00edtico (UTI 26 \u2013 UCI 112) y 97 conectados a ventilador mec\u00e1nico de los cuales 80 se encuentran en establecimientos de la red p\u00fablica y 17 en cl\u00ednicas privadas.<\/p>\n","protected":false},"excerpt":{"rendered":"<div class=\"pvc_clear\"><\/div>\n<p id=\"pvc_stats_21181\" class=\"pvc_stats total_only  \" data-element-id=\"21181\" style=\"\"><i class=\"pvc-stats-icon large\" aria-hidden=\"true\"><svg aria-hidden=\"true\" focusable=\"false\" data-prefix=\"far\" data-icon=\"chart-bar\" role=\"img\" xmlns=\"http:\/\/www.w3.org\/2000\/svg\" viewBox=\"0 0 512 512\" class=\"svg-inline--fa fa-chart-bar fa-w-16 fa-2x\"><path fill=\"currentColor\" d=\"M396.8 352h22.4c6.4 0 12.8-6.4 12.8-12.8V108.8c0-6.4-6.4-12.8-12.8-12.8h-22.4c-6.4 0-12.8 6.4-12.8 12.8v230.4c0 6.4 6.4 12.8 12.8 12.8zm-192 0h22.4c6.4 0 12.8-6.4 12.8-12.8V140.8c0-6.4-6.4-12.8-12.8-12.8h-22.4c-6.4 0-12.8 6.4-12.8 12.8v198.4c0 6.4 6.4 12.8 12.8 12.8zm96 0h22.4c6.4 0 12.8-6.4 12.8-12.8V204.8c0-6.4-6.4-12.8-12.8-12.8h-22.4c-6.4 0-12.8 6.4-12.8 12.8v134.4c0 6.4 6.4 12.8 12.8 12.8zM496 400H48V80c0-8.84-7.16-16-16-16H16C7.16 64 0 71.16 0 80v336c0 17.67 14.33 32 32 32h464c8.84 0 16-7.16 16-16v-16c0-8.84-7.16-16-16-16zm-387.2-48h22.4c6.4 0 12.8-6.4 12.8-12.8v-70.4c0-6.4-6.4-12.8-12.8-12.8h-22.4c-6.4 0-12.8 6.4-12.8 12.8v70.4c0 6.4 6.4 12.8 12.8 12.8z\" class=\"\"><\/path><\/svg><\/i> <img loading=\"lazy\" decoding=\"async\" width=\"16\" height=\"16\" alt=\"Loading\" src=\"https:\/\/temucotelevision.cl\/web\/wp-content\/plugins\/page-views-count\/ajax-loader-2x.gif\" border=0 \/><\/p>\n<div class=\"pvc_clear\"><\/div>\n<p>67.914 son los casos confirmados de COVID- 19 en La Araucan\u00eda. Durante el d\u00eda ayer fueron 534 los nuevos casos<\/p>\n","protected":false},"author":1,"featured_media":13403,"comment_status":"open","ping_status":"open","sticky":false,"template":"","format":"standard","meta":{"colormag_page_container_layout":"default_layout","colormag_page_sidebar_layout":"default_layout","footnotes":""},"categories":[15],"tags":[2314,199,2347,2304],"class_list":["post-21181","post","type-post","status-publish","format-standard","has-post-thumbnail","hentry","category-la-araucania","tag-casos","tag-comunas","tag-contagios","tag-covid-19"],"a3_pvc":{"activated":true,"total_views":22,"today_views":0},"_links":{"self":[{"href":"https:\/\/temucotelevision.cl\/web\/wp-json\/wp\/v2\/posts\/21181","targetHints":{"allow":["GET"]}}],"collection":[{"href":"https:\/\/temucotelevision.cl\/web\/wp-json\/wp\/v2\/posts"}],"about":[{"href":"https:\/\/temucotelevision.cl\/web\/wp-json\/wp\/v2\/types\/post"}],"author":[{"embeddable":true,"href":"https:\/\/temucotelevision.cl\/web\/wp-json\/wp\/v2\/users\/1"}],"replies":[{"embeddable":true,"href":"https:\/\/temucotelevision.cl\/web\/wp-json\/wp\/v2\/comments?post=21181"}],"version-history":[{"count":1,"href":"https:\/\/temucotelevision.cl\/web\/wp-json\/wp\/v2\/posts\/21181\/revisions"}],"predecessor-version":[{"id":21182,"href":"https:\/\/temucotelevision.cl\/web\/wp-json\/wp\/v2\/posts\/21181\/revisions\/21182"}],"wp:featuredmedia":[{"embeddable":true,"href":"https:\/\/temucotelevision.cl\/web\/wp-json\/wp\/v2\/media\/13403"}],"wp:attachment":[{"href":"https:\/\/temucotelevision.cl\/web\/wp-json\/wp\/v2\/media?parent=21181"}],"wp:term":[{"taxonomy":"category","embeddable":true,"href":"https:\/\/temucotelevision.cl\/web\/wp-json\/wp\/v2\/categories?post=21181"},{"taxonomy":"post_tag","embeddable":true,"href":"https:\/\/temucotelevision.cl\/web\/wp-json\/wp\/v2\/tags?post=21181"}],"curies":[{"name":"wp","href":"https:\/\/api.w.org\/{rel}","templated":true}]}}