{"id":21176,"date":"2021-04-23T21:02:39","date_gmt":"2021-04-24T00:02:39","guid":{"rendered":"https:\/\/temucotelevision.cl\/web\/?p=21176"},"modified":"2021-04-23T21:09:59","modified_gmt":"2021-04-24T00:09:59","slug":"mas-de-450-ninos-de-la-escuela-emilia-romagna-aprenderan-a-distancia-a-traves-de-radio-comunitaria-del-establecimiento","status":"publish","type":"post","link":"https:\/\/temucotelevision.cl\/web\/2021\/04\/23\/mas-de-450-ninos-de-la-escuela-emilia-romagna-aprenderan-a-distancia-a-traves-de-radio-comunitaria-del-establecimiento\/","title":{"rendered":"M\u00e1s de 450 ni\u00f1os de la escuela Emilia Romagna aprender\u00e1n a distancia a trav\u00e9s de radio comunitaria del establecimiento"},"content":{"rendered":"<div class=\"pvc_clear\"><\/div><p id=\"pvc_stats_21176\" class=\"pvc_stats total_only  \" data-element-id=\"21176\" style=\"\"><i class=\"pvc-stats-icon large\" aria-hidden=\"true\"><svg aria-hidden=\"true\" focusable=\"false\" data-prefix=\"far\" data-icon=\"chart-bar\" role=\"img\" xmlns=\"http:\/\/www.w3.org\/2000\/svg\" viewBox=\"0 0 512 512\" class=\"svg-inline--fa fa-chart-bar fa-w-16 fa-2x\"><path fill=\"currentColor\" d=\"M396.8 352h22.4c6.4 0 12.8-6.4 12.8-12.8V108.8c0-6.4-6.4-12.8-12.8-12.8h-22.4c-6.4 0-12.8 6.4-12.8 12.8v230.4c0 6.4 6.4 12.8 12.8 12.8zm-192 0h22.4c6.4 0 12.8-6.4 12.8-12.8V140.8c0-6.4-6.4-12.8-12.8-12.8h-22.4c-6.4 0-12.8 6.4-12.8 12.8v198.4c0 6.4 6.4 12.8 12.8 12.8zm96 0h22.4c6.4 0 12.8-6.4 12.8-12.8V204.8c0-6.4-6.4-12.8-12.8-12.8h-22.4c-6.4 0-12.8 6.4-12.8 12.8v134.4c0 6.4 6.4 12.8 12.8 12.8zM496 400H48V80c0-8.84-7.16-16-16-16H16C7.16 64 0 71.16 0 80v336c0 17.67 14.33 32 32 32h464c8.84 0 16-7.16 16-16v-16c0-8.84-7.16-16-16-16zm-387.2-48h22.4c6.4 0 12.8-6.4 12.8-12.8v-70.4c0-6.4-6.4-12.8-12.8-12.8h-22.4c-6.4 0-12.8 6.4-12.8 12.8v70.4c0 6.4 6.4 12.8 12.8 12.8z\" class=\"\"><\/path><\/svg><\/i> <img loading=\"lazy\" decoding=\"async\" width=\"16\" height=\"16\" alt=\"Loading\" src=\"https:\/\/temucotelevision.cl\/web\/wp-content\/plugins\/page-views-count\/ajax-loader-2x.gif\" border=0 \/><\/p><div class=\"pvc_clear\"><\/div>\n<p><em>La senadora Carmen Gloria Aravena agradeci\u00f3 la voluntad de la Subsecretar\u00eda de Telecomunicaciones, entidad que otorg\u00f3 un permiso de radiodifusi\u00f3n para el establecimiento municipal de Traigu\u00e9n.<\/em><\/p>\n\n\n\n<p>Entregar contenidos educativos para los ni\u00f1os y j\u00f3venes que no pueden acceder a clases online por falta de herramientas digitales y conectividad, es el principal objetivo que tendr\u00e1 la radio comunitaria de la escuela Emilia Romagna de Traigu\u00e9n. El establecimiento municipal obtuvo, por parte de la Subsecretar\u00eda de Telecomunicaciones, un permiso experimental de radiodifusi\u00f3n sonora, el que permitir\u00e1 concretar un antiguo anhelo de esta escuela de m\u00e1s de 450 alumnos.<\/p>\n\n\n\n<p>La directora del establecimiento, Andrea Mu\u00f1oz, explic\u00f3 que el proyecto inicial surgi\u00f3 en el a\u00f1o 2012 con la idea de implementar una radio escolar para incrementar la lectura en los estudiantes. Con el paso de los a\u00f1os, se logr\u00f3 concretar una importante inversi\u00f3n para adquirir el equipamiento t\u00e9cnico necesario para implementar una radio comunitaria.<\/p>\n\n\n\n<p>\u201cEstamos muy agradecidos del trabajo de la Subtel, quienes acogieron nuestra solicitud y nos otorgaron la orientaci\u00f3n necesaria para acceder a este permiso, el que nos permitir\u00e1 activar este sue\u00f1o que es la radio comunitaria. Tambi\u00e9n quiero destacar las gestiones y preocupaci\u00f3n de la Senadora Carmen Gloria Aravena, quien en diciembre del 2020 tom\u00f3 conocimiento de nuestro proyecto y nos acompa\u00f1\u00f3 en forma constante hasta que logramos concretar este anhelo\u201d, sostuvo la directora del establecimiento.<\/p>\n\n\n\n<p>Al respecto, la senadora Carmen Gloria Aravena indic\u00f3: \u201cEstamos muy felices y agradecidos de la Subtel, este proyecto es innovador y realmente necesario&nbsp;para las familias que viven en zonas rurales, con dif\u00edcil acceso, donde la conectividad es m\u00ednima. La radio comunitaria de la escuela Emilia Romagna no s\u00f3lo permitir\u00e1 apoyar el aprendizaje de los alumnos, sino que tambi\u00e9n se transformar\u00e1 en una red de apoyo para las familias y toda la comunidad, sobretodo, en el contexto de Pandemia, que tanto ha afectado a nuestra regi\u00f3n\u201d.<\/p>\n\n\n\n<p>Por su parte, la Subsecretaria de Telecomunicaciones, Pamela Gidi, explic\u00f3 que dada la enorme brecha digital existente en Chile, el Gobierno del Presidente Sebasti\u00e1n Pi\u00f1era, ha implementado nueve proyectos que permitir\u00e1n un mayor despliegue de infraestructura digital, de manera de acercar las nuevas tecnolog\u00edas a una mayor cantidad de ciudadanos.<\/p>\n\n\n\n<p>\u201cEl despliegue de una mayor y mejor infraestructura no es inmediato, por lo que desde la Subtel hemos ido innovando y buscando alternativas m\u00e1s r\u00e1pidas, como permisos provisorios de radios para favorecer la conectividad de cientos de familia y, sobretodo, para decenas de ni\u00f1os y j\u00f3venes que no pueden estudiar porque no tienen las herramientas digitales ni una buena conectividad\u201d, precis\u00f3 Gidi.<\/p>\n\n\n\n<figure class=\"wp-block-image size-large is-style-default\"><img loading=\"lazy\" decoding=\"async\" width=\"1024\" height=\"767\" src=\"https:\/\/temucotelevision.cl\/web\/wp-content\/uploads\/2021\/04\/Radio-Comunitaria2-1024x767.jpg\" alt=\"\" class=\"wp-image-21177\" srcset=\"https:\/\/temucotelevision.cl\/web\/wp-content\/uploads\/2021\/04\/Radio-Comunitaria2-1024x767.jpg 1024w, https:\/\/temucotelevision.cl\/web\/wp-content\/uploads\/2021\/04\/Radio-Comunitaria2-768x575.jpg 768w, https:\/\/temucotelevision.cl\/web\/wp-content\/uploads\/2021\/04\/Radio-Comunitaria2.jpg 1280w\" sizes=\"auto, (max-width: 1024px) 100vw, 1024px\" \/><\/figure>\n","protected":false},"excerpt":{"rendered":"<div class=\"pvc_clear\"><\/div>\n<p id=\"pvc_stats_21176\" class=\"pvc_stats total_only  \" data-element-id=\"21176\" style=\"\"><i class=\"pvc-stats-icon large\" aria-hidden=\"true\"><svg aria-hidden=\"true\" focusable=\"false\" data-prefix=\"far\" data-icon=\"chart-bar\" role=\"img\" xmlns=\"http:\/\/www.w3.org\/2000\/svg\" viewBox=\"0 0 512 512\" class=\"svg-inline--fa fa-chart-bar fa-w-16 fa-2x\"><path fill=\"currentColor\" d=\"M396.8 352h22.4c6.4 0 12.8-6.4 12.8-12.8V108.8c0-6.4-6.4-12.8-12.8-12.8h-22.4c-6.4 0-12.8 6.4-12.8 12.8v230.4c0 6.4 6.4 12.8 12.8 12.8zm-192 0h22.4c6.4 0 12.8-6.4 12.8-12.8V140.8c0-6.4-6.4-12.8-12.8-12.8h-22.4c-6.4 0-12.8 6.4-12.8 12.8v198.4c0 6.4 6.4 12.8 12.8 12.8zm96 0h22.4c6.4 0 12.8-6.4 12.8-12.8V204.8c0-6.4-6.4-12.8-12.8-12.8h-22.4c-6.4 0-12.8 6.4-12.8 12.8v134.4c0 6.4 6.4 12.8 12.8 12.8zM496 400H48V80c0-8.84-7.16-16-16-16H16C7.16 64 0 71.16 0 80v336c0 17.67 14.33 32 32 32h464c8.84 0 16-7.16 16-16v-16c0-8.84-7.16-16-16-16zm-387.2-48h22.4c6.4 0 12.8-6.4 12.8-12.8v-70.4c0-6.4-6.4-12.8-12.8-12.8h-22.4c-6.4 0-12.8 6.4-12.8 12.8v70.4c0 6.4 6.4 12.8 12.8 12.8z\" class=\"\"><\/path><\/svg><\/i> <img loading=\"lazy\" decoding=\"async\" width=\"16\" height=\"16\" alt=\"Loading\" src=\"https:\/\/temucotelevision.cl\/web\/wp-content\/plugins\/page-views-count\/ajax-loader-2x.gif\" border=0 \/><\/p>\n<div class=\"pvc_clear\"><\/div>\n<p>La senadora Carmen Gloria Aravena agradeci\u00f3 la voluntad de la Subsecretar\u00eda de Telecomunicaciones, entidad que otorg\u00f3 un permiso de radiodifusi\u00f3n<\/p>\n","protected":false},"author":1,"featured_media":21179,"comment_status":"open","ping_status":"open","sticky":false,"template":"","format":"standard","meta":{"colormag_page_container_layout":"default_layout","colormag_page_sidebar_layout":"default_layout","footnotes":""},"categories":[101,84],"tags":[150],"class_list":["post-21176","post","type-post","status-publish","format-standard","has-post-thumbnail","hentry","category-actualidad","category-politica","tag-estudiantes"],"a3_pvc":{"activated":true,"total_views":74,"today_views":0},"_links":{"self":[{"href":"https:\/\/temucotelevision.cl\/web\/wp-json\/wp\/v2\/posts\/21176","targetHints":{"allow":["GET"]}}],"collection":[{"href":"https:\/\/temucotelevision.cl\/web\/wp-json\/wp\/v2\/posts"}],"about":[{"href":"https:\/\/temucotelevision.cl\/web\/wp-json\/wp\/v2\/types\/post"}],"author":[{"embeddable":true,"href":"https:\/\/temucotelevision.cl\/web\/wp-json\/wp\/v2\/users\/1"}],"replies":[{"embeddable":true,"href":"https:\/\/temucotelevision.cl\/web\/wp-json\/wp\/v2\/comments?post=21176"}],"version-history":[{"count":1,"href":"https:\/\/temucotelevision.cl\/web\/wp-json\/wp\/v2\/posts\/21176\/revisions"}],"predecessor-version":[{"id":21178,"href":"https:\/\/temucotelevision.cl\/web\/wp-json\/wp\/v2\/posts\/21176\/revisions\/21178"}],"wp:featuredmedia":[{"embeddable":true,"href":"https:\/\/temucotelevision.cl\/web\/wp-json\/wp\/v2\/media\/21179"}],"wp:attachment":[{"href":"https:\/\/temucotelevision.cl\/web\/wp-json\/wp\/v2\/media?parent=21176"}],"wp:term":[{"taxonomy":"category","embeddable":true,"href":"https:\/\/temucotelevision.cl\/web\/wp-json\/wp\/v2\/categories?post=21176"},{"taxonomy":"post_tag","embeddable":true,"href":"https:\/\/temucotelevision.cl\/web\/wp-json\/wp\/v2\/tags?post=21176"}],"curies":[{"name":"wp","href":"https:\/\/api.w.org\/{rel}","templated":true}]}}