{"id":21173,"date":"2021-04-23T20:32:32","date_gmt":"2021-04-23T23:32:32","guid":{"rendered":"https:\/\/temucotelevision.cl\/web\/?p=21173"},"modified":"2021-04-23T20:32:36","modified_gmt":"2021-04-23T23:32:36","slug":"medicos-edf-se-suman-a-tareas-de-apoyo-en-hospitales-de-mediana-y-alta-complejidad-para-apoyar-estrategia-de-apertura-y-conversion-de-nuevas-camas-covid","status":"publish","type":"post","link":"https:\/\/temucotelevision.cl\/web\/2021\/04\/23\/medicos-edf-se-suman-a-tareas-de-apoyo-en-hospitales-de-mediana-y-alta-complejidad-para-apoyar-estrategia-de-apertura-y-conversion-de-nuevas-camas-covid\/","title":{"rendered":"M\u00e9dicos EDF se suman a tareas de apoyo en hospitales de mediana y alta complejidad para apoyar estrategia de apertura y conversi\u00f3n de nuevas Camas Covid"},"content":{"rendered":"<div class=\"pvc_clear\"><\/div><p id=\"pvc_stats_21173\" class=\"pvc_stats total_only  \" data-element-id=\"21173\" style=\"\"><i class=\"pvc-stats-icon large\" aria-hidden=\"true\"><svg aria-hidden=\"true\" focusable=\"false\" data-prefix=\"far\" data-icon=\"chart-bar\" role=\"img\" xmlns=\"http:\/\/www.w3.org\/2000\/svg\" viewBox=\"0 0 512 512\" class=\"svg-inline--fa fa-chart-bar fa-w-16 fa-2x\"><path fill=\"currentColor\" d=\"M396.8 352h22.4c6.4 0 12.8-6.4 12.8-12.8V108.8c0-6.4-6.4-12.8-12.8-12.8h-22.4c-6.4 0-12.8 6.4-12.8 12.8v230.4c0 6.4 6.4 12.8 12.8 12.8zm-192 0h22.4c6.4 0 12.8-6.4 12.8-12.8V140.8c0-6.4-6.4-12.8-12.8-12.8h-22.4c-6.4 0-12.8 6.4-12.8 12.8v198.4c0 6.4 6.4 12.8 12.8 12.8zm96 0h22.4c6.4 0 12.8-6.4 12.8-12.8V204.8c0-6.4-6.4-12.8-12.8-12.8h-22.4c-6.4 0-12.8 6.4-12.8 12.8v134.4c0 6.4 6.4 12.8 12.8 12.8zM496 400H48V80c0-8.84-7.16-16-16-16H16C7.16 64 0 71.16 0 80v336c0 17.67 14.33 32 32 32h464c8.84 0 16-7.16 16-16v-16c0-8.84-7.16-16-16-16zm-387.2-48h22.4c6.4 0 12.8-6.4 12.8-12.8v-70.4c0-6.4-6.4-12.8-12.8-12.8h-22.4c-6.4 0-12.8 6.4-12.8 12.8v70.4c0 6.4 6.4 12.8 12.8 12.8z\" class=\"\"><\/path><\/svg><\/i> <img loading=\"lazy\" decoding=\"async\" width=\"16\" height=\"16\" alt=\"Loading\" src=\"https:\/\/temucotelevision.cl\/web\/wp-content\/plugins\/page-views-count\/ajax-loader-2x.gif\" border=0 \/><\/p><div class=\"pvc_clear\"><\/div>\n<p>Un total de 12 m\u00e9dicos EDF (Etapa de Destinaci\u00f3n y Formaci\u00f3n), fueron&nbsp; redestinados para cumplir funciones en el Hospital Dr. Hern\u00e1n Henr\u00edquez Aravena y Hospital Intercultural de Nueva Imperial, con el objetivo de apoyar la apertura e incremento de camas cr\u00edticas en ambos recintos asistenciales.&nbsp;<\/p>\n\n\n\n<p>Hasta ahora los profesionales recientemente egresados, estaban realizando sus funciones destinados a dispositivos de Atenci\u00f3n Primaria de Salud (APS) de diversas sectores de la Red Asistencial, donde ejercian sus primeras labores profesionales y aceptaron apoyar esta estrategia voluntariamente, inicialmente por el per\u00edodo de 1 mes, para realizar tareas de atenci\u00f3n de pacientes hospitalizados contagiados con Covid 19 y as\u00ed colaborar con el trabajo desarrollado en los Hospitales de alta y mediana complejidad.<\/p>\n\n\n\n<p>De acuerdo a la Subdirectora M\u00e9dico del Servicio de Salud Araucan\u00eda Sur, Dra. Paola Alarc\u00f3n, la estrategia de apoyo de m\u00e9dicos EDF surge a prop\u00f3sito del requerimiento de incremento de camas cr\u00edticas y complejizacion de camas, debido a la alta demanda de pacientes hospitalizados.<\/p>\n\n\n\n<p>La profesional resalt\u00f3 la importancia de la estrategia que, adem\u00e1s del apoyo en la atenci\u00f3n de los usuarios, es seg\u00fan dijo, una oportunidad para conocerse entre ambos equipos y sus realidades, un est\u00edmulo para reclutamiento de becados&nbsp;y mejorar la capacidad resolutiva de ellos, lo que aportar\u00e1 en el retorno a sus lugares de trabajo.<\/p>\n\n\n\n<p>\u201cEsta estrategia da respuesta no s\u00f3lo a la demanda aguda respecto de la atenci\u00f3n de pacientes Covid, sino que adem\u00e1s fortalece el equipo humano que atiende a todos los habitantes de esta provincia\u201d.<\/p>\n\n\n\n<p><strong>Desde APS a hospitales alta y mediana complejidad&nbsp;&nbsp;<\/strong><\/p>\n\n\n\n<p>La Dra. Valentina Badilla, delegada de la organizaci\u00f3n de M\u00e9dicos Generales de Zona en el Servicio de Salud Araucan\u00eda Sur, manifest\u00f3 su compromiso personal con esta iniciativa a la que, al igual que sus colegas, accedi\u00f3 en forma voluntaria, lo que permiti\u00f3 su traslado hasta el Hospital Dr. Hern\u00e1n Henr\u00edquez Aravena, donde realizar\u00e1 desde ahora sus funciones cl\u00ednicas.&nbsp;&nbsp;<\/p>\n\n\n\n<p>Seg\u00fan expres\u00f3 \u201cActualmente somos 12 EDF destinados; 4 en el Hospital Imperial y 8 en el Hospital Regional. Acudimos a la solicitud del Servicio por parte de la subdirecci\u00f3n m\u00e9dica, lamentando dejar de forma voluntaria nuestras funciones en APS pero, siendo conscientes de la necesidad actual de apoyar en la apertura de m\u00e1s camas en los centros hospitalarios para pacientes Covid. Hemos recibido una buena acogida y esperamos que esta nueva experiencia sea muy positiva para el bien de nuestros pacientes\u201d.&nbsp;&nbsp;&nbsp;&nbsp;&nbsp; &nbsp;<\/p>\n\n\n\n<p>Por su parte la Dra. Javiera Garc\u00e9s, quien fue destinada a trabajar en el Hospital Intercultural de Nueva Imperial, detallo que \u201cEstamos en una situaci\u00f3n cr\u00edtica y la verdad es que nosotros como m\u00e9dicos de APS, sin desmerecer la necesidad que tienen los pacientes en ese sector en este momento, tambi\u00e9n entendemos que se necesitan m\u00e1s manos y se necesita m\u00e1s expertice con los pacientes hospitalizados y en ese sentido estamos contentos de poder aportar, de llegar ac\u00e1 al Hospital de Imperial, ya con una funci\u00f3n clara de ponernos en marcha con las nuevas camas y con los pacientes que est\u00e1n m\u00e1s necesitados de atenci\u00f3n m\u00e9dica en estos momentos\u201d.&nbsp;&nbsp;&nbsp;&nbsp;<\/p>\n\n\n\n<p>El Director del Hospital Intercultural de Nueva Imperial, Cristian Araneda, indic\u00f3 que para el establecimiento la llegada de los M\u00e9dicos EDF, juega un rol tremendamente importante en la rotativa de turnos y apoya el aumento cercano a un 60% en cama compleja. Por lo cual agradeci\u00f3 tanto el esfuerzo de los m\u00e9dicos EDF como tambi\u00e9n de la Atenci\u00f3n Primaria de Salud y los dispositivos de salud donde se desempe\u00f1aban.&nbsp;&nbsp;<\/p>\n\n\n\n<p>\u201cAgradecemos mucho a nuestro m\u00e9dicos en Etapa de Destinaci\u00f3n y Formaci\u00f3n. Recibimos m\u00e9dicos que provienen del Hospital de Gorbea, Consultorio Miraflores y tambi\u00e9n Consultorio de Trovolhue, que nos va a acompa\u00f1ar a prop\u00f3sito&nbsp; de poder aumentar nuestras camas de hospitalizaci\u00f3n\u201d.&nbsp; &nbsp; &nbsp;<\/p>\n","protected":false},"excerpt":{"rendered":"<div class=\"pvc_clear\"><\/div>\n<p id=\"pvc_stats_21173\" class=\"pvc_stats total_only  \" data-element-id=\"21173\" style=\"\"><i class=\"pvc-stats-icon large\" aria-hidden=\"true\"><svg aria-hidden=\"true\" focusable=\"false\" data-prefix=\"far\" data-icon=\"chart-bar\" role=\"img\" xmlns=\"http:\/\/www.w3.org\/2000\/svg\" viewBox=\"0 0 512 512\" class=\"svg-inline--fa fa-chart-bar fa-w-16 fa-2x\"><path fill=\"currentColor\" d=\"M396.8 352h22.4c6.4 0 12.8-6.4 12.8-12.8V108.8c0-6.4-6.4-12.8-12.8-12.8h-22.4c-6.4 0-12.8 6.4-12.8 12.8v230.4c0 6.4 6.4 12.8 12.8 12.8zm-192 0h22.4c6.4 0 12.8-6.4 12.8-12.8V140.8c0-6.4-6.4-12.8-12.8-12.8h-22.4c-6.4 0-12.8 6.4-12.8 12.8v198.4c0 6.4 6.4 12.8 12.8 12.8zm96 0h22.4c6.4 0 12.8-6.4 12.8-12.8V204.8c0-6.4-6.4-12.8-12.8-12.8h-22.4c-6.4 0-12.8 6.4-12.8 12.8v134.4c0 6.4 6.4 12.8 12.8 12.8zM496 400H48V80c0-8.84-7.16-16-16-16H16C7.16 64 0 71.16 0 80v336c0 17.67 14.33 32 32 32h464c8.84 0 16-7.16 16-16v-16c0-8.84-7.16-16-16-16zm-387.2-48h22.4c6.4 0 12.8-6.4 12.8-12.8v-70.4c0-6.4-6.4-12.8-12.8-12.8h-22.4c-6.4 0-12.8 6.4-12.8 12.8v70.4c0 6.4 6.4 12.8 12.8 12.8z\" class=\"\"><\/path><\/svg><\/i> <img loading=\"lazy\" decoding=\"async\" width=\"16\" height=\"16\" alt=\"Loading\" src=\"https:\/\/temucotelevision.cl\/web\/wp-content\/plugins\/page-views-count\/ajax-loader-2x.gif\" border=0 \/><\/p>\n<div class=\"pvc_clear\"><\/div>\n<p>Un total de 12 m\u00e9dicos EDF (Etapa de Destinaci\u00f3n y Formaci\u00f3n), fueron&nbsp; redestinados para cumplir funciones en el Hospital Dr.<\/p>\n","protected":false},"author":1,"featured_media":21174,"comment_status":"open","ping_status":"open","sticky":false,"template":"","format":"standard","meta":{"colormag_page_container_layout":"default_layout","colormag_page_sidebar_layout":"default_layout","footnotes":""},"categories":[15],"tags":[345,2304,128,294],"class_list":["post-21173","post","type-post","status-publish","format-standard","has-post-thumbnail","hentry","category-la-araucania","tag-apoyo","tag-covid-19","tag-hospital","tag-medicos"],"a3_pvc":{"activated":true,"total_views":58,"today_views":0},"_links":{"self":[{"href":"https:\/\/temucotelevision.cl\/web\/wp-json\/wp\/v2\/posts\/21173","targetHints":{"allow":["GET"]}}],"collection":[{"href":"https:\/\/temucotelevision.cl\/web\/wp-json\/wp\/v2\/posts"}],"about":[{"href":"https:\/\/temucotelevision.cl\/web\/wp-json\/wp\/v2\/types\/post"}],"author":[{"embeddable":true,"href":"https:\/\/temucotelevision.cl\/web\/wp-json\/wp\/v2\/users\/1"}],"replies":[{"embeddable":true,"href":"https:\/\/temucotelevision.cl\/web\/wp-json\/wp\/v2\/comments?post=21173"}],"version-history":[{"count":1,"href":"https:\/\/temucotelevision.cl\/web\/wp-json\/wp\/v2\/posts\/21173\/revisions"}],"predecessor-version":[{"id":21175,"href":"https:\/\/temucotelevision.cl\/web\/wp-json\/wp\/v2\/posts\/21173\/revisions\/21175"}],"wp:featuredmedia":[{"embeddable":true,"href":"https:\/\/temucotelevision.cl\/web\/wp-json\/wp\/v2\/media\/21174"}],"wp:attachment":[{"href":"https:\/\/temucotelevision.cl\/web\/wp-json\/wp\/v2\/media?parent=21173"}],"wp:term":[{"taxonomy":"category","embeddable":true,"href":"https:\/\/temucotelevision.cl\/web\/wp-json\/wp\/v2\/categories?post=21173"},{"taxonomy":"post_tag","embeddable":true,"href":"https:\/\/temucotelevision.cl\/web\/wp-json\/wp\/v2\/tags?post=21173"}],"curies":[{"name":"wp","href":"https:\/\/api.w.org\/{rel}","templated":true}]}}