{"id":20705,"date":"2021-04-08T13:07:38","date_gmt":"2021-04-08T16:07:38","guid":{"rendered":"https:\/\/temucotelevision.cl\/web\/?p=20705"},"modified":"2021-04-08T13:07:41","modified_gmt":"2021-04-08T16:07:41","slug":"teleton-50-anos-de-tecnologia-en-ortesis-y-protesis","status":"publish","type":"post","link":"https:\/\/temucotelevision.cl\/web\/2021\/04\/08\/teleton-50-anos-de-tecnologia-en-ortesis-y-protesis\/","title":{"rendered":"Telet\u00f3n: 50 a\u00f1os de tecnolog\u00eda en \u00d3rtesis y Pr\u00f3tesis"},"content":{"rendered":"<div class=\"pvc_clear\"><\/div><p id=\"pvc_stats_20705\" class=\"pvc_stats total_only  \" data-element-id=\"20705\" style=\"\"><i class=\"pvc-stats-icon large\" aria-hidden=\"true\"><svg aria-hidden=\"true\" focusable=\"false\" data-prefix=\"far\" data-icon=\"chart-bar\" role=\"img\" xmlns=\"http:\/\/www.w3.org\/2000\/svg\" viewBox=\"0 0 512 512\" class=\"svg-inline--fa fa-chart-bar fa-w-16 fa-2x\"><path fill=\"currentColor\" d=\"M396.8 352h22.4c6.4 0 12.8-6.4 12.8-12.8V108.8c0-6.4-6.4-12.8-12.8-12.8h-22.4c-6.4 0-12.8 6.4-12.8 12.8v230.4c0 6.4 6.4 12.8 12.8 12.8zm-192 0h22.4c6.4 0 12.8-6.4 12.8-12.8V140.8c0-6.4-6.4-12.8-12.8-12.8h-22.4c-6.4 0-12.8 6.4-12.8 12.8v198.4c0 6.4 6.4 12.8 12.8 12.8zm96 0h22.4c6.4 0 12.8-6.4 12.8-12.8V204.8c0-6.4-6.4-12.8-12.8-12.8h-22.4c-6.4 0-12.8 6.4-12.8 12.8v134.4c0 6.4 6.4 12.8 12.8 12.8zM496 400H48V80c0-8.84-7.16-16-16-16H16C7.16 64 0 71.16 0 80v336c0 17.67 14.33 32 32 32h464c8.84 0 16-7.16 16-16v-16c0-8.84-7.16-16-16-16zm-387.2-48h22.4c6.4 0 12.8-6.4 12.8-12.8v-70.4c0-6.4-6.4-12.8-12.8-12.8h-22.4c-6.4 0-12.8 6.4-12.8 12.8v70.4c0 6.4 6.4 12.8 12.8 12.8z\" class=\"\"><\/path><\/svg><\/i> <img loading=\"lazy\" decoding=\"async\" width=\"16\" height=\"16\" alt=\"Loading\" src=\"https:\/\/temucotelevision.cl\/web\/wp-content\/plugins\/page-views-count\/ajax-loader-2x.gif\" border=0 \/><\/p><div class=\"pvc_clear\"><\/div>\n<p><strong><em>El Laboratorio de \u00d3rtesis y Pr\u00f3tesis de Telet\u00f3n cumpli\u00f3 50 a\u00f1os trabajando en pro de la inclusi\u00f3n funcional y la rehabilitaci\u00f3n de personas con discapacidad y, a trav\u00e9s de su trayectoria, ejemplifica el paso de la tecnolog\u00eda en la creaci\u00f3n y materialidad de estos elementos ortoprot\u00e9sicos que son clave en la rehabilitaci\u00f3n.<\/em><\/strong><\/p>\n\n\n\n<iframe loading=\"lazy\" width=\"560\" height=\"315\" src=\"https:\/\/www.youtube.com\/embed\/dj5sdPknpfo\" title=\"YouTube video player\" frameborder=\"0\" allow=\"accelerometer; autoplay; clipboard-write; encrypted-media; gyroscope; picture-in-picture\" allowfullscreen><\/iframe>\n\n\n\n<p>A lo largo de los a\u00f1os, el proceso de confecci\u00f3n de \u00f3rtesis y pr\u00f3tesis ha ido evolucionando y mejorando en su materialidad, seg\u00fan explic\u00f3 el Jefe nacional del Laboratorio de \u00d3rtesis y Pr\u00f3tesis de Telet\u00f3n, Roberto Tapia Toro. Hasta hace un tiempo las pr\u00f3tesis inclu\u00edan piezas de madera que las hac\u00edan pesadas y menos maniobrables y con el pasar de los a\u00f1os se agregaron piezas de acero inoxidable y aluminio de alta resistencia que permitieron hacerlas modulares como se les conoce en la actualidad. Asimismo, las articulaciones por ejemplo de rodilla, evolucionaron a neum\u00e1ticas e hidr\u00e1ulicas logrando un avance para el paciente.<strong>&nbsp;<\/strong>&nbsp;<\/p>\n\n\n\n<p>En Telet\u00f3n, en abril y hace 50 a\u00f1os fue creado el Laboratorio de \u00d3rtesis y Pr\u00f3tesis, LOP, que en sus inicios operaba en las instalaciones de la Sociedad pro Ayuda del Ni\u00f1o Lisiado, en la antigua casa que atend\u00eda a los ni\u00f1os con discapacidad bajo la direcci\u00f3n de la se\u00f1ora Ana Mari Urrutia. Luego de la primera Telet\u00f3n en 1978, el equipo de Ana Mari creci\u00f3 y con ellos sus dependencias, entregando rehabilitaci\u00f3n neuromusculoesqueletica a ni\u00f1os y j\u00f3venes del pa\u00eds, actualmente con institutos Telet\u00f3n desde Arica hasta Coyhaique, gracias al apoyo de todos los chilenos.<\/p>\n\n\n\n<p>Para contextualizar el significado trascendental que tienen las \u00f3rtesis y las pr\u00f3tesis, es importante destacar que en Telet\u00f3n la primera&nbsp;<strong>pr\u00f3tesis<\/strong>&nbsp;se prescribe frecuentemente sobre los 8 meses de edad. Y se entiende como tal al dispositivo artificial que reemplaza o provee una parte del cuerpo que falta puede ser funcional y\/o est\u00e9tica. Sus valores aproximados son de 3 millones de pesos, y en promedio deben ser cambiadas cada 18 meses.<\/p>\n\n\n\n<p>Mientras que las&nbsp;<strong>\u00f3rtesis,<\/strong>&nbsp;son dispositivos externos al cuerpo que se aplican para modificar los aspectos funcionales o estructurales del sistema m\u00fasculo esquel\u00e9tico. La m\u00e1s com\u00fan entre los pacientes de Telet\u00f3n es la tobillo-pie, que se cambia aproximadamente dos veces al a\u00f1o, seg\u00fan el crecimiento del ni\u00f1o, ni\u00f1a y su evoluci\u00f3n.&nbsp;<\/p>\n\n\n\n<p>Seg\u00fan indica el Jefe nacional del LOP de Telet\u00f3n la ortesis tambi\u00e9n han tenido evoluciones principalmente por su materialidad, al respecto dijo&nbsp;<strong>\u201cla introducci\u00f3n de termopl\u00e1sticos de alta densidad, permiti\u00f3 termoformar las \u00f3rtesis de manera m\u00e1s anat\u00f3micas y tambi\u00e9n m\u00e1s livianas. Todas estas innovaciones ayudan a tener un producto m\u00e1s confortable y adecuado a las necesidades del usuario\u201d.<\/strong><\/p>\n\n\n\n<p><strong>LIDERAZGO TECNOL\u00d3GICO<\/strong><\/p>\n\n\n\n<p>En 2019, el Instituto Telet\u00f3n de Santiago, y en particular el Laboratorio de \u00d3rtesis y Pr\u00f3tesis, recibi\u00f3 como donaci\u00f3n la nueva tecnolog\u00eda Rodin 4D. Un sistema de elaboraci\u00f3n de moldes de \u00f3rtesis y pr\u00f3tesis que permite tener un proceso m\u00e1s moderno y estandarizado. Poniendo al LOP a la altura de los mejores talleres de \u00f3rtesis y pr\u00f3tesis del mundo.<\/p>\n\n\n\n<p>Sobre el Rodin 4D, Tapia explic\u00f3 c\u00f3mo el robot lleg\u00f3 a automatizar un proceso que se hac\u00eda de manera artesanal a uno digitalizado.&nbsp;&nbsp;<strong>\u201cEste sistema aborda fundamentalmente el proceso de toma de molde de la extremidad del paciente y luego los ajustes para lograr una \u00f3rtesis adecuada. Hist\u00f3ricamente estos dos procesos se realizaban de manera manual con yeso. Al usar este nuevo sistema robotico se produce un gran cambio al adquirir el molde de manera digital, y a trav\u00e9s de una imagen en 3D se rectifica en un computador. Eso nos permite obtener un molde en espuma de poliuretano sobre el que se termoforman las \u00f3rtesis y en cuanto a las pr\u00f3tesis a partir del molde se fabrica tambi\u00e9n la cavidad o socket con un proceso de laminado de resina.\u201d<\/strong>&nbsp;agregando que adem\u00e1s con la digitalizaci\u00f3n hay un importante impacto en los tiempos de confecci\u00f3n de las mismas.&nbsp;<strong>\u201cEste proceso se agiliz\u00f3 significativamente, un molde que se rectificaba en 40 minutos, ahora se puede rectificar en 3 a 5 minutos, acortando en gran medida el tiempo de elaboraci\u00f3n\u201d.<\/strong><\/p>\n\n\n\n<p>Un nuevo hito en el constante perfeccionamiento de los profesionales que conforman esta unidad, actualmente los 14 institutos de Telet\u00f3n cuentan con un LOP, equipados para la confecci\u00f3n de \u00f3rtesis, logrando de esta manera entregar aproximadamente unas 20 mil \u00f3rtesis y pr\u00f3tesis cada a\u00f1o, sin costo para quienes las reciben a nivel nacional.<\/p>\n\n\n\n<figure class=\"wp-block-image size-large is-style-default\"><img loading=\"lazy\" decoding=\"async\" width=\"1024\" height=\"416\" src=\"https:\/\/temucotelevision.cl\/web\/wp-content\/uploads\/2021\/04\/01-1024x416.jpg\" alt=\"\" class=\"wp-image-20707\" srcset=\"https:\/\/temucotelevision.cl\/web\/wp-content\/uploads\/2021\/04\/01-1024x416.jpg 1024w, https:\/\/temucotelevision.cl\/web\/wp-content\/uploads\/2021\/04\/01-768x312.jpg 768w, https:\/\/temucotelevision.cl\/web\/wp-content\/uploads\/2021\/04\/01-1536x624.jpg 1536w, https:\/\/temucotelevision.cl\/web\/wp-content\/uploads\/2021\/04\/01.jpg 1920w\" sizes=\"auto, (max-width: 1024px) 100vw, 1024px\" \/><\/figure>\n","protected":false},"excerpt":{"rendered":"<div class=\"pvc_clear\"><\/div>\n<p id=\"pvc_stats_20705\" class=\"pvc_stats total_only  \" data-element-id=\"20705\" style=\"\"><i class=\"pvc-stats-icon large\" aria-hidden=\"true\"><svg aria-hidden=\"true\" focusable=\"false\" data-prefix=\"far\" data-icon=\"chart-bar\" role=\"img\" xmlns=\"http:\/\/www.w3.org\/2000\/svg\" viewBox=\"0 0 512 512\" class=\"svg-inline--fa fa-chart-bar fa-w-16 fa-2x\"><path fill=\"currentColor\" d=\"M396.8 352h22.4c6.4 0 12.8-6.4 12.8-12.8V108.8c0-6.4-6.4-12.8-12.8-12.8h-22.4c-6.4 0-12.8 6.4-12.8 12.8v230.4c0 6.4 6.4 12.8 12.8 12.8zm-192 0h22.4c6.4 0 12.8-6.4 12.8-12.8V140.8c0-6.4-6.4-12.8-12.8-12.8h-22.4c-6.4 0-12.8 6.4-12.8 12.8v198.4c0 6.4 6.4 12.8 12.8 12.8zm96 0h22.4c6.4 0 12.8-6.4 12.8-12.8V204.8c0-6.4-6.4-12.8-12.8-12.8h-22.4c-6.4 0-12.8 6.4-12.8 12.8v134.4c0 6.4 6.4 12.8 12.8 12.8zM496 400H48V80c0-8.84-7.16-16-16-16H16C7.16 64 0 71.16 0 80v336c0 17.67 14.33 32 32 32h464c8.84 0 16-7.16 16-16v-16c0-8.84-7.16-16-16-16zm-387.2-48h22.4c6.4 0 12.8-6.4 12.8-12.8v-70.4c0-6.4-6.4-12.8-12.8-12.8h-22.4c-6.4 0-12.8 6.4-12.8 12.8v70.4c0 6.4 6.4 12.8 12.8 12.8z\" class=\"\"><\/path><\/svg><\/i> <img loading=\"lazy\" decoding=\"async\" width=\"16\" height=\"16\" alt=\"Loading\" src=\"https:\/\/temucotelevision.cl\/web\/wp-content\/plugins\/page-views-count\/ajax-loader-2x.gif\" border=0 \/><\/p>\n<div class=\"pvc_clear\"><\/div>\n<p>El Laboratorio de \u00d3rtesis y Pr\u00f3tesis de Telet\u00f3n cumpli\u00f3 50 a\u00f1os trabajando en pro de la inclusi\u00f3n funcional y la<\/p>\n","protected":false},"author":1,"featured_media":20706,"comment_status":"open","ping_status":"open","sticky":false,"template":"","format":"standard","meta":{"colormag_page_container_layout":"default_layout","colormag_page_sidebar_layout":"default_layout","footnotes":""},"categories":[101],"tags":[565,1989],"class_list":["post-20705","post","type-post","status-publish","format-standard","has-post-thumbnail","hentry","category-actualidad","tag-tecnologia","tag-teleton"],"a3_pvc":{"activated":true,"total_views":120,"today_views":0},"_links":{"self":[{"href":"https:\/\/temucotelevision.cl\/web\/wp-json\/wp\/v2\/posts\/20705","targetHints":{"allow":["GET"]}}],"collection":[{"href":"https:\/\/temucotelevision.cl\/web\/wp-json\/wp\/v2\/posts"}],"about":[{"href":"https:\/\/temucotelevision.cl\/web\/wp-json\/wp\/v2\/types\/post"}],"author":[{"embeddable":true,"href":"https:\/\/temucotelevision.cl\/web\/wp-json\/wp\/v2\/users\/1"}],"replies":[{"embeddable":true,"href":"https:\/\/temucotelevision.cl\/web\/wp-json\/wp\/v2\/comments?post=20705"}],"version-history":[{"count":1,"href":"https:\/\/temucotelevision.cl\/web\/wp-json\/wp\/v2\/posts\/20705\/revisions"}],"predecessor-version":[{"id":20708,"href":"https:\/\/temucotelevision.cl\/web\/wp-json\/wp\/v2\/posts\/20705\/revisions\/20708"}],"wp:featuredmedia":[{"embeddable":true,"href":"https:\/\/temucotelevision.cl\/web\/wp-json\/wp\/v2\/media\/20706"}],"wp:attachment":[{"href":"https:\/\/temucotelevision.cl\/web\/wp-json\/wp\/v2\/media?parent=20705"}],"wp:term":[{"taxonomy":"category","embeddable":true,"href":"https:\/\/temucotelevision.cl\/web\/wp-json\/wp\/v2\/categories?post=20705"},{"taxonomy":"post_tag","embeddable":true,"href":"https:\/\/temucotelevision.cl\/web\/wp-json\/wp\/v2\/tags?post=20705"}],"curies":[{"name":"wp","href":"https:\/\/api.w.org\/{rel}","templated":true}]}}