{"id":20703,"date":"2021-04-08T12:22:46","date_gmt":"2021-04-08T15:22:46","guid":{"rendered":"https:\/\/temucotelevision.cl\/web\/?p=20703"},"modified":"2021-04-08T12:22:49","modified_gmt":"2021-04-08T15:22:49","slug":"operacion-renta-partio-con-foco-en-la-asistencia-remota","status":"publish","type":"post","link":"https:\/\/temucotelevision.cl\/web\/2021\/04\/08\/operacion-renta-partio-con-foco-en-la-asistencia-remota\/","title":{"rendered":"Operaci\u00f3n renta parti\u00f3 con foco en la asistencia remota"},"content":{"rendered":"<div class=\"pvc_clear\"><\/div><p id=\"pvc_stats_20703\" class=\"pvc_stats total_only  \" data-element-id=\"20703\" style=\"\"><i class=\"pvc-stats-icon large\" aria-hidden=\"true\"><svg aria-hidden=\"true\" focusable=\"false\" data-prefix=\"far\" data-icon=\"chart-bar\" role=\"img\" xmlns=\"http:\/\/www.w3.org\/2000\/svg\" viewBox=\"0 0 512 512\" class=\"svg-inline--fa fa-chart-bar fa-w-16 fa-2x\"><path fill=\"currentColor\" d=\"M396.8 352h22.4c6.4 0 12.8-6.4 12.8-12.8V108.8c0-6.4-6.4-12.8-12.8-12.8h-22.4c-6.4 0-12.8 6.4-12.8 12.8v230.4c0 6.4 6.4 12.8 12.8 12.8zm-192 0h22.4c6.4 0 12.8-6.4 12.8-12.8V140.8c0-6.4-6.4-12.8-12.8-12.8h-22.4c-6.4 0-12.8 6.4-12.8 12.8v198.4c0 6.4 6.4 12.8 12.8 12.8zm96 0h22.4c6.4 0 12.8-6.4 12.8-12.8V204.8c0-6.4-6.4-12.8-12.8-12.8h-22.4c-6.4 0-12.8 6.4-12.8 12.8v134.4c0 6.4 6.4 12.8 12.8 12.8zM496 400H48V80c0-8.84-7.16-16-16-16H16C7.16 64 0 71.16 0 80v336c0 17.67 14.33 32 32 32h464c8.84 0 16-7.16 16-16v-16c0-8.84-7.16-16-16-16zm-387.2-48h22.4c6.4 0 12.8-6.4 12.8-12.8v-70.4c0-6.4-6.4-12.8-12.8-12.8h-22.4c-6.4 0-12.8 6.4-12.8 12.8v70.4c0 6.4 6.4 12.8 12.8 12.8z\" class=\"\"><\/path><\/svg><\/i> <img loading=\"lazy\" decoding=\"async\" width=\"16\" height=\"16\" alt=\"Loading\" src=\"https:\/\/temucotelevision.cl\/web\/wp-content\/plugins\/page-views-count\/ajax-loader-2x.gif\" border=0 \/><\/p><div class=\"pvc_clear\"><\/div>\n<p>Con la&nbsp;&nbsp;Operaci\u00f3n Renta 2021 oficialmente en funcionamiento desde el jueves&nbsp;&nbsp;1 de abril,&nbsp;&nbsp;&nbsp;el proceso por segundo a\u00f1o est\u00e1 marcado por el contexto de la pandemia sanitaria que vive el pa\u00eds.&nbsp;&nbsp;Por ello, el&nbsp;&nbsp;\u00e9nfasis de este proceso apunta a reforzar y ofrecer nuevos mecanismos de orientaci\u00f3n a distancia, que permiten seguir apoyando al contribuyente en el cumplimiento de sus obligaciones tributarias, desde el lugar en el que se encuentre.<\/p>\n\n\n\n<p>&nbsp;La&nbsp;<strong>Directora Regional del Servicio de Impuestos Internos, Jimena Castillo<\/strong>, inform\u00f3 lo siguiente, &#8220;considerando el contexto sanitario que enfrenta el pa\u00eds, toda la informaci\u00f3n y orientaci\u00f3n para este proceso de Operaci\u00f3n Renta 2021, estar\u00e1 disponible para la ciudadan\u00eda de manera remota, para que puedan cumplir con el tr\u00e1mite sin necesidad de salir de sus casas. En&nbsp;nuestra Regi\u00f3n se esperan recibir cerca de 156.000 mil declaraciones, gran parte de estas&nbsp;son propuesta de declaraci\u00f3n ofrecida por el Servicio, incluyendo a los inscritos en los reg\u00edmenes ProPyme, ProPyme Transparente y Renta Presunta. Quienes presenten su declaraci\u00f3n entre el 1 y 23 de abril, recibir\u00e1n su devoluci\u00f3n anticipada el 12 de mayo.&#8221;<\/p>\n\n\n\n<p>Como parte de las medidas tributarias del Plan de Reactivaci\u00f3n Econ\u00f3mica, este a\u00f1o las empresas del R\u00e9gimen Propyme acceder\u00e1n a una disminuci\u00f3n de la tasa&nbsp;&nbsp;del Impuesto de Primera Categor\u00eda, con una tasa del 10% por las rentas obtenidas durante los a\u00f1os 2020, 2021 y 2022. Adicionalmente, podr\u00e1n reducir a la mitad los Pagos Provisionales Mensuales (desde noviembre de 2020 y hasta diciembre 2022).<\/p>\n\n\n\n<p>&nbsp;El&nbsp;<strong>Seremi de Hacienda La Araucan\u00eda, Patrick Dungan<\/strong>, subray\u00f3 que \u201cel foco de este proceso est\u00e1 en las personas y en su seguridad, entonces&nbsp;&nbsp;el llamado es a quedarse en casa y en este contexto los contribuyentes tienen distintas alternativas para recibir asistencia y resolver sus dudas. Este a\u00f1o se ha implementado un sistema de asistencia virtual que permitir\u00e1 a los contribuyentes agendar una hora en forma remota a trav\u00e9s de MiSII y as\u00ed acceder a asistencia especial sobre la Operaci\u00f3n Renta.&nbsp;&nbsp;Este sistema estar\u00e1 disponible para contribuyentes, tanto personas como empresas, que tengan Propuesta de Renta y que no hayan encontrado las respuestas necesarias en los canales tradicionales de ayuda del SII\u201d&nbsp;<\/p>\n\n\n\n<p>Las consultas de los contribuyentes pueden ser resueltas v\u00eda Mesa de Ayuda telef\u00f3nica del SII, de igual forma, est\u00e1 el canal Contacto Web, que permite el env\u00edo de consultas en un formulario disponible en el sitio del SII para ser respondidas a trav\u00e9s del mismo medio. Adem\u00e1s el curso e-Learning ayuda a reforzar los conceptos y es una potente herramienta virtual de autoaprendizaje que junto con las&nbsp;&nbsp;charlas sobre reg\u00edmenes tributarios para empresas, que permiten acceder a ejercicios pr\u00e1cticos de acuerdo al r\u00e9gimen tributario en el que se encuentren inscritos, entregan un mix de herramientas al servicio de los contribuyentes, se\u00f1al\u00f3 el&nbsp;<strong>Seremi de Hacienda Patrick Dungan.<\/strong><\/p>\n\n\n\n<p><br>Para este proceso de Renta, se espera recibir 4 millones de declaraciones, de las que 1 mill\u00f3n corresponder\u00e1n a empresas. En tanto, el SII ofrecer\u00e1 una propuesta de declaraci\u00f3n de Renta a 3.5 millones de contribuyentes, incluyendo a los inscritos en los reg\u00edmenes ProPyme, ProPyme Transparente y Renta Presunta.<\/p>\n\n\n\n<p>A contar del 1\u00b0 de abril los contribuyentes&nbsp;&nbsp;pueden acceder en sii.cl a una versi\u00f3n preliminar de su propuesta de declaraci\u00f3n, la que podr\u00e1 ser revisada, confirmada y enviada a partir del jueves 1 de abril y hasta el 10 de mayo, para las declaraciones por internet sin pago.<\/p>\n\n\n\n<p>En el caso de las declaraciones a las que les corresponda pago de impuestos, de acuerdo a la Ley, el plazo de presentaci\u00f3n ser\u00e1 entre el 8 y el 30 de abril.&nbsp;&nbsp;<\/p>\n\n\n\n<p>El siguiente es el calendario de declaraci\u00f3n para este a\u00f1o:<\/p>\n\n\n\n<figure class=\"wp-block-table\"><table><tbody><tr><td>Fecha de presentaci\u00f3n<\/td><td>Fecha de devoluci\u00f3n<\/td><\/tr><tr><td>Desde<\/td><td>Hasta<\/td><td>Dep\u00f3sito<\/td><td>Cheque<\/td><td>Por Caja<\/td><\/tr><tr><td>1 de abril<\/td><td>23 de abril<\/td><td>12 de mayo<\/td><td>28 de mayo<\/td><td>28 de mayo<\/td><\/tr><tr><td>24 de abril<\/td><td>29 de abril<\/td><td>19 de mayo<\/td><\/tr><tr><td>30 de abril<\/td><td>10 de mayo<\/td><td>26 de mayo<\/td><\/tr><\/tbody><\/table><\/figure>\n\n\n\n<p>Es importante reforzar que el primer per\u00edodo para declarar y obtener la devoluci\u00f3n anticipada se extiende entre el 1 y el 23 de abril, lo que permite acceder a devoluci\u00f3n el 12 de mayo. Por ello, la invitaci\u00f3n a los contribuyentes es a informarse y revisar bien su propuesta de declaraci\u00f3n, antes de confirmar el env\u00edo.&nbsp;<\/p>\n\n\n\n<p>Para contar con la devoluci\u00f3n temprana las personas deben ingresar correctamente el tipo de cuenta, banco y n\u00famero de cuenta en el portal de SII. Para quienes no utilicen esta opci\u00f3n, el pago se efectuar\u00e1 despu\u00e9s del 28 de mayo, mediante un cheque o una orden de pago por caja en BancoEstado o pago cash.<\/p>\n","protected":false},"excerpt":{"rendered":"<div class=\"pvc_clear\"><\/div>\n<p id=\"pvc_stats_20703\" class=\"pvc_stats total_only  \" data-element-id=\"20703\" style=\"\"><i class=\"pvc-stats-icon large\" aria-hidden=\"true\"><svg aria-hidden=\"true\" focusable=\"false\" data-prefix=\"far\" data-icon=\"chart-bar\" role=\"img\" xmlns=\"http:\/\/www.w3.org\/2000\/svg\" viewBox=\"0 0 512 512\" class=\"svg-inline--fa fa-chart-bar fa-w-16 fa-2x\"><path fill=\"currentColor\" d=\"M396.8 352h22.4c6.4 0 12.8-6.4 12.8-12.8V108.8c0-6.4-6.4-12.8-12.8-12.8h-22.4c-6.4 0-12.8 6.4-12.8 12.8v230.4c0 6.4 6.4 12.8 12.8 12.8zm-192 0h22.4c6.4 0 12.8-6.4 12.8-12.8V140.8c0-6.4-6.4-12.8-12.8-12.8h-22.4c-6.4 0-12.8 6.4-12.8 12.8v198.4c0 6.4 6.4 12.8 12.8 12.8zm96 0h22.4c6.4 0 12.8-6.4 12.8-12.8V204.8c0-6.4-6.4-12.8-12.8-12.8h-22.4c-6.4 0-12.8 6.4-12.8 12.8v134.4c0 6.4 6.4 12.8 12.8 12.8zM496 400H48V80c0-8.84-7.16-16-16-16H16C7.16 64 0 71.16 0 80v336c0 17.67 14.33 32 32 32h464c8.84 0 16-7.16 16-16v-16c0-8.84-7.16-16-16-16zm-387.2-48h22.4c6.4 0 12.8-6.4 12.8-12.8v-70.4c0-6.4-6.4-12.8-12.8-12.8h-22.4c-6.4 0-12.8 6.4-12.8 12.8v70.4c0 6.4 6.4 12.8 12.8 12.8z\" class=\"\"><\/path><\/svg><\/i> <img loading=\"lazy\" decoding=\"async\" width=\"16\" height=\"16\" alt=\"Loading\" src=\"https:\/\/temucotelevision.cl\/web\/wp-content\/plugins\/page-views-count\/ajax-loader-2x.gif\" border=0 \/><\/p>\n<div class=\"pvc_clear\"><\/div>\n<p>Con la&nbsp;&nbsp;Operaci\u00f3n Renta 2021 oficialmente en funcionamiento desde el jueves&nbsp;&nbsp;1 de abril,&nbsp;&nbsp;&nbsp;el proceso por segundo a\u00f1o est\u00e1 marcado por el<\/p>\n","protected":false},"author":1,"featured_media":6917,"comment_status":"open","ping_status":"open","sticky":false,"template":"","format":"standard","meta":{"colormag_page_container_layout":"default_layout","colormag_page_sidebar_layout":"default_layout","footnotes":""},"categories":[14],"tags":[725,1100],"class_list":["post-20703","post","type-post","status-publish","format-standard","has-post-thumbnail","hentry","category-temuco","tag-operacion","tag-renta"],"a3_pvc":{"activated":true,"total_views":36,"today_views":0},"_links":{"self":[{"href":"https:\/\/temucotelevision.cl\/web\/wp-json\/wp\/v2\/posts\/20703","targetHints":{"allow":["GET"]}}],"collection":[{"href":"https:\/\/temucotelevision.cl\/web\/wp-json\/wp\/v2\/posts"}],"about":[{"href":"https:\/\/temucotelevision.cl\/web\/wp-json\/wp\/v2\/types\/post"}],"author":[{"embeddable":true,"href":"https:\/\/temucotelevision.cl\/web\/wp-json\/wp\/v2\/users\/1"}],"replies":[{"embeddable":true,"href":"https:\/\/temucotelevision.cl\/web\/wp-json\/wp\/v2\/comments?post=20703"}],"version-history":[{"count":1,"href":"https:\/\/temucotelevision.cl\/web\/wp-json\/wp\/v2\/posts\/20703\/revisions"}],"predecessor-version":[{"id":20704,"href":"https:\/\/temucotelevision.cl\/web\/wp-json\/wp\/v2\/posts\/20703\/revisions\/20704"}],"wp:featuredmedia":[{"embeddable":true,"href":"https:\/\/temucotelevision.cl\/web\/wp-json\/wp\/v2\/media\/6917"}],"wp:attachment":[{"href":"https:\/\/temucotelevision.cl\/web\/wp-json\/wp\/v2\/media?parent=20703"}],"wp:term":[{"taxonomy":"category","embeddable":true,"href":"https:\/\/temucotelevision.cl\/web\/wp-json\/wp\/v2\/categories?post=20703"},{"taxonomy":"post_tag","embeddable":true,"href":"https:\/\/temucotelevision.cl\/web\/wp-json\/wp\/v2\/tags?post=20703"}],"curies":[{"name":"wp","href":"https:\/\/api.w.org\/{rel}","templated":true}]}}