{"id":20700,"date":"2021-04-08T12:12:52","date_gmt":"2021-04-08T15:12:52","guid":{"rendered":"https:\/\/temucotelevision.cl\/web\/?p=20700"},"modified":"2021-04-08T12:12:55","modified_gmt":"2021-04-08T15:12:55","slug":"municipio-de-vilcun-pide-al-gobierno-tomar-medidas-ante-aumento-de-robos-en-la-comuna","status":"publish","type":"post","link":"https:\/\/temucotelevision.cl\/web\/2021\/04\/08\/municipio-de-vilcun-pide-al-gobierno-tomar-medidas-ante-aumento-de-robos-en-la-comuna\/","title":{"rendered":"Municipio de Vilc\u00fan pide al gobierno \u201ctomar medidas\u201d ante aumento de robos en la comuna"},"content":{"rendered":"<div class=\"pvc_clear\"><\/div><p id=\"pvc_stats_20700\" class=\"pvc_stats total_only  \" data-element-id=\"20700\" style=\"\"><i class=\"pvc-stats-icon large\" aria-hidden=\"true\"><svg aria-hidden=\"true\" focusable=\"false\" data-prefix=\"far\" data-icon=\"chart-bar\" role=\"img\" xmlns=\"http:\/\/www.w3.org\/2000\/svg\" viewBox=\"0 0 512 512\" class=\"svg-inline--fa fa-chart-bar fa-w-16 fa-2x\"><path fill=\"currentColor\" d=\"M396.8 352h22.4c6.4 0 12.8-6.4 12.8-12.8V108.8c0-6.4-6.4-12.8-12.8-12.8h-22.4c-6.4 0-12.8 6.4-12.8 12.8v230.4c0 6.4 6.4 12.8 12.8 12.8zm-192 0h22.4c6.4 0 12.8-6.4 12.8-12.8V140.8c0-6.4-6.4-12.8-12.8-12.8h-22.4c-6.4 0-12.8 6.4-12.8 12.8v198.4c0 6.4 6.4 12.8 12.8 12.8zm96 0h22.4c6.4 0 12.8-6.4 12.8-12.8V204.8c0-6.4-6.4-12.8-12.8-12.8h-22.4c-6.4 0-12.8 6.4-12.8 12.8v134.4c0 6.4 6.4 12.8 12.8 12.8zM496 400H48V80c0-8.84-7.16-16-16-16H16C7.16 64 0 71.16 0 80v336c0 17.67 14.33 32 32 32h464c8.84 0 16-7.16 16-16v-16c0-8.84-7.16-16-16-16zm-387.2-48h22.4c6.4 0 12.8-6.4 12.8-12.8v-70.4c0-6.4-6.4-12.8-12.8-12.8h-22.4c-6.4 0-12.8 6.4-12.8 12.8v70.4c0 6.4 6.4 12.8 12.8 12.8z\" class=\"\"><\/path><\/svg><\/i> <img loading=\"lazy\" decoding=\"async\" width=\"16\" height=\"16\" alt=\"Loading\" src=\"https:\/\/temucotelevision.cl\/web\/wp-content\/plugins\/page-views-count\/ajax-loader-2x.gif\" border=0 \/><\/p><div class=\"pvc_clear\"><\/div>\n<p>Aumento de flota y mayor control policial es lo que exige el municipio en conjunto a los vecinos.<\/p>\n\n\n\n<p>Denuncias, llamados de alerta y prevenci\u00f3n se han podido evidenciar en los \u00faltimos d\u00edas por las redes sociales de los vecinos y vecinas de la comuna de Vilc\u00fan. Y es que en tan solo unas semanas, m\u00faltiples familias han sido v\u00edctimas de robos, tanto en espacios p\u00fablicos como privados, sembr\u00e1ndose el miedo y la incertidumbre cada vez que comienza a caer la noche.<\/p>\n\n\n\n<p><strong>PREOCUPACI\u00d3N MUNICIPAL<\/strong><\/p>\n\n\n\n<p>Es por ello que, un grupo de vecinos de Caj\u00f3n, este lunes 05 de abril se manifestaron exigiendo mayor dotaci\u00f3n de veh\u00edculos y control policial para que la instituci\u00f3n de Carabineros pueda realizar un control efectivo por las calles de la localidad.<\/p>\n\n\n\n<p>A este ferviente llamado se ha sumado el municipio de Vilc\u00fan, para intentar, una vez m\u00e1s, llegar a o\u00eddos del gobierno y as\u00ed recibir una soluci\u00f3n a este problema con la delincuencia que est\u00e1 afectando a gran parte del pa\u00eds, y en espec\u00edfico a las localidades de la comuna.<\/p>\n\n\n\n<p>En ese sentido, Boris Mart\u00ednez, Director de la Delegaci\u00f3n Municipal emplazada en Caj\u00f3n, manifest\u00f3 que&nbsp;<em>\u201ccomo Municipio hemos realizado muchas gestiones para dar una soluci\u00f3n definitiva a este problema. Es as\u00ed que, oficiaremos en lo inmediato, al Ministro del Interior y Seguridad P\u00fablica y al Intendente de la Regi\u00f3n, a fin de tener una pronta respuesta a esta problem\u00e1tica de seguridad que presenta nuestra comuna y nuestras localidades\u201d.<\/em><\/p>\n\n\n\n<p><strong>SUBCOMISAR\u00cdA PARA VILC\u00daN Y TENENCIA PARA CAJ\u00d3N<\/strong><\/p>\n\n\n\n<p>Mart\u00ednez tambi\u00e9n record\u00f3 que, se est\u00e1 avanzando con un ambicioso proyecto colaborativo entre miembros del Consejo de la Sociedad Civil, dirigentes locales, personal de Carabineros, y representantes de la administraci\u00f3n municipal, que transformar\u00eda la Tenencia de Vilc\u00fan en Comisar\u00eda, y adem\u00e1s, donde el ret\u00e9n de Caj\u00f3n ser\u00eda elevado a la categor\u00eda de Tenencia.<\/p>\n\n\n\n<p>De concretarse este gran proyecto generado en conjunto con la comunidad,&nbsp;<em>\u201cpermitir\u00e1 un aumento en la destinaci\u00f3n de recursos y mayor dotaci\u00f3n de efectivos policiales para el resguardo de la ciudadan\u00eda\u201d<\/em>, seg\u00fan explic\u00f3 Boris Mart\u00ednez<\/p>\n\n\n\n<p>Por otra parte, la pr\u00f3xima semana se llevar\u00e1 a cabo una nueva reuni\u00f3n del Consejo de Seguridad P\u00fabica de la comuna, donde se espera contar con la presencia de autoridades regionales para que&nbsp;<em>\u201ctomen medidas ante este aumento de robos que ha vivenciado la comuna\u201d,<\/em>&nbsp;dijo el Director de la Delegaci\u00f3n municipal en Caj\u00f3n.<\/p>\n\n\n\n<p>Finalmente, en la reuni\u00f3n se presentar\u00e1 nuevamente la inquietud a las autoridades regionales para que los vecinos y vecinas de General L\u00f3pez puedan contar con resguardo policial diurno y nocturno, entendiendo que es la \u00fanica localidad de la comuna que no cuenta con la presencia permanente de Carabineros.<\/p>\n","protected":false},"excerpt":{"rendered":"<div class=\"pvc_clear\"><\/div>\n<p id=\"pvc_stats_20700\" class=\"pvc_stats total_only  \" data-element-id=\"20700\" style=\"\"><i class=\"pvc-stats-icon large\" aria-hidden=\"true\"><svg aria-hidden=\"true\" focusable=\"false\" data-prefix=\"far\" data-icon=\"chart-bar\" role=\"img\" xmlns=\"http:\/\/www.w3.org\/2000\/svg\" viewBox=\"0 0 512 512\" class=\"svg-inline--fa fa-chart-bar fa-w-16 fa-2x\"><path fill=\"currentColor\" d=\"M396.8 352h22.4c6.4 0 12.8-6.4 12.8-12.8V108.8c0-6.4-6.4-12.8-12.8-12.8h-22.4c-6.4 0-12.8 6.4-12.8 12.8v230.4c0 6.4 6.4 12.8 12.8 12.8zm-192 0h22.4c6.4 0 12.8-6.4 12.8-12.8V140.8c0-6.4-6.4-12.8-12.8-12.8h-22.4c-6.4 0-12.8 6.4-12.8 12.8v198.4c0 6.4 6.4 12.8 12.8 12.8zm96 0h22.4c6.4 0 12.8-6.4 12.8-12.8V204.8c0-6.4-6.4-12.8-12.8-12.8h-22.4c-6.4 0-12.8 6.4-12.8 12.8v134.4c0 6.4 6.4 12.8 12.8 12.8zM496 400H48V80c0-8.84-7.16-16-16-16H16C7.16 64 0 71.16 0 80v336c0 17.67 14.33 32 32 32h464c8.84 0 16-7.16 16-16v-16c0-8.84-7.16-16-16-16zm-387.2-48h22.4c6.4 0 12.8-6.4 12.8-12.8v-70.4c0-6.4-6.4-12.8-12.8-12.8h-22.4c-6.4 0-12.8 6.4-12.8 12.8v70.4c0 6.4 6.4 12.8 12.8 12.8z\" class=\"\"><\/path><\/svg><\/i> <img loading=\"lazy\" decoding=\"async\" width=\"16\" height=\"16\" alt=\"Loading\" src=\"https:\/\/temucotelevision.cl\/web\/wp-content\/plugins\/page-views-count\/ajax-loader-2x.gif\" border=0 \/><\/p>\n<div class=\"pvc_clear\"><\/div>\n<p>Aumento de flota y mayor control policial es lo que exige el municipio en conjunto a los vecinos. Denuncias, llamados<\/p>\n","protected":false},"author":1,"featured_media":20701,"comment_status":"open","ping_status":"open","sticky":false,"template":"","format":"standard","meta":{"colormag_page_container_layout":"default_layout","colormag_page_sidebar_layout":"default_layout","footnotes":""},"categories":[15],"tags":[199,206,400],"class_list":["post-20700","post","type-post","status-publish","format-standard","has-post-thumbnail","hentry","category-la-araucania","tag-comunas","tag-gobierno","tag-robos"],"a3_pvc":{"activated":true,"total_views":45,"today_views":0},"_links":{"self":[{"href":"https:\/\/temucotelevision.cl\/web\/wp-json\/wp\/v2\/posts\/20700","targetHints":{"allow":["GET"]}}],"collection":[{"href":"https:\/\/temucotelevision.cl\/web\/wp-json\/wp\/v2\/posts"}],"about":[{"href":"https:\/\/temucotelevision.cl\/web\/wp-json\/wp\/v2\/types\/post"}],"author":[{"embeddable":true,"href":"https:\/\/temucotelevision.cl\/web\/wp-json\/wp\/v2\/users\/1"}],"replies":[{"embeddable":true,"href":"https:\/\/temucotelevision.cl\/web\/wp-json\/wp\/v2\/comments?post=20700"}],"version-history":[{"count":1,"href":"https:\/\/temucotelevision.cl\/web\/wp-json\/wp\/v2\/posts\/20700\/revisions"}],"predecessor-version":[{"id":20702,"href":"https:\/\/temucotelevision.cl\/web\/wp-json\/wp\/v2\/posts\/20700\/revisions\/20702"}],"wp:featuredmedia":[{"embeddable":true,"href":"https:\/\/temucotelevision.cl\/web\/wp-json\/wp\/v2\/media\/20701"}],"wp:attachment":[{"href":"https:\/\/temucotelevision.cl\/web\/wp-json\/wp\/v2\/media?parent=20700"}],"wp:term":[{"taxonomy":"category","embeddable":true,"href":"https:\/\/temucotelevision.cl\/web\/wp-json\/wp\/v2\/categories?post=20700"},{"taxonomy":"post_tag","embeddable":true,"href":"https:\/\/temucotelevision.cl\/web\/wp-json\/wp\/v2\/tags?post=20700"}],"curies":[{"name":"wp","href":"https:\/\/api.w.org\/{rel}","templated":true}]}}