{"id":20695,"date":"2021-04-08T12:01:58","date_gmt":"2021-04-08T15:01:58","guid":{"rendered":"https:\/\/temucotelevision.cl\/web\/?p=20695"},"modified":"2021-04-08T12:02:00","modified_gmt":"2021-04-08T15:02:00","slug":"diputado-celis-valora-que-receta-ya-no-sea-requisito-para-adquirir-anticonceptivos-online","status":"publish","type":"post","link":"https:\/\/temucotelevision.cl\/web\/2021\/04\/08\/diputado-celis-valora-que-receta-ya-no-sea-requisito-para-adquirir-anticonceptivos-online\/","title":{"rendered":"Diputado Celis valora que receta ya no sea requisito para adquirir anticonceptivos online"},"content":{"rendered":"<div class=\"pvc_clear\"><\/div><p id=\"pvc_stats_20695\" class=\"pvc_stats total_only  \" data-element-id=\"20695\" style=\"\"><i class=\"pvc-stats-icon large\" aria-hidden=\"true\"><svg aria-hidden=\"true\" focusable=\"false\" data-prefix=\"far\" data-icon=\"chart-bar\" role=\"img\" xmlns=\"http:\/\/www.w3.org\/2000\/svg\" viewBox=\"0 0 512 512\" class=\"svg-inline--fa fa-chart-bar fa-w-16 fa-2x\"><path fill=\"currentColor\" d=\"M396.8 352h22.4c6.4 0 12.8-6.4 12.8-12.8V108.8c0-6.4-6.4-12.8-12.8-12.8h-22.4c-6.4 0-12.8 6.4-12.8 12.8v230.4c0 6.4 6.4 12.8 12.8 12.8zm-192 0h22.4c6.4 0 12.8-6.4 12.8-12.8V140.8c0-6.4-6.4-12.8-12.8-12.8h-22.4c-6.4 0-12.8 6.4-12.8 12.8v198.4c0 6.4 6.4 12.8 12.8 12.8zm96 0h22.4c6.4 0 12.8-6.4 12.8-12.8V204.8c0-6.4-6.4-12.8-12.8-12.8h-22.4c-6.4 0-12.8 6.4-12.8 12.8v134.4c0 6.4 6.4 12.8 12.8 12.8zM496 400H48V80c0-8.84-7.16-16-16-16H16C7.16 64 0 71.16 0 80v336c0 17.67 14.33 32 32 32h464c8.84 0 16-7.16 16-16v-16c0-8.84-7.16-16-16-16zm-387.2-48h22.4c6.4 0 12.8-6.4 12.8-12.8v-70.4c0-6.4-6.4-12.8-12.8-12.8h-22.4c-6.4 0-12.8 6.4-12.8 12.8v70.4c0 6.4 6.4 12.8 12.8 12.8z\" class=\"\"><\/path><\/svg><\/i> <img loading=\"lazy\" decoding=\"async\" width=\"16\" height=\"16\" alt=\"Loading\" src=\"https:\/\/temucotelevision.cl\/web\/wp-content\/plugins\/page-views-count\/ajax-loader-2x.gif\" border=0 \/><\/p><div class=\"pvc_clear\"><\/div>\n<p>Como razonable calific\u00f3 el diputado Ricardo Celis la decisi\u00f3n del Instituto de Salud P\u00fablica de que no se exija receta m\u00e9dica para poder acceder a anticonceptivos de manera online, calific\u00e1ndola de razonable especialmente en tiempos de pandemia.<\/p>\n\n\n\n<p>\u201cParece del todo razonable la decisi\u00f3n administrativa que ha tomado el ISP de permitir la venta de anticonceptivos sin receta m\u00e9dica v\u00eda online, pero con resguardo de consulta al qu\u00edmico farmac\u00e9utico cuando esto sea necesario\u201d declar\u00f3 el parlamentario, quien es m\u00e9dico ginec\u00f3logo por tanto conoce de primera fuente la realidad de quienes solicitan estos medicamentos.<\/p>\n\n\n\n<p>\u201cLo m\u00e1s importante es cuidar y preservar los derechos sexuales y reproductivos de las mujeres y hombres los cuales de ninguna manera colisiona con el sentido sanitario de una medida de esta naturaleza. Pero adem\u00e1s hay uso de anticonceptivos en muchas ocasiones con fines distintos a la paternidad, para disminuir la endometriosis entre otras causas y ah\u00ed deben recibir asesor\u00eda cuando existan contraindicaciones o que las personas conozcan los efectos adversos\u201d agreg\u00f3.<\/p>\n\n\n\n<p>Los anticonceptivos, utilizados tradicionalmente para evitar embarazos, tambi\u00e9n son utilizados por sus beneficios como tratamiento de m\u00faltiples patolog\u00edas frecuentes en la mujer en su edad f\u00e9rtil, como endometriosis, s\u00edndrome de ovario poliqu\u00edstico o hirsutismo, sin embargo, tambi\u00e9n pueden tener contraindicaciones si existen condiciones como tabaquismo, obesidad o migra\u00f1as.&nbsp;<\/p>\n\n\n\n<p>\u201cHago una invitaci\u00f3n &nbsp; que la ciudadan\u00eda se informe sobre los efectos adversos, las contraindicaciones que presentan los anticonceptivos, y los usos distintos que tienen. Lo m\u00e1s importante es estar seguro que no existan contraindicaciones pero que si se faciliten y no se creen barreras para que s personas puedan acceder a su uso\u201d finaliz\u00f3 el legislador. &nbsp;<\/p>\n\n\n\n<p>La decisi\u00f3n administrativa del ISP fue anunciada mediante un comunicado de prensa donde la instituci\u00f3n se\u00f1ala que \u201canticonceptivos orales pueden ser prescritos por m\u00e9dicos y matronas, y dado que las farmacias son un centro de salud, los pacientes que presenten inconvenientes con sus recetas, sean f\u00edsicas, digitales o electr\u00f3nicas, o bien no cuentan con ella, pueden acudir al qu\u00edmico farmac\u00e9utico del establecimiento para recibir orientaci\u00f3n y evaluar caso a caso, como se hace habitualmente\u201d<\/p>\n\n\n\n<p>La no obligatoriedad de presentar una receta, permite ahorrar una consulta m\u00e9dica que tiene un costo econ\u00f3mico que se vuelve una carga m\u00e1s en tiempos de pandemia, pero adem\u00e1s permite que la gente evite salidas y aglomeraciones ante consultas m\u00e9dicas, lo que es muy necesario en momentos que el pa\u00eds presenta sobre 8 mil casos activos de contagio de Covid-19, siendo &nbsp;2395 pertenecientes a La Araucan\u00eda, 274 casos nuevos &nbsp; y un total de 711 personas fallecidas.<\/p>\n","protected":false},"excerpt":{"rendered":"<div class=\"pvc_clear\"><\/div>\n<p id=\"pvc_stats_20695\" class=\"pvc_stats total_only  \" data-element-id=\"20695\" style=\"\"><i class=\"pvc-stats-icon large\" aria-hidden=\"true\"><svg aria-hidden=\"true\" focusable=\"false\" data-prefix=\"far\" data-icon=\"chart-bar\" role=\"img\" xmlns=\"http:\/\/www.w3.org\/2000\/svg\" viewBox=\"0 0 512 512\" class=\"svg-inline--fa fa-chart-bar fa-w-16 fa-2x\"><path fill=\"currentColor\" d=\"M396.8 352h22.4c6.4 0 12.8-6.4 12.8-12.8V108.8c0-6.4-6.4-12.8-12.8-12.8h-22.4c-6.4 0-12.8 6.4-12.8 12.8v230.4c0 6.4 6.4 12.8 12.8 12.8zm-192 0h22.4c6.4 0 12.8-6.4 12.8-12.8V140.8c0-6.4-6.4-12.8-12.8-12.8h-22.4c-6.4 0-12.8 6.4-12.8 12.8v198.4c0 6.4 6.4 12.8 12.8 12.8zm96 0h22.4c6.4 0 12.8-6.4 12.8-12.8V204.8c0-6.4-6.4-12.8-12.8-12.8h-22.4c-6.4 0-12.8 6.4-12.8 12.8v134.4c0 6.4 6.4 12.8 12.8 12.8zM496 400H48V80c0-8.84-7.16-16-16-16H16C7.16 64 0 71.16 0 80v336c0 17.67 14.33 32 32 32h464c8.84 0 16-7.16 16-16v-16c0-8.84-7.16-16-16-16zm-387.2-48h22.4c6.4 0 12.8-6.4 12.8-12.8v-70.4c0-6.4-6.4-12.8-12.8-12.8h-22.4c-6.4 0-12.8 6.4-12.8 12.8v70.4c0 6.4 6.4 12.8 12.8 12.8z\" class=\"\"><\/path><\/svg><\/i> <img loading=\"lazy\" decoding=\"async\" width=\"16\" height=\"16\" alt=\"Loading\" src=\"https:\/\/temucotelevision.cl\/web\/wp-content\/plugins\/page-views-count\/ajax-loader-2x.gif\" border=0 \/><\/p>\n<div class=\"pvc_clear\"><\/div>\n<p>Como razonable calific\u00f3 el diputado Ricardo Celis la decisi\u00f3n del Instituto de Salud P\u00fablica de que no se exija receta<\/p>\n","protected":false},"author":1,"featured_media":19968,"comment_status":"open","ping_status":"open","sticky":false,"template":"","format":"standard","meta":{"colormag_page_container_layout":"default_layout","colormag_page_sidebar_layout":"default_layout","footnotes":""},"categories":[84],"tags":[2547,3711],"class_list":["post-20695","post","type-post","status-publish","format-standard","has-post-thumbnail","hentry","category-politica","tag-celis","tag-receta"],"a3_pvc":{"activated":true,"total_views":61,"today_views":0},"_links":{"self":[{"href":"https:\/\/temucotelevision.cl\/web\/wp-json\/wp\/v2\/posts\/20695","targetHints":{"allow":["GET"]}}],"collection":[{"href":"https:\/\/temucotelevision.cl\/web\/wp-json\/wp\/v2\/posts"}],"about":[{"href":"https:\/\/temucotelevision.cl\/web\/wp-json\/wp\/v2\/types\/post"}],"author":[{"embeddable":true,"href":"https:\/\/temucotelevision.cl\/web\/wp-json\/wp\/v2\/users\/1"}],"replies":[{"embeddable":true,"href":"https:\/\/temucotelevision.cl\/web\/wp-json\/wp\/v2\/comments?post=20695"}],"version-history":[{"count":1,"href":"https:\/\/temucotelevision.cl\/web\/wp-json\/wp\/v2\/posts\/20695\/revisions"}],"predecessor-version":[{"id":20696,"href":"https:\/\/temucotelevision.cl\/web\/wp-json\/wp\/v2\/posts\/20695\/revisions\/20696"}],"wp:featuredmedia":[{"embeddable":true,"href":"https:\/\/temucotelevision.cl\/web\/wp-json\/wp\/v2\/media\/19968"}],"wp:attachment":[{"href":"https:\/\/temucotelevision.cl\/web\/wp-json\/wp\/v2\/media?parent=20695"}],"wp:term":[{"taxonomy":"category","embeddable":true,"href":"https:\/\/temucotelevision.cl\/web\/wp-json\/wp\/v2\/categories?post=20695"},{"taxonomy":"post_tag","embeddable":true,"href":"https:\/\/temucotelevision.cl\/web\/wp-json\/wp\/v2\/tags?post=20695"}],"curies":[{"name":"wp","href":"https:\/\/api.w.org\/{rel}","templated":true}]}}