{"id":20691,"date":"2021-04-08T11:51:26","date_gmt":"2021-04-08T14:51:26","guid":{"rendered":"https:\/\/temucotelevision.cl\/web\/?p=20691"},"modified":"2021-04-08T11:55:33","modified_gmt":"2021-04-08T14:55:33","slug":"encuesta-multigremial-nacional-por-terrorismo-en-macrozona-sur-98-de-los-consultados-aprueba-una-ley-de-reparacion-a-victimas-de-violencia-rural","status":"publish","type":"post","link":"https:\/\/temucotelevision.cl\/web\/2021\/04\/08\/encuesta-multigremial-nacional-por-terrorismo-en-macrozona-sur-98-de-los-consultados-aprueba-una-ley-de-reparacion-a-victimas-de-violencia-rural\/","title":{"rendered":"Encuesta Multigremial Nacional por terrorismo en macrozona sur: \u201c98% de los consultados aprueba una ley de reparaci\u00f3n a v\u00edctimas de violencia rural\u201d"},"content":{"rendered":"<div class=\"pvc_clear\"><\/div><p id=\"pvc_stats_20691\" class=\"pvc_stats total_only  \" data-element-id=\"20691\" style=\"\"><i class=\"pvc-stats-icon large\" aria-hidden=\"true\"><svg aria-hidden=\"true\" focusable=\"false\" data-prefix=\"far\" data-icon=\"chart-bar\" role=\"img\" xmlns=\"http:\/\/www.w3.org\/2000\/svg\" viewBox=\"0 0 512 512\" class=\"svg-inline--fa fa-chart-bar fa-w-16 fa-2x\"><path fill=\"currentColor\" d=\"M396.8 352h22.4c6.4 0 12.8-6.4 12.8-12.8V108.8c0-6.4-6.4-12.8-12.8-12.8h-22.4c-6.4 0-12.8 6.4-12.8 12.8v230.4c0 6.4 6.4 12.8 12.8 12.8zm-192 0h22.4c6.4 0 12.8-6.4 12.8-12.8V140.8c0-6.4-6.4-12.8-12.8-12.8h-22.4c-6.4 0-12.8 6.4-12.8 12.8v198.4c0 6.4 6.4 12.8 12.8 12.8zm96 0h22.4c6.4 0 12.8-6.4 12.8-12.8V204.8c0-6.4-6.4-12.8-12.8-12.8h-22.4c-6.4 0-12.8 6.4-12.8 12.8v134.4c0 6.4 6.4 12.8 12.8 12.8zM496 400H48V80c0-8.84-7.16-16-16-16H16C7.16 64 0 71.16 0 80v336c0 17.67 14.33 32 32 32h464c8.84 0 16-7.16 16-16v-16c0-8.84-7.16-16-16-16zm-387.2-48h22.4c6.4 0 12.8-6.4 12.8-12.8v-70.4c0-6.4-6.4-12.8-12.8-12.8h-22.4c-6.4 0-12.8 6.4-12.8 12.8v70.4c0 6.4 6.4 12.8 12.8 12.8z\" class=\"\"><\/path><\/svg><\/i> <img loading=\"lazy\" decoding=\"async\" width=\"16\" height=\"16\" alt=\"Loading\" src=\"https:\/\/temucotelevision.cl\/web\/wp-content\/plugins\/page-views-count\/ajax-loader-2x.gif\" border=0 \/><\/p><div class=\"pvc_clear\"><\/div>\n<p><strong>Panel de expertos convocado por la asociaci\u00f3n gremial redact\u00f3 proyecto de ley de reparaci\u00f3n a v\u00edctimas que se encuentra en manos del Ejecutivo desde mediados de marzo, el que busca proporcionalidad en la reparaci\u00f3n, resarcir da\u00f1o psicol\u00f3gico y crear una instancia de reclamaci\u00f3n administrativa y otra judicial simplificada en caso de no haber acuerdo.<\/strong><\/p>\n\n\n\n<p>Un sondeo de la Multigremial Nacional realizado a emprendedores de todo el pa\u00eds revel\u00f3 que el 98% de los encuestados apoya una ley de reparaci\u00f3n a v\u00edctimas de violencia rural en la denominada macrozona sur, que contempla las regiones de Biob\u00edo, La Araucan\u00eda, Los R\u00edos y Los Lagos.\u00a0<\/p>\n\n\n\n<p>El levantamiento realizado por la asociaci\u00f3n gremial surgi\u00f3 a prop\u00f3sito de los centenares de atentados y hechos violentos perpetrados en la zona desde hace m\u00e1s de 20 a\u00f1os a manos de grupos narcoterroristas organizados.&nbsp;<\/p>\n\n\n\n<p>El presidente de la Multigremial Nacional, Juan Pablo Swett, indic\u00f3 que \u201clos resultados son absolutamente concluyentes. Un 98% de los encuestados cree que debe haber una ley de reparaci\u00f3n a v\u00edctimas, lo que refleja la necesidad urgente de avanzar en un proyecto que entregue reparaci\u00f3n justa y proporcional a las v\u00edctimas\u201d.&nbsp;<\/p>\n\n\n\n<p>En esa l\u00ednea, la encuesta indica que un 96% de los consultados cree que, en caso de haber reparaci\u00f3n, \u00e9sta debe ser proporcional al perjuicio econ\u00f3mico causado, terminando as\u00ed con las compensaciones a trav\u00e9s de organismos p\u00fablicos que no tienen criterios definidos, que se otorgan por montos inferiores a los da\u00f1os causados y que no consideran da\u00f1o psicol\u00f3gico de las v\u00edctimas.&nbsp;<\/p>\n\n\n\n<p>Respecto de qu\u00e9 organismo debe impulsar este proyecto para que pueda materializarse en ley del Estado, un 52% de los consultados estima que la iniciativa debe emanar desde el poder Ejecutivo, mientras que un 48% considera que debe hacerlo desde el poder Legislativo.&nbsp;<\/p>\n\n\n\n<p>Swett explic\u00f3 que \u201cdesde la Multigremial Nacional convocamos un grupo de abogados expertos que trabaj\u00f3 durante 6 meses y redact\u00f3 un proyecto de ley de reparaci\u00f3n a v\u00edctimas que hoy se encuentra en poder el gobierno, el que esperamos tenga piso pol\u00edtico suficiente de parte del Parlamento y del Gobierno para que vea la luz y se transforme en ley\u201d.&nbsp;<\/p>\n\n\n\n<p>En general, el proyecto pretende que las reparaciones sean proporcionales al da\u00f1o causado, que exista resarcimiento del da\u00f1o psicol\u00f3gico y moral que sufren las v\u00edctimas y tambi\u00e9n la creaci\u00f3n de una instancia de reclamaci\u00f3n administrativa y otra judicial simplificada en caso de que no exista acuerdo entre las partes. Todo esto, regir\u00eda para todas las v\u00edctimas desde el a\u00f1o 2000 en adelante.<\/p>\n\n\n\n<p>La muestra se realiz\u00f3 a 660 personas en forma aleatoria en todo el pa\u00eds. Las regiones donde hubo mayor participaci\u00f3n fue La Araucan\u00eda, Biob\u00edo, Metropolitana y Valpara\u00edso. Los sectores productivos en que se desarrollan los encuestados son Agricultura, Comercio, Forestal y Hoteler\u00eda y turismo.&nbsp;&nbsp;&nbsp;&nbsp;<\/p>\n","protected":false},"excerpt":{"rendered":"<div class=\"pvc_clear\"><\/div>\n<p id=\"pvc_stats_20691\" class=\"pvc_stats total_only  \" data-element-id=\"20691\" style=\"\"><i class=\"pvc-stats-icon large\" aria-hidden=\"true\"><svg aria-hidden=\"true\" focusable=\"false\" data-prefix=\"far\" data-icon=\"chart-bar\" role=\"img\" xmlns=\"http:\/\/www.w3.org\/2000\/svg\" viewBox=\"0 0 512 512\" class=\"svg-inline--fa fa-chart-bar fa-w-16 fa-2x\"><path fill=\"currentColor\" d=\"M396.8 352h22.4c6.4 0 12.8-6.4 12.8-12.8V108.8c0-6.4-6.4-12.8-12.8-12.8h-22.4c-6.4 0-12.8 6.4-12.8 12.8v230.4c0 6.4 6.4 12.8 12.8 12.8zm-192 0h22.4c6.4 0 12.8-6.4 12.8-12.8V140.8c0-6.4-6.4-12.8-12.8-12.8h-22.4c-6.4 0-12.8 6.4-12.8 12.8v198.4c0 6.4 6.4 12.8 12.8 12.8zm96 0h22.4c6.4 0 12.8-6.4 12.8-12.8V204.8c0-6.4-6.4-12.8-12.8-12.8h-22.4c-6.4 0-12.8 6.4-12.8 12.8v134.4c0 6.4 6.4 12.8 12.8 12.8zM496 400H48V80c0-8.84-7.16-16-16-16H16C7.16 64 0 71.16 0 80v336c0 17.67 14.33 32 32 32h464c8.84 0 16-7.16 16-16v-16c0-8.84-7.16-16-16-16zm-387.2-48h22.4c6.4 0 12.8-6.4 12.8-12.8v-70.4c0-6.4-6.4-12.8-12.8-12.8h-22.4c-6.4 0-12.8 6.4-12.8 12.8v70.4c0 6.4 6.4 12.8 12.8 12.8z\" class=\"\"><\/path><\/svg><\/i> <img loading=\"lazy\" decoding=\"async\" width=\"16\" height=\"16\" alt=\"Loading\" src=\"https:\/\/temucotelevision.cl\/web\/wp-content\/plugins\/page-views-count\/ajax-loader-2x.gif\" border=0 \/><\/p>\n<div class=\"pvc_clear\"><\/div>\n<p>Panel de expertos convocado por la asociaci\u00f3n gremial redact\u00f3 proyecto de ley de reparaci\u00f3n a v\u00edctimas que se encuentra en<\/p>\n","protected":false},"author":1,"featured_media":20580,"comment_status":"open","ping_status":"open","sticky":false,"template":"","format":"standard","meta":{"colormag_page_container_layout":"default_layout","colormag_page_sidebar_layout":"default_layout","footnotes":""},"categories":[15],"tags":[1024,1405,1237],"class_list":["post-20691","post","type-post","status-publish","format-standard","has-post-thumbnail","hentry","category-la-araucania","tag-encuesta","tag-victimas","tag-violencia"],"a3_pvc":{"activated":true,"total_views":28,"today_views":0},"_links":{"self":[{"href":"https:\/\/temucotelevision.cl\/web\/wp-json\/wp\/v2\/posts\/20691","targetHints":{"allow":["GET"]}}],"collection":[{"href":"https:\/\/temucotelevision.cl\/web\/wp-json\/wp\/v2\/posts"}],"about":[{"href":"https:\/\/temucotelevision.cl\/web\/wp-json\/wp\/v2\/types\/post"}],"author":[{"embeddable":true,"href":"https:\/\/temucotelevision.cl\/web\/wp-json\/wp\/v2\/users\/1"}],"replies":[{"embeddable":true,"href":"https:\/\/temucotelevision.cl\/web\/wp-json\/wp\/v2\/comments?post=20691"}],"version-history":[{"count":2,"href":"https:\/\/temucotelevision.cl\/web\/wp-json\/wp\/v2\/posts\/20691\/revisions"}],"predecessor-version":[{"id":20694,"href":"https:\/\/temucotelevision.cl\/web\/wp-json\/wp\/v2\/posts\/20691\/revisions\/20694"}],"wp:featuredmedia":[{"embeddable":true,"href":"https:\/\/temucotelevision.cl\/web\/wp-json\/wp\/v2\/media\/20580"}],"wp:attachment":[{"href":"https:\/\/temucotelevision.cl\/web\/wp-json\/wp\/v2\/media?parent=20691"}],"wp:term":[{"taxonomy":"category","embeddable":true,"href":"https:\/\/temucotelevision.cl\/web\/wp-json\/wp\/v2\/categories?post=20691"},{"taxonomy":"post_tag","embeddable":true,"href":"https:\/\/temucotelevision.cl\/web\/wp-json\/wp\/v2\/tags?post=20691"}],"curies":[{"name":"wp","href":"https:\/\/api.w.org\/{rel}","templated":true}]}}