{"id":20673,"date":"2021-04-07T23:13:00","date_gmt":"2021-04-08T02:13:00","guid":{"rendered":"https:\/\/temucotelevision.cl\/web\/?p=20673"},"modified":"2021-04-07T23:13:03","modified_gmt":"2021-04-08T02:13:03","slug":"vocero-de-gobierno-da-a-conocer-los-resultados-de-la-segunda-consultaciudadana-de-discriminacion","status":"publish","type":"post","link":"https:\/\/temucotelevision.cl\/web\/2021\/04\/07\/vocero-de-gobierno-da-a-conocer-los-resultados-de-la-segunda-consultaciudadana-de-discriminacion\/","title":{"rendered":"Vocero de Gobierno da a conocer los resultados de la Segunda ConsultaCiudadana de Discriminaci\u00f3n"},"content":{"rendered":"<div class=\"pvc_clear\"><\/div><p id=\"pvc_stats_20673\" class=\"pvc_stats total_only  \" data-element-id=\"20673\" style=\"\"><i class=\"pvc-stats-icon large\" aria-hidden=\"true\"><svg aria-hidden=\"true\" focusable=\"false\" data-prefix=\"far\" data-icon=\"chart-bar\" role=\"img\" xmlns=\"http:\/\/www.w3.org\/2000\/svg\" viewBox=\"0 0 512 512\" class=\"svg-inline--fa fa-chart-bar fa-w-16 fa-2x\"><path fill=\"currentColor\" d=\"M396.8 352h22.4c6.4 0 12.8-6.4 12.8-12.8V108.8c0-6.4-6.4-12.8-12.8-12.8h-22.4c-6.4 0-12.8 6.4-12.8 12.8v230.4c0 6.4 6.4 12.8 12.8 12.8zm-192 0h22.4c6.4 0 12.8-6.4 12.8-12.8V140.8c0-6.4-6.4-12.8-12.8-12.8h-22.4c-6.4 0-12.8 6.4-12.8 12.8v198.4c0 6.4 6.4 12.8 12.8 12.8zm96 0h22.4c6.4 0 12.8-6.4 12.8-12.8V204.8c0-6.4-6.4-12.8-12.8-12.8h-22.4c-6.4 0-12.8 6.4-12.8 12.8v134.4c0 6.4 6.4 12.8 12.8 12.8zM496 400H48V80c0-8.84-7.16-16-16-16H16C7.16 64 0 71.16 0 80v336c0 17.67 14.33 32 32 32h464c8.84 0 16-7.16 16-16v-16c0-8.84-7.16-16-16-16zm-387.2-48h22.4c6.4 0 12.8-6.4 12.8-12.8v-70.4c0-6.4-6.4-12.8-12.8-12.8h-22.4c-6.4 0-12.8 6.4-12.8 12.8v70.4c0 6.4 6.4 12.8 12.8 12.8z\" class=\"\"><\/path><\/svg><\/i> <img loading=\"lazy\" decoding=\"async\" width=\"16\" height=\"16\" alt=\"Loading\" src=\"https:\/\/temucotelevision.cl\/web\/wp-content\/plugins\/page-views-count\/ajax-loader-2x.gif\" border=0 \/><\/p><div class=\"pvc_clear\"><\/div>\n<p>Entre los principales resultados que arroj\u00f3 la consulta, se encuentra que un 48% asegura haberse&nbsp;sentido&nbsp;discriminadoarbitrariamente&nbsp;y&nbsp;un&nbsp;42% dice&nbsp;que&nbsp;ha&nbsp;sido&nbsp;debido&nbsp;a&nbsp;su&nbsp;apariencia&nbsp;personal.<\/p>\n\n\n\n<p>El Vocero de Gobierno, Jaime Bellolio, junto al Subsecretario&nbsp;Emardo&nbsp;Hantelmann&nbsp;y&nbsp;el&nbsp;Director&nbsp;del&nbsp;Observatorio&nbsp;deParticipaci\u00f3n&nbsp;Ciudadana&nbsp;y&nbsp;no&nbsp;Discriminaci\u00f3n,&nbsp;Camilo&nbsp;Cayuqueo,&nbsp;dieron&nbsp;a&nbsp;conocer&nbsp;los&nbsp;resultados&nbsp;de&nbsp;la&nbsp;Segunda&nbsp;ConsultaCiudadana&nbsp;de&nbsp;Discriminaci\u00f3n,&nbsp;en&nbsp;el&nbsp;marco&nbsp;de&nbsp;la campa\u00f1a&nbsp;\u201cYo&nbsp;Te&nbsp;Respeto\u201d.<\/p>\n\n\n\n<p>Entre&nbsp;diciembre&nbsp;de&nbsp;2019&nbsp;y&nbsp;enero&nbsp;de&nbsp;2020&nbsp;se&nbsp;llev\u00f3&nbsp;a&nbsp;cabo&nbsp;este&nbsp;proceso&nbsp;de&nbsp;consulta,&nbsp;el&nbsp;cual&nbsp;consisti\u00f3&nbsp;en&nbsp;un&nbsp;trabajo&nbsp;a&nbsp;nivelnacional&nbsp;de&nbsp;manera&nbsp;presencial&nbsp;y&nbsp;online,&nbsp;a&nbsp;trav\u00e9s&nbsp;de&nbsp;la&nbsp;p\u00e1gina&nbsp;<a href=\"http:\/\/www.yoterespeto.cl\/\" target=\"_blank\" rel=\"noreferrer noopener\">www.yoterespeto.cl<\/a>.&nbsp;El&nbsp;formato&nbsp;online&nbsp;estuvo&nbsp;disponible&nbsp;endiferentes&nbsp;idiomas:&nbsp;espa\u00f1ol,&nbsp;mapudung\u00fan,&nbsp;aymara,&nbsp;rapanui&nbsp;y&nbsp;kreyol.&nbsp;En total&nbsp;participaron&nbsp;m\u00e1s&nbsp;de 67.809 personas.<\/p>\n\n\n\n<p>Entre&nbsp;sus&nbsp;principales&nbsp;resultados,&nbsp;se&nbsp;encuentra&nbsp;que&nbsp;un&nbsp;48%&nbsp;se&nbsp;ha&nbsp;sentido&nbsp;discriminado&nbsp;arbitrariamente. En ese sentido, un 42% dice que ha sido debido a su apariencia personal, un 22%&nbsp;por su&nbsp;ideolog\u00eda u&nbsp;opini\u00f3n&nbsp;pol\u00edtica y&nbsp;un 21% por&nbsp;su situaci\u00f3n econ\u00f3mica.<\/p>\n\n\n\n<p>Tambi\u00e9n, un 75%&nbsp;asegura haberse sentido discriminado arbitrariamente seg\u00fan su g\u00e9nero en la&nbsp;clasificaci\u00f3n&nbsp;\u201cotro\u201d.&nbsp;Al&nbsp;serconsultados&nbsp;por&nbsp;personas&nbsp;o&nbsp;grupos&nbsp;que&nbsp;los&nbsp;han&nbsp;discriminado,&nbsp;un&nbsp;39%&nbsp;dice&nbsp;que&nbsp;fue&nbsp;un compa\u00f1ero o&nbsp;compa\u00f1era&nbsp;de&nbsp;trabajoo&nbsp;estudio<\/p>\n\n\n\n<p>El Vocero de Gobierno, Jaime Bellolio, se\u00f1al\u00f3 que \u201clos resultados que hoy d\u00eda se presentan son&nbsp;parte de la campa\u00f1a que hemos llamado &#8220;Yo te respeto&#8221;. Y la quisimos llamar as\u00ed porque es una&nbsp;profundidad&nbsp;m\u00e1s&nbsp;all\u00e1&nbsp;de&nbsp;lo&nbsp;que&nbsp;com\u00fanmentese&nbsp;habla&nbsp;como&nbsp;tolerancia.&nbsp;La&nbsp;tolerancia&nbsp;es&nbsp;aceptar&nbsp;que&nbsp;otro est\u00e1 ah\u00ed, mientras que respetar implica que el otro tambi\u00e9n tiene su propia dignidad, por tanto,&nbsp;soy capaz de enriquecerme en la diferencia y diversidad de la otra persona. Esa es la l\u00f3gica de la&nbsp;campa\u00f1a&nbsp;&#8220;Yo&nbsp;te&nbsp;respeto\u201d,&nbsp;es&nbsp;decir,&nbsp;que&nbsp;te&nbsp;considero&nbsp;una&nbsp;persona&nbsp;exactamente&nbsp;igual&nbsp;que&nbsp;yo,&nbsp;con&nbsp;los&nbsp;mismosderechos,&nbsp;deberes,&nbsp;su&nbsp;dignidad\u201d.<\/p>\n\n\n\n<p>Por&nbsp;su&nbsp;parte,&nbsp;Camilo&nbsp;Cayuqueo&nbsp;expres\u00f3&nbsp;que&nbsp;\u201cpara&nbsp;el&nbsp;Observatorio&nbsp;de&nbsp;Participaci\u00f3n&nbsp;Ciudadana&nbsp;y&nbsp;No&nbsp;Discriminaci\u00f3n es de gran importancia poder dar a conocer los resultados de la Segunda Consulta&nbsp;de Discriminaci\u00f3n. Esto nos permite impulsar variadas acciones en pos de avanzar hacia un pa\u00eds&nbsp;m\u00e1s respetuoso, inclusivo y en donde las diferencias se valoren como un aporte hacia la sociedad.&nbsp;Nuestra unidad trabaja constantemente por terminar con todo tipo de discriminaci\u00f3n arbitraria y&nbsp;conocer los resultados de la Consulta nos impulsa a seguir en esta misma senda. Tambi\u00e9n quiero&nbsp;agradecer el rol que tuvieron las regiones, ya que fueron fundamentales en la aplicaci\u00f3n de esta&nbsp;consulta y la informaci\u00f3n entregada por los Seremis nos permite conocer las diferentes realidades&nbsp;de&nbsp;nuestro pa\u00eds\u201d.<\/p>\n\n\n\n<p>Conoce&nbsp;los&nbsp;resultados&nbsp;de&nbsp;la&nbsp;Segunda&nbsp;Consulta&nbsp;Ciudadana&nbsp;de&nbsp;Discriminaci\u00f3n&nbsp;en&nbsp;<a href=\"http:\/\/www.msgg.gob.cl\/\" target=\"_blank\" rel=\"noreferrer noopener\">www.msgg.gob.cl<\/a>.<\/p>\n","protected":false},"excerpt":{"rendered":"<div class=\"pvc_clear\"><\/div>\n<p id=\"pvc_stats_20673\" class=\"pvc_stats total_only  \" data-element-id=\"20673\" style=\"\"><i class=\"pvc-stats-icon large\" aria-hidden=\"true\"><svg aria-hidden=\"true\" focusable=\"false\" data-prefix=\"far\" data-icon=\"chart-bar\" role=\"img\" xmlns=\"http:\/\/www.w3.org\/2000\/svg\" viewBox=\"0 0 512 512\" class=\"svg-inline--fa fa-chart-bar fa-w-16 fa-2x\"><path fill=\"currentColor\" d=\"M396.8 352h22.4c6.4 0 12.8-6.4 12.8-12.8V108.8c0-6.4-6.4-12.8-12.8-12.8h-22.4c-6.4 0-12.8 6.4-12.8 12.8v230.4c0 6.4 6.4 12.8 12.8 12.8zm-192 0h22.4c6.4 0 12.8-6.4 12.8-12.8V140.8c0-6.4-6.4-12.8-12.8-12.8h-22.4c-6.4 0-12.8 6.4-12.8 12.8v198.4c0 6.4 6.4 12.8 12.8 12.8zm96 0h22.4c6.4 0 12.8-6.4 12.8-12.8V204.8c0-6.4-6.4-12.8-12.8-12.8h-22.4c-6.4 0-12.8 6.4-12.8 12.8v134.4c0 6.4 6.4 12.8 12.8 12.8zM496 400H48V80c0-8.84-7.16-16-16-16H16C7.16 64 0 71.16 0 80v336c0 17.67 14.33 32 32 32h464c8.84 0 16-7.16 16-16v-16c0-8.84-7.16-16-16-16zm-387.2-48h22.4c6.4 0 12.8-6.4 12.8-12.8v-70.4c0-6.4-6.4-12.8-12.8-12.8h-22.4c-6.4 0-12.8 6.4-12.8 12.8v70.4c0 6.4 6.4 12.8 12.8 12.8z\" class=\"\"><\/path><\/svg><\/i> <img loading=\"lazy\" decoding=\"async\" width=\"16\" height=\"16\" alt=\"Loading\" src=\"https:\/\/temucotelevision.cl\/web\/wp-content\/plugins\/page-views-count\/ajax-loader-2x.gif\" border=0 \/><\/p>\n<div class=\"pvc_clear\"><\/div>\n<p>Entre los principales resultados que arroj\u00f3 la consulta, se encuentra que un 48% asegura haberse&nbsp;sentido&nbsp;discriminadoarbitrariamente&nbsp;y&nbsp;un&nbsp;42% dice&nbsp;que&nbsp;ha&nbsp;sido&nbsp;debido&nbsp;a&nbsp;su&nbsp;apariencia&nbsp;personal. El Vocero de Gobierno,<\/p>\n","protected":false},"author":1,"featured_media":20674,"comment_status":"open","ping_status":"open","sticky":false,"template":"","format":"standard","meta":{"colormag_page_container_layout":"default_layout","colormag_page_sidebar_layout":"default_layout","footnotes":""},"categories":[101],"tags":[206,1736],"class_list":["post-20673","post","type-post","status-publish","format-standard","has-post-thumbnail","hentry","category-actualidad","tag-gobierno","tag-vocero"],"a3_pvc":{"activated":true,"total_views":25,"today_views":0},"_links":{"self":[{"href":"https:\/\/temucotelevision.cl\/web\/wp-json\/wp\/v2\/posts\/20673","targetHints":{"allow":["GET"]}}],"collection":[{"href":"https:\/\/temucotelevision.cl\/web\/wp-json\/wp\/v2\/posts"}],"about":[{"href":"https:\/\/temucotelevision.cl\/web\/wp-json\/wp\/v2\/types\/post"}],"author":[{"embeddable":true,"href":"https:\/\/temucotelevision.cl\/web\/wp-json\/wp\/v2\/users\/1"}],"replies":[{"embeddable":true,"href":"https:\/\/temucotelevision.cl\/web\/wp-json\/wp\/v2\/comments?post=20673"}],"version-history":[{"count":1,"href":"https:\/\/temucotelevision.cl\/web\/wp-json\/wp\/v2\/posts\/20673\/revisions"}],"predecessor-version":[{"id":20675,"href":"https:\/\/temucotelevision.cl\/web\/wp-json\/wp\/v2\/posts\/20673\/revisions\/20675"}],"wp:featuredmedia":[{"embeddable":true,"href":"https:\/\/temucotelevision.cl\/web\/wp-json\/wp\/v2\/media\/20674"}],"wp:attachment":[{"href":"https:\/\/temucotelevision.cl\/web\/wp-json\/wp\/v2\/media?parent=20673"}],"wp:term":[{"taxonomy":"category","embeddable":true,"href":"https:\/\/temucotelevision.cl\/web\/wp-json\/wp\/v2\/categories?post=20673"},{"taxonomy":"post_tag","embeddable":true,"href":"https:\/\/temucotelevision.cl\/web\/wp-json\/wp\/v2\/tags?post=20673"}],"curies":[{"name":"wp","href":"https:\/\/api.w.org\/{rel}","templated":true}]}}