{"id":20670,"date":"2021-04-07T21:40:30","date_gmt":"2021-04-08T00:40:30","guid":{"rendered":"https:\/\/temucotelevision.cl\/web\/?p=20670"},"modified":"2021-04-07T21:40:33","modified_gmt":"2021-04-08T00:40:33","slug":"fonasa-anuncia-importantes-mejoras-en-las-coberturas-para-la-poblacion-beneficiaria","status":"publish","type":"post","link":"https:\/\/temucotelevision.cl\/web\/2021\/04\/07\/fonasa-anuncia-importantes-mejoras-en-las-coberturas-para-la-poblacion-beneficiaria\/","title":{"rendered":"Fonasa anuncia importantes mejoras en las coberturas para la poblaci\u00f3n beneficiaria"},"content":{"rendered":"<div class=\"pvc_clear\"><\/div><p id=\"pvc_stats_20670\" class=\"pvc_stats total_only  \" data-element-id=\"20670\" style=\"\"><i class=\"pvc-stats-icon large\" aria-hidden=\"true\"><svg aria-hidden=\"true\" focusable=\"false\" data-prefix=\"far\" data-icon=\"chart-bar\" role=\"img\" xmlns=\"http:\/\/www.w3.org\/2000\/svg\" viewBox=\"0 0 512 512\" class=\"svg-inline--fa fa-chart-bar fa-w-16 fa-2x\"><path fill=\"currentColor\" d=\"M396.8 352h22.4c6.4 0 12.8-6.4 12.8-12.8V108.8c0-6.4-6.4-12.8-12.8-12.8h-22.4c-6.4 0-12.8 6.4-12.8 12.8v230.4c0 6.4 6.4 12.8 12.8 12.8zm-192 0h22.4c6.4 0 12.8-6.4 12.8-12.8V140.8c0-6.4-6.4-12.8-12.8-12.8h-22.4c-6.4 0-12.8 6.4-12.8 12.8v198.4c0 6.4 6.4 12.8 12.8 12.8zm96 0h22.4c6.4 0 12.8-6.4 12.8-12.8V204.8c0-6.4-6.4-12.8-12.8-12.8h-22.4c-6.4 0-12.8 6.4-12.8 12.8v134.4c0 6.4 6.4 12.8 12.8 12.8zM496 400H48V80c0-8.84-7.16-16-16-16H16C7.16 64 0 71.16 0 80v336c0 17.67 14.33 32 32 32h464c8.84 0 16-7.16 16-16v-16c0-8.84-7.16-16-16-16zm-387.2-48h22.4c6.4 0 12.8-6.4 12.8-12.8v-70.4c0-6.4-6.4-12.8-12.8-12.8h-22.4c-6.4 0-12.8 6.4-12.8 12.8v70.4c0 6.4 6.4 12.8 12.8 12.8z\" class=\"\"><\/path><\/svg><\/i> <img loading=\"lazy\" decoding=\"async\" width=\"16\" height=\"16\" alt=\"Loading\" src=\"https:\/\/temucotelevision.cl\/web\/wp-content\/plugins\/page-views-count\/ajax-loader-2x.gif\" border=0 \/><\/p><div class=\"pvc_clear\"><\/div>\n<p>Para este a\u00f1o se han incorporado un total de 122 codificaciones que mejoran la cobertura y acceso a las atenciones de salud, ayudando entre otras cosas, a que las familias tengan un menor gasto de bolsillo.<\/p>\n\n\n\n<p><em>Algunos de los anuncios son:<\/em><\/p>\n\n\n\n<ul class=\"wp-block-list\"><li>En prevenci\u00f3n: nuevos y mejores ex\u00e1menes para la detecci\u00f3n temprana de virus y tipos de c\u00e1ncer.<\/li><li>Relacionado a la pandemia, se agrega la atenci\u00f3n de Fonoaudiolog\u00eda para tratar alteraciones en la degluci\u00f3n, que es una de las secuelas identificadas en los pacientes Covid-19.<em><\/em><\/li><li><em>Se mejoran 6 PAD y se crean 3: Vasectom\u00eda,&nbsp;<\/em>cirug\u00eda intrauterina de reparaci\u00f3n de espina b\u00edfida; Crosslinking Corneal<em>.<\/em><\/li><li>Se ampl\u00eda tambi\u00e9n la cobertura dental que hasta ahora cubr\u00eda desde los 12 a\u00f1os hasta los 17 a\u00f1os, se extiende hasta 34 a\u00f1os, 11 meses, 29 d\u00edas.<\/li><li>Nuevos procedimientos: Cirug\u00eda de implante coclear, biopsia de mama y pr\u00f3stata.<\/li><li>Se fortalece la atenci\u00f3n m\u00e9dica a distancia al incluir 53 prestaciones para Teleconsulta y Telerehabilitaci\u00f3n<em>.<\/em><em><\/em><\/li><\/ul>\n\n\n\n<p>Para seguir mejorando la protecci\u00f3n en salud que necesitan las personas,&nbsp;Fonasa&nbsp;anuncia significativas mejoras en las coberturas de sus beneficiarios para la Modalidad Libre Elecci\u00f3n (MLE).<\/p>\n\n\n\n<p>Para este a\u00f1o, comenta el Director Zonal Sur del Seguro P\u00fablico, Jorge Claude, se han incorporado o actualizado un total de 122 codificaciones que mejoran la cobertura y acceso a las atenciones de salud, dando respuesta a problemas que la ciudadan\u00eda demanda y ayudando a que las familias tengan un menor gasto de bolsillo.<\/p>\n\n\n\n<p>En prevenci\u00f3n son&nbsp;38 nuevas prestaciones que se incorporan, destacando la de Virus de papiloma Humano por PCR, ant\u00edgeno prost\u00e1tico total y libre, VIH por carga viral y ex\u00e1menes gen\u00e9ticos para marcadores tumorales.<\/p>\n\n\n\n<p>Relacionados con las secuelas de pacientes Covid-19, es la Videofluoroscop\u00eda para estudio de degluci\u00f3n, que permite explorar radiol\u00f3gicamente la din\u00e1mica de la garganta y el es\u00f3fago, y as\u00ed observar y diagnosticar alteraciones.<\/p>\n\n\n\n<p>Se incorporan tres nuevos PAD: vasectom\u00eda, cirug\u00eda intrauterina de reparaci\u00f3n de espina b\u00edfida y crosslinking corneal.&nbsp;<strong>(<\/strong>PAD: Programa Asociados a Diagn\u00f3sticos,&nbsp;una soluci\u00f3n integral al problema de salud con una cuenta fija que el paciente conoce previamente).<\/p>\n\n\n\n<p>Se ampl\u00eda la cobertura dental que hasta ahora cubr\u00eda desde los 12 a\u00f1os hasta los 17 a\u00f1os, con 11 meses y 29 d\u00edas, pero ahora, se extiende hasta los 34 a\u00f1os, 11 meses y 29 d\u00edas\u201d, resalt\u00f3.<\/p>\n\n\n\n<p>Se integraron c\u00f3digos para procedimientos e intervenciones quir\u00fargicas, como audiometr\u00eda de campo libre o para la reposici\u00f3n del implante coclear. Cabe precisar que el dispositivo de implante coclear, est\u00e1 en la Ley Ricarte Soto, y ahora se incorpora la cirug\u00eda.<\/p>\n\n\n\n<p>Tambi\u00e9n se suman nuevas prestaciones y mejoras en las coberturas para personas trasplantadas y candidatos a trasplante con ex\u00e1menes de histocompatibilidad, as\u00ed como tambi\u00e9n, de medicina transfusional para pacientes en estado cr\u00edtico de salud, como los pacientes con c\u00e1ncer, politraumatizados, inmunodeprimidos, entre otros.<\/p>\n\n\n\n<p>Se han establecido c\u00f3digos para los procedimientos de biopsia de pr\u00f3stata o mama, atenciones que se realizan en la Atenci\u00f3n Primaria de Salud.<\/p>\n\n\n\n<p>Con el fin de darle continuidad a las atenciones a distancia y que su permanencia no dependiera de la alerta sanitaria, se crearon 53 c\u00f3digos para distintos tipos de consultas y atenciones de otras especialidades.<\/p>\n\n\n\n<p>Estas mejoras buscan que las personas reduzcan su gasto de bolsillo en traslados, puedan acceder a una oferta mayor de especialistas, especialmente en regiones, ampliando la cobertura y el alcance.<\/p>\n\n\n\n<p>El Director Nacional de Fonasa, Marcelo Mosso, se\u00f1al\u00f3 \u201c<em>Para nosotros es un orgullo saber que las pol\u00edticas p\u00fablicas est\u00e1n siendo las correctas y est\u00e1n de cara a lo que necesitan las personas. Cuando a\u00f1os atr\u00e1s, partimos trabajando con la idea de las atenciones remotas, pens\u00e1bamos que ser\u00eda una medida valorada por las personas. Pero fue mucho m\u00e1s que eso, las consultas remotas se volvieron fundamentales con la llegada de la pandemia. Fue la \u00fanica alternativa para que millones de personas no perdieran la continuidad de sus tratamientos.\u201d<\/em><\/p>\n\n\n\n<p>Para informaci\u00f3n detallada&nbsp;<a href=\"https:\/\/www.fonasa.cl\/sites\/fonasa\/noticia\/nvosaranceles_2021\">https:\/\/www.fonasa.cl\/sites\/fonasa\/noticia\/nvosaranceles_2021<\/a><\/p>\n\n\n\n<p><\/p>\n","protected":false},"excerpt":{"rendered":"<div class=\"pvc_clear\"><\/div>\n<p id=\"pvc_stats_20670\" class=\"pvc_stats total_only  \" data-element-id=\"20670\" style=\"\"><i class=\"pvc-stats-icon large\" aria-hidden=\"true\"><svg aria-hidden=\"true\" focusable=\"false\" data-prefix=\"far\" data-icon=\"chart-bar\" role=\"img\" xmlns=\"http:\/\/www.w3.org\/2000\/svg\" viewBox=\"0 0 512 512\" class=\"svg-inline--fa fa-chart-bar fa-w-16 fa-2x\"><path fill=\"currentColor\" d=\"M396.8 352h22.4c6.4 0 12.8-6.4 12.8-12.8V108.8c0-6.4-6.4-12.8-12.8-12.8h-22.4c-6.4 0-12.8 6.4-12.8 12.8v230.4c0 6.4 6.4 12.8 12.8 12.8zm-192 0h22.4c6.4 0 12.8-6.4 12.8-12.8V140.8c0-6.4-6.4-12.8-12.8-12.8h-22.4c-6.4 0-12.8 6.4-12.8 12.8v198.4c0 6.4 6.4 12.8 12.8 12.8zm96 0h22.4c6.4 0 12.8-6.4 12.8-12.8V204.8c0-6.4-6.4-12.8-12.8-12.8h-22.4c-6.4 0-12.8 6.4-12.8 12.8v134.4c0 6.4 6.4 12.8 12.8 12.8zM496 400H48V80c0-8.84-7.16-16-16-16H16C7.16 64 0 71.16 0 80v336c0 17.67 14.33 32 32 32h464c8.84 0 16-7.16 16-16v-16c0-8.84-7.16-16-16-16zm-387.2-48h22.4c6.4 0 12.8-6.4 12.8-12.8v-70.4c0-6.4-6.4-12.8-12.8-12.8h-22.4c-6.4 0-12.8 6.4-12.8 12.8v70.4c0 6.4 6.4 12.8 12.8 12.8z\" class=\"\"><\/path><\/svg><\/i> <img loading=\"lazy\" decoding=\"async\" width=\"16\" height=\"16\" alt=\"Loading\" src=\"https:\/\/temucotelevision.cl\/web\/wp-content\/plugins\/page-views-count\/ajax-loader-2x.gif\" border=0 \/><\/p>\n<div class=\"pvc_clear\"><\/div>\n<p>Para este a\u00f1o se han incorporado un total de 122 codificaciones que mejoran la cobertura y acceso a las atenciones<\/p>\n","protected":false},"author":1,"featured_media":20671,"comment_status":"open","ping_status":"open","sticky":false,"template":"","format":"standard","meta":{"colormag_page_container_layout":"default_layout","colormag_page_sidebar_layout":"default_layout","footnotes":""},"categories":[15],"tags":[854,2141,2515],"class_list":["post-20670","post","type-post","status-publish","format-standard","has-post-thumbnail","hentry","category-la-araucania","tag-cobertura","tag-fonasa","tag-poblacion"],"a3_pvc":{"activated":true,"total_views":37,"today_views":0},"_links":{"self":[{"href":"https:\/\/temucotelevision.cl\/web\/wp-json\/wp\/v2\/posts\/20670","targetHints":{"allow":["GET"]}}],"collection":[{"href":"https:\/\/temucotelevision.cl\/web\/wp-json\/wp\/v2\/posts"}],"about":[{"href":"https:\/\/temucotelevision.cl\/web\/wp-json\/wp\/v2\/types\/post"}],"author":[{"embeddable":true,"href":"https:\/\/temucotelevision.cl\/web\/wp-json\/wp\/v2\/users\/1"}],"replies":[{"embeddable":true,"href":"https:\/\/temucotelevision.cl\/web\/wp-json\/wp\/v2\/comments?post=20670"}],"version-history":[{"count":1,"href":"https:\/\/temucotelevision.cl\/web\/wp-json\/wp\/v2\/posts\/20670\/revisions"}],"predecessor-version":[{"id":20672,"href":"https:\/\/temucotelevision.cl\/web\/wp-json\/wp\/v2\/posts\/20670\/revisions\/20672"}],"wp:featuredmedia":[{"embeddable":true,"href":"https:\/\/temucotelevision.cl\/web\/wp-json\/wp\/v2\/media\/20671"}],"wp:attachment":[{"href":"https:\/\/temucotelevision.cl\/web\/wp-json\/wp\/v2\/media?parent=20670"}],"wp:term":[{"taxonomy":"category","embeddable":true,"href":"https:\/\/temucotelevision.cl\/web\/wp-json\/wp\/v2\/categories?post=20670"},{"taxonomy":"post_tag","embeddable":true,"href":"https:\/\/temucotelevision.cl\/web\/wp-json\/wp\/v2\/tags?post=20670"}],"curies":[{"name":"wp","href":"https:\/\/api.w.org\/{rel}","templated":true}]}}