{"id":20667,"date":"2021-04-07T17:08:59","date_gmt":"2021-04-07T20:08:59","guid":{"rendered":"https:\/\/temucotelevision.cl\/web\/?p=20667"},"modified":"2021-04-07T17:09:02","modified_gmt":"2021-04-07T20:09:02","slug":"gobierno-anuncia-que-librerias-podran-operar-en-cuarentena","status":"publish","type":"post","link":"https:\/\/temucotelevision.cl\/web\/2021\/04\/07\/gobierno-anuncia-que-librerias-podran-operar-en-cuarentena\/","title":{"rendered":"Gobierno anuncia que Librer\u00edas podr\u00e1n operar en cuarentena"},"content":{"rendered":"<div class=\"pvc_clear\"><\/div><p id=\"pvc_stats_20667\" class=\"pvc_stats total_only  \" data-element-id=\"20667\" style=\"\"><i class=\"pvc-stats-icon large\" aria-hidden=\"true\"><svg aria-hidden=\"true\" focusable=\"false\" data-prefix=\"far\" data-icon=\"chart-bar\" role=\"img\" xmlns=\"http:\/\/www.w3.org\/2000\/svg\" viewBox=\"0 0 512 512\" class=\"svg-inline--fa fa-chart-bar fa-w-16 fa-2x\"><path fill=\"currentColor\" d=\"M396.8 352h22.4c6.4 0 12.8-6.4 12.8-12.8V108.8c0-6.4-6.4-12.8-12.8-12.8h-22.4c-6.4 0-12.8 6.4-12.8 12.8v230.4c0 6.4 6.4 12.8 12.8 12.8zm-192 0h22.4c6.4 0 12.8-6.4 12.8-12.8V140.8c0-6.4-6.4-12.8-12.8-12.8h-22.4c-6.4 0-12.8 6.4-12.8 12.8v198.4c0 6.4 6.4 12.8 12.8 12.8zm96 0h22.4c6.4 0 12.8-6.4 12.8-12.8V204.8c0-6.4-6.4-12.8-12.8-12.8h-22.4c-6.4 0-12.8 6.4-12.8 12.8v134.4c0 6.4 6.4 12.8 12.8 12.8zM496 400H48V80c0-8.84-7.16-16-16-16H16C7.16 64 0 71.16 0 80v336c0 17.67 14.33 32 32 32h464c8.84 0 16-7.16 16-16v-16c0-8.84-7.16-16-16-16zm-387.2-48h22.4c6.4 0 12.8-6.4 12.8-12.8v-70.4c0-6.4-6.4-12.8-12.8-12.8h-22.4c-6.4 0-12.8 6.4-12.8 12.8v70.4c0 6.4 6.4 12.8 12.8 12.8z\" class=\"\"><\/path><\/svg><\/i> <img loading=\"lazy\" decoding=\"async\" width=\"16\" height=\"16\" alt=\"Loading\" src=\"https:\/\/temucotelevision.cl\/web\/wp-content\/plugins\/page-views-count\/ajax-loader-2x.gif\" border=0 \/><\/p><div class=\"pvc_clear\"><\/div>\n<p><em>Con fecha 01 de abril, el Gobierno anunci\u00f3 una serie de nuevas medidas que actualizan el Plan Paso a Paso, que comenzaron a regir a partir del lunes 5 de abril, donde destacan principalmente el cierre de fronteras durante el mes, actualizaciones de las definiciones de bienes esenciales, de trabajadores esenciales o imprescindibles, entre otras medidas.<\/em><\/p>\n\n\n\n<p><a>Recientemente se ha difundido una actualizaci\u00f3n del Plan Paso a Paso que comenz\u00f3 a tener vigencia a principios de este mes de abril, con implicancias directas en el sector comercio y que buscan disminuir el desplazamiento de personas, por temas que no son estrictamente necesarios, en el marco de la pandemia. Dentro de estas medidas, est\u00e1 el \u201cEliminar algunos giros de manera temporal\u201d, por quince d\u00edas, tras lo cual se evaluar\u00e1 su continuidad, de acuerdo con las cifras de la pandemia. Entre los giros que se eliminar\u00e1n se encuentra: venta al por menor de prendas y accesorios de vestir, calzado en comercio especializado, la venta al por mayor de perfumes, tocador y cosm\u00e9ticos, entre otros.<\/a><\/p>\n\n\n\n<p>Por otro lado, se inform\u00f3 que se restringir\u00e1 la definici\u00f3n de bienes esenciales de uso dom\u00e9stico, teniendo en cuenta que la definici\u00f3n anterior indicaba que los Bienes Esenciales \u201cSon aquellos bienes que tienen por fin ser utilizados o consumidos por las personas dentro del domicilio y aquellos necesarios para la existencia, estabilidad, conservaci\u00f3n y seguridad del mismo\u201d.<\/p>\n\n\n\n<p>Considerando entre otros factores, el nuevo escenario de confinamiento producto de la pandemia, se ha visto necesario actualizar esta definici\u00f3n, en una nueva que indica que los Bienes y Servicios Esenciales de Uso Dom\u00e9stico: \u201cSon aquellos bienes o servicios que tienen por fin ser utilizados por las personas dentro del domicilio, en comunas que se encuentren en fase 1 o 2 del Plan Paso a Paso, y que son imprescindibles para la subsistencia (alimentos, medicamentos, art\u00edculos de aseo e higiene personal), el teletrabajo, la educaci\u00f3n a distancia y la conservaci\u00f3n y seguridad del inmueble\u201d.<\/p>\n\n\n\n<p><strong>Impacto en el comercio y librer\u00edas<\/strong><\/p>\n\n\n\n<p>El Gobierno Regional, encabezado por el Intendente V\u00edctor Manoli, y en coordinaciones con el Ministerio de Econom\u00eda y Salud, tomaron conocimiento de la situaci\u00f3n que implica un impacto directo en el comercio local, y es as\u00ed como de acuerdo con el nuevo criterio de definici\u00f3n de bienes esenciales, se determina que efectivamente este tipo de establecimientos y an\u00e1logos podr\u00edan operar en cuarentena; es decir, en las 30 comunas que se encuentran en Fase 1, y los fines de semana y festivos en las restantes comunas en fase 2 actualmente.<\/p>\n\n\n\n<p>El Seremi de Econom\u00eda Francisco L\u00f3pez destac\u00f3 este anuncio del Gobierno y explic\u00f3 las implicancias para el sector del comercio local. \u201cCon la actualizaci\u00f3n del Plan Paso a Paso en el mes de abril, se ha actualizado entre otros, la definici\u00f3n de bienes esenciales, y con ello se agregan elementos que han sido necesarios para el teletrabajo y la educaci\u00f3n a distancia, por ejemplo. Por ello, entendemos que el comercio destinado a proveer productos vinculados a estos segmentos de necesidades, podr\u00e1n operar en adelante ajustado al protocolo sanitario para el comercio v\u00eda delivery y presencialmente. Informamos entonces, que efectivamente las Librer\u00edas podr\u00e1n operar en Cuarentena con las recomendaciones y aforos correspondientes, porque bajo esta nueva definici\u00f3n, s\u00ed proveen bienes esenciales. No obstante, es relevante que este tipo de comercio utilizando los giros inscritos en el SII pueda gestionar el Permiso \u00danico Colectivo (PUC) de sus trabajadores que por raz\u00f3n de sus funciones no puedan hacer teletrabajo justificado, para que de esta manera y portando su contrato de trabajo puedan desplazarse desde sus residencias a los distintos lugares de trabajo\u201d.<\/p>\n\n\n\n<p>Finalmente, el Seremi asegur\u00f3 que esto nace de las coordinaciones entre el Gobierno y los distintos gremios del comercio y servicios que trabajamos de forma unida para levantar situaciones que se eval\u00faan y en el caso del requerimiento de las librer\u00edas y an\u00e1logos se dio el espacio de avanzar con las nuevas interpretaciones del Plan Paso a Paso, por lo que se invita a estar revisando las Actualizaciones del Plan Paso a Paso, y documentos descargables como el Instructivo de Desplazamiento, disponibles en www.gob.cl\/pasoapaso.<\/p>\n","protected":false},"excerpt":{"rendered":"<div class=\"pvc_clear\"><\/div>\n<p id=\"pvc_stats_20667\" class=\"pvc_stats total_only  \" data-element-id=\"20667\" style=\"\"><i class=\"pvc-stats-icon large\" aria-hidden=\"true\"><svg aria-hidden=\"true\" focusable=\"false\" data-prefix=\"far\" data-icon=\"chart-bar\" role=\"img\" xmlns=\"http:\/\/www.w3.org\/2000\/svg\" viewBox=\"0 0 512 512\" class=\"svg-inline--fa fa-chart-bar fa-w-16 fa-2x\"><path fill=\"currentColor\" d=\"M396.8 352h22.4c6.4 0 12.8-6.4 12.8-12.8V108.8c0-6.4-6.4-12.8-12.8-12.8h-22.4c-6.4 0-12.8 6.4-12.8 12.8v230.4c0 6.4 6.4 12.8 12.8 12.8zm-192 0h22.4c6.4 0 12.8-6.4 12.8-12.8V140.8c0-6.4-6.4-12.8-12.8-12.8h-22.4c-6.4 0-12.8 6.4-12.8 12.8v198.4c0 6.4 6.4 12.8 12.8 12.8zm96 0h22.4c6.4 0 12.8-6.4 12.8-12.8V204.8c0-6.4-6.4-12.8-12.8-12.8h-22.4c-6.4 0-12.8 6.4-12.8 12.8v134.4c0 6.4 6.4 12.8 12.8 12.8zM496 400H48V80c0-8.84-7.16-16-16-16H16C7.16 64 0 71.16 0 80v336c0 17.67 14.33 32 32 32h464c8.84 0 16-7.16 16-16v-16c0-8.84-7.16-16-16-16zm-387.2-48h22.4c6.4 0 12.8-6.4 12.8-12.8v-70.4c0-6.4-6.4-12.8-12.8-12.8h-22.4c-6.4 0-12.8 6.4-12.8 12.8v70.4c0 6.4 6.4 12.8 12.8 12.8z\" class=\"\"><\/path><\/svg><\/i> <img loading=\"lazy\" decoding=\"async\" width=\"16\" height=\"16\" alt=\"Loading\" src=\"https:\/\/temucotelevision.cl\/web\/wp-content\/plugins\/page-views-count\/ajax-loader-2x.gif\" border=0 \/><\/p>\n<div class=\"pvc_clear\"><\/div>\n<p>Con fecha 01 de abril, el Gobierno anunci\u00f3 una serie de nuevas medidas que actualizan el Plan Paso a Paso,<\/p>\n","protected":false},"author":1,"featured_media":20603,"comment_status":"open","ping_status":"open","sticky":false,"template":"","format":"standard","meta":{"colormag_page_container_layout":"default_layout","colormag_page_sidebar_layout":"default_layout","footnotes":""},"categories":[15],"tags":[2322,206,3600],"class_list":["post-20667","post","type-post","status-publish","format-standard","has-post-thumbnail","hentry","category-la-araucania","tag-cuarentena","tag-gobierno","tag-librerias"],"a3_pvc":{"activated":true,"total_views":55,"today_views":0},"_links":{"self":[{"href":"https:\/\/temucotelevision.cl\/web\/wp-json\/wp\/v2\/posts\/20667","targetHints":{"allow":["GET"]}}],"collection":[{"href":"https:\/\/temucotelevision.cl\/web\/wp-json\/wp\/v2\/posts"}],"about":[{"href":"https:\/\/temucotelevision.cl\/web\/wp-json\/wp\/v2\/types\/post"}],"author":[{"embeddable":true,"href":"https:\/\/temucotelevision.cl\/web\/wp-json\/wp\/v2\/users\/1"}],"replies":[{"embeddable":true,"href":"https:\/\/temucotelevision.cl\/web\/wp-json\/wp\/v2\/comments?post=20667"}],"version-history":[{"count":1,"href":"https:\/\/temucotelevision.cl\/web\/wp-json\/wp\/v2\/posts\/20667\/revisions"}],"predecessor-version":[{"id":20668,"href":"https:\/\/temucotelevision.cl\/web\/wp-json\/wp\/v2\/posts\/20667\/revisions\/20668"}],"wp:featuredmedia":[{"embeddable":true,"href":"https:\/\/temucotelevision.cl\/web\/wp-json\/wp\/v2\/media\/20603"}],"wp:attachment":[{"href":"https:\/\/temucotelevision.cl\/web\/wp-json\/wp\/v2\/media?parent=20667"}],"wp:term":[{"taxonomy":"category","embeddable":true,"href":"https:\/\/temucotelevision.cl\/web\/wp-json\/wp\/v2\/categories?post=20667"},{"taxonomy":"post_tag","embeddable":true,"href":"https:\/\/temucotelevision.cl\/web\/wp-json\/wp\/v2\/tags?post=20667"}],"curies":[{"name":"wp","href":"https:\/\/api.w.org\/{rel}","templated":true}]}}