{"id":20663,"date":"2021-04-07T17:07:10","date_gmt":"2021-04-07T20:07:10","guid":{"rendered":"https:\/\/temucotelevision.cl\/web\/?p=20663"},"modified":"2021-04-07T17:07:12","modified_gmt":"2021-04-07T20:07:12","slug":"fundacion-chile-presenta-nueva-iniciativa-educacion-para-la-ciudadania-dirigida-a-las-comunidades-educativas","status":"publish","type":"post","link":"https:\/\/temucotelevision.cl\/web\/2021\/04\/07\/fundacion-chile-presenta-nueva-iniciativa-educacion-para-la-ciudadania-dirigida-a-las-comunidades-educativas\/","title":{"rendered":"Fundaci\u00f3n Chile presenta nueva iniciativa \u201cEducaci\u00f3n para la Ciudadan\u00eda\u201d dirigida a las comunidades educativas"},"content":{"rendered":"<div class=\"pvc_clear\"><\/div><p id=\"pvc_stats_20663\" class=\"pvc_stats total_only  \" data-element-id=\"20663\" style=\"\"><i class=\"pvc-stats-icon large\" aria-hidden=\"true\"><svg aria-hidden=\"true\" focusable=\"false\" data-prefix=\"far\" data-icon=\"chart-bar\" role=\"img\" xmlns=\"http:\/\/www.w3.org\/2000\/svg\" viewBox=\"0 0 512 512\" class=\"svg-inline--fa fa-chart-bar fa-w-16 fa-2x\"><path fill=\"currentColor\" d=\"M396.8 352h22.4c6.4 0 12.8-6.4 12.8-12.8V108.8c0-6.4-6.4-12.8-12.8-12.8h-22.4c-6.4 0-12.8 6.4-12.8 12.8v230.4c0 6.4 6.4 12.8 12.8 12.8zm-192 0h22.4c6.4 0 12.8-6.4 12.8-12.8V140.8c0-6.4-6.4-12.8-12.8-12.8h-22.4c-6.4 0-12.8 6.4-12.8 12.8v198.4c0 6.4 6.4 12.8 12.8 12.8zm96 0h22.4c6.4 0 12.8-6.4 12.8-12.8V204.8c0-6.4-6.4-12.8-12.8-12.8h-22.4c-6.4 0-12.8 6.4-12.8 12.8v134.4c0 6.4 6.4 12.8 12.8 12.8zM496 400H48V80c0-8.84-7.16-16-16-16H16C7.16 64 0 71.16 0 80v336c0 17.67 14.33 32 32 32h464c8.84 0 16-7.16 16-16v-16c0-8.84-7.16-16-16-16zm-387.2-48h22.4c6.4 0 12.8-6.4 12.8-12.8v-70.4c0-6.4-6.4-12.8-12.8-12.8h-22.4c-6.4 0-12.8 6.4-12.8 12.8v70.4c0 6.4 6.4 12.8 12.8 12.8z\" class=\"\"><\/path><\/svg><\/i> <img loading=\"lazy\" decoding=\"async\" width=\"16\" height=\"16\" alt=\"Loading\" src=\"https:\/\/temucotelevision.cl\/web\/wp-content\/plugins\/page-views-count\/ajax-loader-2x.gif\" border=0 \/><\/p><div class=\"pvc_clear\"><\/div>\n<ul class=\"wp-block-list\"><li><em>La plataforma, cuyo prop\u00f3sito es apoyar la formaci\u00f3n ciudadana de ni\u00f1as, ni\u00f1os y j\u00f3venes para el siglo XXI a trav\u00e9s de recursos y una oferta formativa docente,&nbsp;&nbsp;ser\u00e1 presentada el jueves 8 de abril en el seminario \u201cEducaci\u00f3n para la Ciudadan\u00eda: participaci\u00f3n de ni\u00f1as, ni\u00f1os y adolescentes<strong>\u201d<\/strong>, con la participaci\u00f3n de reconocidos exponentes de proyectos participativos y ciudadanos.<\/em><\/li><\/ul>\n\n\n\n<p>Los cambios sociales, el proceso constituyente y la crisis sanitaria que vive el pa\u00eds configuran un escenario en donde se hace urgente la comprensi\u00f3n del Estado y el contexto pol\u00edtico-social, al igual que la participaci\u00f3n, el compromiso y colaboraci\u00f3n de los habitantes del pa\u00eds para enfrentar con confianza los desaf\u00edos de un mundo en constante transformaci\u00f3n.&nbsp;<\/p>\n\n\n\n<p>En ese contexto, el \u00e1rea de Aprendizaje para el Futuro de Fundaci\u00f3n Chile, se propuso crear la plataforma \u201c<a href=\"https:\/\/fch.cl\/iniciativa\/educacion-para-la-ciudadania\/\">Educaci\u00f3n para la Ciudadan\u00eda<\/a>\u201d para&nbsp;promover el desarrollo de la Formaci\u00f3n Ciudadana a partir de la Educaci\u00f3n Inicial y en todos los niveles de ense\u00f1anza, con el&nbsp;&nbsp;objetivo de que ni\u00f1as y ni\u00f1os desarrollen un conjunto de conocimientos, habilidades y actitudes que los forme como personas integrales,&nbsp;<strong>comprometidas con una sociedad democr\u00e1tica, conscientes de los derechos y deberes propios de la vida comunitaria que exigen una participaci\u00f3n responsable y comprometida.<\/strong><\/p>\n\n\n\n<p>La presentaci\u00f3n de esta plataforma, que adem\u00e1s considera una atractiva oferta formativa dirigida a docentes, se llevar\u00e1 a cabo el&nbsp;<strong>jueves<\/strong>&nbsp;<strong>&nbsp;8 de abril a las 17:00 horas, en el seminario virtual \u201c<\/strong><a href=\"https:\/\/fch.cl\/iniciativa\/educacion-para-la-ciudadania\/\"><strong>Educaci\u00f3n para la Ciudadan\u00eda<\/strong><\/a><strong>\u201d, el que ser\u00e1 transmitido e<\/strong>n simult\u00e1neo por las cuentas de YouTube y Facebook de&nbsp;<strong>educarchile<\/strong>.<strong><\/strong><\/p>\n\n\n\n<p><strong>\u201cLa formaci\u00f3n de las competencias c\u00edvicas y ciudadanas son tambi\u00e9n una responsabilidad de las comunidades escolares, pues en el espacio de la convivencia cotidiana es que aprendemos sobre democracia, participaci\u00f3n, bien com\u00fan e inter\u00e9s por lo p\u00fablico. Si bien la escuela moderna nace junto con la rep\u00fablica y la democracia participativa, actualmente es esencial su papel como formadora en el respeto por los derechos humanos y la valoraci\u00f3n de la diferencia\u201d, sostiene Marco \u00c1vila, jefe de proyectos de Aprendizaje para el Futuro de Fundaci\u00f3n Chile.&nbsp;<\/strong><\/p>\n\n\n\n<p>En la actividad, se abordar\u00e1 la relevancia de la participaci\u00f3n ciudadana a trav\u00e9s del relato de representantes de iniciativas abocadas a esta tem\u00e1tica. De esta forma,&nbsp;expondr\u00e1&nbsp;<strong>Carolina Hirmas<\/strong>,&nbsp;Coordinadora del \u00e1rea de Formaci\u00f3n en Derechos Humanos, Ciudadan\u00eda y Convivencia Escolar de la Organizaci\u00f3n&nbsp;para la Educaci\u00f3n, la Ciencia y la Cultura OEI en&nbsp;Chile, quien se referir\u00e1 al proyecto&nbsp;<strong>\u201cForos Juveniles\u201d<\/strong>, un&nbsp;espacio de reflexi\u00f3n y debate para j\u00f3venes entre 14 y 17 a\u00f1os en el marco de un proceso constituyente.&nbsp;<\/p>\n\n\n\n<p>Tambi\u00e9n, participar\u00e1 como expositora&nbsp;<strong>Alionka Miranda<\/strong>, cientista pol\u00edtica y coordinadora del espacio&nbsp;<strong>\u201cTenemos que Hablar de Educaci\u00f3n,&nbsp;<\/strong>que busca que las propias comunidades educativas planteen los principales desaf\u00edos del pa\u00eds para lograr una educaci\u00f3n equitativa, inclusiva, de calidad y para el siglo XXI. Asimismo,&nbsp;<strong>Andr\u00e9s Soffia<\/strong>, Director Ejecutivo de Fundaci\u00f3n Educaci\u00f3n y Ciudadan\u00eda y co-coordinador del proyecto&nbsp;<strong>&#8220;Ahora Nos Toca Participar&#8221;,&nbsp;<\/strong>presentar\u00e1 esta iniciativa<strong>&nbsp;<\/strong>cuyo&nbsp;objetivo es contribuir al fortalecimiento de la democracia y de la cohesi\u00f3n social en Chile a trav\u00e9s de di\u00e1logos ciudadanos.&nbsp;<\/p>\n\n\n\n<p>Inscripciones al seminario virtual:&nbsp;<a href=\"https:\/\/forms.office.com\/r\/f7ytwQMpCX\">Microsoft Forms<\/a><\/p>\n\n\n\n<figure class=\"wp-block-embed\"><div class=\"wp-block-embed__wrapper\">\nhttps:\/\/forms.office.com\/pages\/responsepage.aspx?id=BSlUrEXtfEOSi7bLFyHT_nh1ZDekefdDot2NVBGJTrVUNjc0QjFOVkFJUEE3WEk4RlFNWU0yR1BINy4u\n<\/div><\/figure>\n\n\n\n<figure class=\"wp-block-image size-large is-style-default\"><img loading=\"lazy\" decoding=\"async\" width=\"600\" height=\"600\" src=\"https:\/\/temucotelevision.cl\/web\/wp-content\/uploads\/2021\/04\/Seminario.jpg\" alt=\"\" class=\"wp-image-20665\"\/><\/figure>\n","protected":false},"excerpt":{"rendered":"<div class=\"pvc_clear\"><\/div>\n<p id=\"pvc_stats_20663\" class=\"pvc_stats total_only  \" data-element-id=\"20663\" style=\"\"><i class=\"pvc-stats-icon large\" aria-hidden=\"true\"><svg aria-hidden=\"true\" focusable=\"false\" data-prefix=\"far\" data-icon=\"chart-bar\" role=\"img\" xmlns=\"http:\/\/www.w3.org\/2000\/svg\" viewBox=\"0 0 512 512\" class=\"svg-inline--fa fa-chart-bar fa-w-16 fa-2x\"><path fill=\"currentColor\" d=\"M396.8 352h22.4c6.4 0 12.8-6.4 12.8-12.8V108.8c0-6.4-6.4-12.8-12.8-12.8h-22.4c-6.4 0-12.8 6.4-12.8 12.8v230.4c0 6.4 6.4 12.8 12.8 12.8zm-192 0h22.4c6.4 0 12.8-6.4 12.8-12.8V140.8c0-6.4-6.4-12.8-12.8-12.8h-22.4c-6.4 0-12.8 6.4-12.8 12.8v198.4c0 6.4 6.4 12.8 12.8 12.8zm96 0h22.4c6.4 0 12.8-6.4 12.8-12.8V204.8c0-6.4-6.4-12.8-12.8-12.8h-22.4c-6.4 0-12.8 6.4-12.8 12.8v134.4c0 6.4 6.4 12.8 12.8 12.8zM496 400H48V80c0-8.84-7.16-16-16-16H16C7.16 64 0 71.16 0 80v336c0 17.67 14.33 32 32 32h464c8.84 0 16-7.16 16-16v-16c0-8.84-7.16-16-16-16zm-387.2-48h22.4c6.4 0 12.8-6.4 12.8-12.8v-70.4c0-6.4-6.4-12.8-12.8-12.8h-22.4c-6.4 0-12.8 6.4-12.8 12.8v70.4c0 6.4 6.4 12.8 12.8 12.8z\" class=\"\"><\/path><\/svg><\/i> <img loading=\"lazy\" decoding=\"async\" width=\"16\" height=\"16\" alt=\"Loading\" src=\"https:\/\/temucotelevision.cl\/web\/wp-content\/plugins\/page-views-count\/ajax-loader-2x.gif\" border=0 \/><\/p>\n<div class=\"pvc_clear\"><\/div>\n<p>La plataforma, cuyo prop\u00f3sito es apoyar la formaci\u00f3n ciudadana de ni\u00f1as, ni\u00f1os y j\u00f3venes para el siglo XXI a trav\u00e9s<\/p>\n","protected":false},"author":1,"featured_media":20664,"comment_status":"open","ping_status":"open","sticky":false,"template":"","format":"standard","meta":{"colormag_page_container_layout":"default_layout","colormag_page_sidebar_layout":"default_layout","footnotes":""},"categories":[101],"tags":[1174,148,1716],"class_list":["post-20663","post","type-post","status-publish","format-standard","has-post-thumbnail","hentry","category-actualidad","tag-comunidades","tag-educacion","tag-fundacion"],"a3_pvc":{"activated":true,"total_views":63,"today_views":0},"_links":{"self":[{"href":"https:\/\/temucotelevision.cl\/web\/wp-json\/wp\/v2\/posts\/20663","targetHints":{"allow":["GET"]}}],"collection":[{"href":"https:\/\/temucotelevision.cl\/web\/wp-json\/wp\/v2\/posts"}],"about":[{"href":"https:\/\/temucotelevision.cl\/web\/wp-json\/wp\/v2\/types\/post"}],"author":[{"embeddable":true,"href":"https:\/\/temucotelevision.cl\/web\/wp-json\/wp\/v2\/users\/1"}],"replies":[{"embeddable":true,"href":"https:\/\/temucotelevision.cl\/web\/wp-json\/wp\/v2\/comments?post=20663"}],"version-history":[{"count":1,"href":"https:\/\/temucotelevision.cl\/web\/wp-json\/wp\/v2\/posts\/20663\/revisions"}],"predecessor-version":[{"id":20666,"href":"https:\/\/temucotelevision.cl\/web\/wp-json\/wp\/v2\/posts\/20663\/revisions\/20666"}],"wp:featuredmedia":[{"embeddable":true,"href":"https:\/\/temucotelevision.cl\/web\/wp-json\/wp\/v2\/media\/20664"}],"wp:attachment":[{"href":"https:\/\/temucotelevision.cl\/web\/wp-json\/wp\/v2\/media?parent=20663"}],"wp:term":[{"taxonomy":"category","embeddable":true,"href":"https:\/\/temucotelevision.cl\/web\/wp-json\/wp\/v2\/categories?post=20663"},{"taxonomy":"post_tag","embeddable":true,"href":"https:\/\/temucotelevision.cl\/web\/wp-json\/wp\/v2\/tags?post=20663"}],"curies":[{"name":"wp","href":"https:\/\/api.w.org\/{rel}","templated":true}]}}