{"id":1988,"date":"2019-03-05T08:00:43","date_gmt":"2019-03-05T11:00:43","guid":{"rendered":"https:\/\/temucotelevision.cl\/web\/?p=1988"},"modified":"2019-03-05T01:40:11","modified_gmt":"2019-03-05T04:40:11","slug":"caso-nido-los-vacios-legales-a-los-que-se-ven-enfrentadas-las-victimas-de-acoso","status":"publish","type":"post","link":"https:\/\/temucotelevision.cl\/web\/2019\/03\/05\/caso-nido-los-vacios-legales-a-los-que-se-ven-enfrentadas-las-victimas-de-acoso\/","title":{"rendered":"Caso Nido: Los vac\u00edos legales a los que se ven enfrentadas las v\u00edctimas de acoso"},"content":{"rendered":"<div class=\"pvc_clear\"><\/div>\n<p id=\"pvc_stats_1988\" class=\"pvc_stats total_only  \" data-element-id=\"1988\" style=\"\"><i class=\"pvc-stats-icon large\" aria-hidden=\"true\"><svg aria-hidden=\"true\" focusable=\"false\" data-prefix=\"far\" data-icon=\"chart-bar\" role=\"img\" xmlns=\"http:\/\/www.w3.org\/2000\/svg\" viewBox=\"0 0 512 512\" class=\"svg-inline--fa fa-chart-bar fa-w-16 fa-2x\"><path fill=\"currentColor\" d=\"M396.8 352h22.4c6.4 0 12.8-6.4 12.8-12.8V108.8c0-6.4-6.4-12.8-12.8-12.8h-22.4c-6.4 0-12.8 6.4-12.8 12.8v230.4c0 6.4 6.4 12.8 12.8 12.8zm-192 0h22.4c6.4 0 12.8-6.4 12.8-12.8V140.8c0-6.4-6.4-12.8-12.8-12.8h-22.4c-6.4 0-12.8 6.4-12.8 12.8v198.4c0 6.4 6.4 12.8 12.8 12.8zm96 0h22.4c6.4 0 12.8-6.4 12.8-12.8V204.8c0-6.4-6.4-12.8-12.8-12.8h-22.4c-6.4 0-12.8 6.4-12.8 12.8v134.4c0 6.4 6.4 12.8 12.8 12.8zM496 400H48V80c0-8.84-7.16-16-16-16H16C7.16 64 0 71.16 0 80v336c0 17.67 14.33 32 32 32h464c8.84 0 16-7.16 16-16v-16c0-8.84-7.16-16-16-16zm-387.2-48h22.4c6.4 0 12.8-6.4 12.8-12.8v-70.4c0-6.4-6.4-12.8-12.8-12.8h-22.4c-6.4 0-12.8 6.4-12.8 12.8v70.4c0 6.4 6.4 12.8 12.8 12.8z\" class=\"\"><\/path><\/svg><\/i> <img loading=\"lazy\" decoding=\"async\" width=\"16\" height=\"16\" alt=\"Loading\" src=\"https:\/\/temucotelevision.cl\/web\/wp-content\/plugins\/page-views-count\/ajax-loader-2x.gif\" border=0 \/><\/p>\n<div class=\"pvc_clear\"><\/div>\n<p style=\"text-align: justify;\">Acoso, hostigamiento, amenazas de muerte y divulgaci\u00f3n de fotograf\u00edas \u00edntimas acompa\u00f1adas de informaci\u00f3n personal, es el mecanismo con que hombres detr\u00e1s de un computador se dedican a asustar a mujeres, incluso con un supuesto secuestros o violaci\u00f3n.<\/p>\n<p style=\"text-align: justify;\">H\u00e1blamos de p\u00e1ginas web en que personas an\u00f3nimas denigran y exponen a mujeres chilenas con contenido sexual a trav\u00e9s de foros y chats:\u00a0Nido.org, Hispachan y 8chan, son algunas de las p\u00e1ginas de f\u00e1cil acceso en las que existen secciones dedicadas especialmente a difundir datos personales, \u00a0direcciones y fotograf\u00edas \u00edntimas par insultar y extorsionar a j\u00f3venes.<\/p>\n<p>Una de las v\u00edctimas relat\u00f3 que &#8220;fui v\u00edctima de Nido, no ten\u00eda conocimiento ni ninguna de las ni\u00f1as que fueron nombradas.\u00a0Me lleg\u00f3 un mensaje que dec\u00eda que me estaban nombrando, y era de un usuario de Instagram\u00a0(&#8230;). Empec\u00e9 a investigar un poco m\u00e1s y estas capturas las hice p\u00fablicas por Instagram y comenz\u00f3 la funa. Empezaron a llegarme fotos, de ni\u00f1as desnudas, y los tipos comenzaban a preguntar informaci\u00f3n personal. Aparec\u00eda alguien que daba m\u00e1s detalles. Fue terrible, yo no quer\u00eda salir de la casa, porque fui una de las amenazadas con ser secuestrada&#8221;, dijo<\/p>\n<p>Los integrantes que participan en Nido.org se denominan &#8220;Choroy&#8221;, y sus conversaciones en uno de los foros fueron funadas a tr\u00e1ves de Twitter&#8230; d\u00edas despu\u00e9s se dio a conocer que uno de sus administradores se suicid\u00f3 en la estaci\u00f3n Grecia de la l\u00ednea 4 del metro, por razones que la polic\u00eda de investigaciones investiga.<\/p>\n<p style=\"text-align: justify;\">Lo concreto es que hasta el momento hay m\u00e1s de 140 denuncias a nivel nacional, 34 de ellas provienentes de menores de edad. Sin embargo, existe un grupo de mujeres que aseguran que se les baja el perfil a su caso al momento de denunciar.<\/p>\n<p>&#8220;Cuando yo fui, dije que una de las fotos estaban en la p\u00e1gina. Me dijeron que como el administrador ya estaba muerto, lo m\u00e1s probable era que el caso se archivara, por lo que ten\u00eda mucho caso de que pusiera la denuncia.\u00a0Yo dije que hab\u00edan m\u00e1s personas, pero que en este caso como no me hab\u00edan puesto alguna amenaza, por lo que en ese caso no hab\u00eda delito. Si quer\u00eda hacer la denuncia, deb\u00eda hacerlo en un proceso tedioso que no se justificaba (&#8230;). Ellos me dieron a entender que era tan est\u00fapido que pusiera una denuncia, que me dio cosa decir que la quer\u00eda poner igual, porque me dijeron que no ten\u00eda caso y que estaba la cuesti\u00f3n casi cerrada&#8221;, detalla una de las denunciantes.<\/p>\n<p style=\"text-align: justify;\">Desde la PDI, desmintieron esta situaci\u00f3n y aseguraron que s\u00ed se les toma la denuncia. Adem\u00e1s el\u00a0Subprefecto Rodrigo\u00a0Figueroa\u00a0Poncer, Jefe\u00a0de\u00a0la\u00a0Brigada\u00a0del\u00a0Cibercrimen Metropolitano, Confirm\u00f3 que hasta el d\u00eda de hoy no existe ning\u00fan registro de secuestro.<\/p>\n<p>&#8220;Para tranquilidad de la ciudadan\u00eda, las denuncias que se han cursado hablan principalmente de im\u00e1genes que han podido visualizar las v\u00edctimas en este sitio, pero ninguna denuncia habla de v\u00edctimas de secuestro como es lo que ha llamado la alarma p\u00fablica&#8221;, expres\u00f3.<\/p>\n<p style=\"text-align: justify;\">El acoso\u00a0o stalking y doxing, publicaci\u00f3n de informaci\u00f3n privada o identificante, no est\u00e1n tipificados como delitos en nuestra legislaci\u00f3n en el articulo 161 del c\u00f3digo penal, por lo que NO pueden ser perseguidos por la justicia. Sin embargo, la pornograf\u00eda no consentida s\u00ed, aunque solo en casos de recolecci\u00f3n de material audiovisual. Es por esta raz\u00f3n que el Ministro de Justicia, Hern\u00e1n Larra\u00edn anunci\u00f3 el ingreso de un anteproyecto al Congreso, para proteger la integridad de las personas.<\/p>\n<p>&#8220;Creemos que el acoso no est\u00e1 tipificado en toda su amplitud y estamos introduciendo figuras para evitar estas formas de ataque contra las mujeres (&#8230;). En el caso de los menores hay un delito que sanciona la difusi\u00f3n de material pornogr\u00e1fico de menores de edad, esa situaci\u00f3n va a estar posible de ser sancionada penalmente, y tambi\u00e9n cuando se han tomado im\u00e1genes prohibidas. Hay algunos casos que han sido tipificado que dan cuenta de problemas en el caso Nido, pero no todos&#8221;, sostuvo la autoridad.<\/p>\n<p style=\"text-align: justify;\">Las amenazas, burlas, y difusi\u00f3n de mentiras con el fin de da\u00f1ar la reputaci\u00f3n de una persona pueden ser algunos de los mecanismos con los que se puede violentar a una mujer a trav\u00e9s de Internet.<\/p>\n<p style=\"text-align: justify;\">Desde\u00a0La Fundaci\u00f3n Datos Protegidos, su vocera,\u00a0Karen Vergara\u00a0asegur\u00f3 que no es culpa de las mujeres que suban su informaci\u00f3n y las acosen, es un tema de educaci\u00f3n, de machismo, de violencia de g\u00e9nero. Al mismo tiempo, enfatiz\u00f3 en que la falta de lesgilaci\u00f3n, incluso puede afectar en la econom\u00eda de Chile, ya que nadie va a invertir en un pa\u00eds donde los datos de las personas no tienen protecci\u00f3n jur\u00eddica.<\/p>\n","protected":false},"excerpt":{"rendered":"<div class=\"pvc_clear\"><\/div>\n<p id=\"pvc_stats_1988\" class=\"pvc_stats total_only  \" data-element-id=\"1988\" style=\"\"><i class=\"pvc-stats-icon large\" aria-hidden=\"true\"><svg aria-hidden=\"true\" focusable=\"false\" data-prefix=\"far\" data-icon=\"chart-bar\" role=\"img\" xmlns=\"http:\/\/www.w3.org\/2000\/svg\" viewBox=\"0 0 512 512\" class=\"svg-inline--fa fa-chart-bar fa-w-16 fa-2x\"><path fill=\"currentColor\" d=\"M396.8 352h22.4c6.4 0 12.8-6.4 12.8-12.8V108.8c0-6.4-6.4-12.8-12.8-12.8h-22.4c-6.4 0-12.8 6.4-12.8 12.8v230.4c0 6.4 6.4 12.8 12.8 12.8zm-192 0h22.4c6.4 0 12.8-6.4 12.8-12.8V140.8c0-6.4-6.4-12.8-12.8-12.8h-22.4c-6.4 0-12.8 6.4-12.8 12.8v198.4c0 6.4 6.4 12.8 12.8 12.8zm96 0h22.4c6.4 0 12.8-6.4 12.8-12.8V204.8c0-6.4-6.4-12.8-12.8-12.8h-22.4c-6.4 0-12.8 6.4-12.8 12.8v134.4c0 6.4 6.4 12.8 12.8 12.8zM496 400H48V80c0-8.84-7.16-16-16-16H16C7.16 64 0 71.16 0 80v336c0 17.67 14.33 32 32 32h464c8.84 0 16-7.16 16-16v-16c0-8.84-7.16-16-16-16zm-387.2-48h22.4c6.4 0 12.8-6.4 12.8-12.8v-70.4c0-6.4-6.4-12.8-12.8-12.8h-22.4c-6.4 0-12.8 6.4-12.8 12.8v70.4c0 6.4 6.4 12.8 12.8 12.8z\" class=\"\"><\/path><\/svg><\/i> <img loading=\"lazy\" decoding=\"async\" width=\"16\" height=\"16\" alt=\"Loading\" src=\"https:\/\/temucotelevision.cl\/web\/wp-content\/plugins\/page-views-count\/ajax-loader-2x.gif\" border=0 \/><\/p>\n<div class=\"pvc_clear\"><\/div>\n<p>Acoso, hostigamiento, amenazas de muerte y divulgaci\u00f3n de fotograf\u00edas \u00edntimas acompa\u00f1adas de informaci\u00f3n personal, es el mecanismo con que hombres<\/p>\n","protected":false},"author":1,"featured_media":1989,"comment_status":"open","ping_status":"open","sticky":false,"template":"","format":"standard","meta":{"colormag_page_container_layout":"default_layout","colormag_page_sidebar_layout":"default_layout","footnotes":""},"categories":[101],"tags":[756],"class_list":["post-1988","post","type-post","status-publish","format-standard","has-post-thumbnail","hentry","category-actualidad","tag-caso-nido"],"a3_pvc":{"activated":true,"total_views":61,"today_views":0},"_links":{"self":[{"href":"https:\/\/temucotelevision.cl\/web\/wp-json\/wp\/v2\/posts\/1988","targetHints":{"allow":["GET"]}}],"collection":[{"href":"https:\/\/temucotelevision.cl\/web\/wp-json\/wp\/v2\/posts"}],"about":[{"href":"https:\/\/temucotelevision.cl\/web\/wp-json\/wp\/v2\/types\/post"}],"author":[{"embeddable":true,"href":"https:\/\/temucotelevision.cl\/web\/wp-json\/wp\/v2\/users\/1"}],"replies":[{"embeddable":true,"href":"https:\/\/temucotelevision.cl\/web\/wp-json\/wp\/v2\/comments?post=1988"}],"version-history":[{"count":1,"href":"https:\/\/temucotelevision.cl\/web\/wp-json\/wp\/v2\/posts\/1988\/revisions"}],"predecessor-version":[{"id":1990,"href":"https:\/\/temucotelevision.cl\/web\/wp-json\/wp\/v2\/posts\/1988\/revisions\/1990"}],"wp:featuredmedia":[{"embeddable":true,"href":"https:\/\/temucotelevision.cl\/web\/wp-json\/wp\/v2\/media\/1989"}],"wp:attachment":[{"href":"https:\/\/temucotelevision.cl\/web\/wp-json\/wp\/v2\/media?parent=1988"}],"wp:term":[{"taxonomy":"category","embeddable":true,"href":"https:\/\/temucotelevision.cl\/web\/wp-json\/wp\/v2\/categories?post=1988"},{"taxonomy":"post_tag","embeddable":true,"href":"https:\/\/temucotelevision.cl\/web\/wp-json\/wp\/v2\/tags?post=1988"}],"curies":[{"name":"wp","href":"https:\/\/api.w.org\/{rel}","templated":true}]}}