{"id":1982,"date":"2019-03-05T08:00:46","date_gmt":"2019-03-05T11:00:46","guid":{"rendered":"https:\/\/temucotelevision.cl\/web\/?p=1982"},"modified":"2019-03-05T01:36:37","modified_gmt":"2019-03-05T04:36:37","slug":"guillier-critico-a-ubilla-por-subterfugio-para-despojar-a-los-mapuche-de-sus-tierras","status":"publish","type":"post","link":"https:\/\/temucotelevision.cl\/web\/2019\/03\/05\/guillier-critico-a-ubilla-por-subterfugio-para-despojar-a-los-mapuche-de-sus-tierras\/","title":{"rendered":"Guillier critic\u00f3 a Ubilla por &#8220;subterfugio para despojar a los mapuche&#8221; de sus tierras"},"content":{"rendered":"<div class=\"pvc_clear\"><\/div>\n<p id=\"pvc_stats_1982\" class=\"pvc_stats total_only  \" data-element-id=\"1982\" style=\"\"><i class=\"pvc-stats-icon large\" aria-hidden=\"true\"><svg aria-hidden=\"true\" focusable=\"false\" data-prefix=\"far\" data-icon=\"chart-bar\" role=\"img\" xmlns=\"http:\/\/www.w3.org\/2000\/svg\" viewBox=\"0 0 512 512\" class=\"svg-inline--fa fa-chart-bar fa-w-16 fa-2x\"><path fill=\"currentColor\" d=\"M396.8 352h22.4c6.4 0 12.8-6.4 12.8-12.8V108.8c0-6.4-6.4-12.8-12.8-12.8h-22.4c-6.4 0-12.8 6.4-12.8 12.8v230.4c0 6.4 6.4 12.8 12.8 12.8zm-192 0h22.4c6.4 0 12.8-6.4 12.8-12.8V140.8c0-6.4-6.4-12.8-12.8-12.8h-22.4c-6.4 0-12.8 6.4-12.8 12.8v198.4c0 6.4 6.4 12.8 12.8 12.8zm96 0h22.4c6.4 0 12.8-6.4 12.8-12.8V204.8c0-6.4-6.4-12.8-12.8-12.8h-22.4c-6.4 0-12.8 6.4-12.8 12.8v134.4c0 6.4 6.4 12.8 12.8 12.8zM496 400H48V80c0-8.84-7.16-16-16-16H16C7.16 64 0 71.16 0 80v336c0 17.67 14.33 32 32 32h464c8.84 0 16-7.16 16-16v-16c0-8.84-7.16-16-16-16zm-387.2-48h22.4c6.4 0 12.8-6.4 12.8-12.8v-70.4c0-6.4-6.4-12.8-12.8-12.8h-22.4c-6.4 0-12.8 6.4-12.8 12.8v70.4c0 6.4 6.4 12.8 12.8 12.8z\" class=\"\"><\/path><\/svg><\/i> <img loading=\"lazy\" decoding=\"async\" width=\"16\" height=\"16\" alt=\"Loading\" src=\"https:\/\/temucotelevision.cl\/web\/wp-content\/plugins\/page-views-count\/ajax-loader-2x.gif\" border=0 \/><\/p>\n<div class=\"pvc_clear\"><\/div>\n<p style=\"text-align: justify;\">El senador\u00a0Alejandro Guillier, ex candidato presidencial de la Nueva Mayor\u00eda, critic\u00f3 al subsecretario del Interior,\u00a0Rodrigo Ubilla, por la\u00a0adquisici\u00f3n de terrenos en la Regi\u00f3n de La Araucan\u00eda\u00a0afirmando que la autoridad de Gobierno utiliz\u00f3 un &#8220;t\u00edpico subterfugio para despojar a los mapuche\u00a0de sus derechos ancestrales&#8221;.<\/p>\n<p style=\"text-align: justify;\">El ex aspirante a La Moneda utiliz\u00f3\u00a0su cuenta de Twitter\u00a0para tildar de &#8220;inconsistente&#8221;\u00a0la declaraci\u00f3n de Ubilla, en la que\u00a0explic\u00f3 que compr\u00f3 el terreno a una &#8220;chilena que no pertenece a ning\u00fan pueblo ind\u00edgena&#8221;\u00a0a quien le fue transferido por la liquidaci\u00f3n de su sociedad conyugal.<\/p>\n<p style=\"text-align: justify;\">Guillier remarc\u00f3 que la &#8220;liquidaci\u00f3n de sociedad no es excusa para adquirir tierras protegidas por Ley Ind\u00edgena.\u00a0Situaci\u00f3n con vicio de nulidad absoluta, t\u00edpico subterfugio para despojar a los mapuche de sus derechos ancestrales&#8221;.<\/p>\n<p style=\"text-align: justify;\">En la misma l\u00ednea, el periodista mapuche\u00a0Pedro Cayuqueo\u00a0afirm\u00f3 que &#8220;lo de Ubilla es irregular: la ley ind\u00edgena proh\u00edbe la venta de tierras ind\u00edgenas a los\u00a0<em>winka<\/em>. Y lo hace por razones obvias; para protegerlas del acaparamiento com\u00fan en d\u00e9cadas anteriores. Ubilla dice que todo se hizo legal; es posible.\u00a0Burlar la ley es todo un deporte nacional&#8221;.<\/p>\n<p style=\"text-align: justify;\"><em>RN: &#8220;No hay ning\u00fan reproche que hacer&#8221;<\/em><\/p>\n<p style=\"text-align: justify;\">Desde Chile Vamos, el diputado\u00a0Mario Desbordes, presidente de RN, tienda en la que milita el subsecretario Ubilla, apunt\u00f3 que en este caso &#8220;no se dan los presupuestos de la Ley Ind\u00edgena&#8221;, ya que &#8220;la persona que lo vende lo adquiere por la disoluci\u00f3n de una sociedad conyugal, ella no es mapuche y al adquirirlo de esa manera la ley permite que pase a un no mapuche&#8221;.<\/p>\n<p style=\"text-align: justify;\">Desbordes remarc\u00f3 que &#8220;el subsecretario ha actuado conforme a derecho, se ha ajustado estrictamente a la ley y, por lo tanto,\u00a0no hay ning\u00fan reproche que hacer&#8221;.<\/p>\n","protected":false},"excerpt":{"rendered":"<div class=\"pvc_clear\"><\/div>\n<p id=\"pvc_stats_1982\" class=\"pvc_stats total_only  \" data-element-id=\"1982\" style=\"\"><i class=\"pvc-stats-icon large\" aria-hidden=\"true\"><svg aria-hidden=\"true\" focusable=\"false\" data-prefix=\"far\" data-icon=\"chart-bar\" role=\"img\" xmlns=\"http:\/\/www.w3.org\/2000\/svg\" viewBox=\"0 0 512 512\" class=\"svg-inline--fa fa-chart-bar fa-w-16 fa-2x\"><path fill=\"currentColor\" d=\"M396.8 352h22.4c6.4 0 12.8-6.4 12.8-12.8V108.8c0-6.4-6.4-12.8-12.8-12.8h-22.4c-6.4 0-12.8 6.4-12.8 12.8v230.4c0 6.4 6.4 12.8 12.8 12.8zm-192 0h22.4c6.4 0 12.8-6.4 12.8-12.8V140.8c0-6.4-6.4-12.8-12.8-12.8h-22.4c-6.4 0-12.8 6.4-12.8 12.8v198.4c0 6.4 6.4 12.8 12.8 12.8zm96 0h22.4c6.4 0 12.8-6.4 12.8-12.8V204.8c0-6.4-6.4-12.8-12.8-12.8h-22.4c-6.4 0-12.8 6.4-12.8 12.8v134.4c0 6.4 6.4 12.8 12.8 12.8zM496 400H48V80c0-8.84-7.16-16-16-16H16C7.16 64 0 71.16 0 80v336c0 17.67 14.33 32 32 32h464c8.84 0 16-7.16 16-16v-16c0-8.84-7.16-16-16-16zm-387.2-48h22.4c6.4 0 12.8-6.4 12.8-12.8v-70.4c0-6.4-6.4-12.8-12.8-12.8h-22.4c-6.4 0-12.8 6.4-12.8 12.8v70.4c0 6.4 6.4 12.8 12.8 12.8z\" class=\"\"><\/path><\/svg><\/i> <img loading=\"lazy\" decoding=\"async\" width=\"16\" height=\"16\" alt=\"Loading\" src=\"https:\/\/temucotelevision.cl\/web\/wp-content\/plugins\/page-views-count\/ajax-loader-2x.gif\" border=0 \/><\/p>\n<div class=\"pvc_clear\"><\/div>\n<p>El senador\u00a0Alejandro Guillier, ex candidato presidencial de la Nueva Mayor\u00eda, critic\u00f3 al subsecretario del Interior,\u00a0Rodrigo Ubilla, por la\u00a0adquisici\u00f3n de terrenos<\/p>\n","protected":false},"author":1,"featured_media":1983,"comment_status":"open","ping_status":"open","sticky":false,"template":"","format":"standard","meta":{"colormag_page_container_layout":"default_layout","colormag_page_sidebar_layout":"default_layout","footnotes":""},"categories":[15],"tags":[754,748],"class_list":["post-1982","post","type-post","status-publish","format-standard","has-post-thumbnail","hentry","category-la-araucania","tag-guillier","tag-ubilla"],"a3_pvc":{"activated":true,"total_views":27,"today_views":0},"_links":{"self":[{"href":"https:\/\/temucotelevision.cl\/web\/wp-json\/wp\/v2\/posts\/1982","targetHints":{"allow":["GET"]}}],"collection":[{"href":"https:\/\/temucotelevision.cl\/web\/wp-json\/wp\/v2\/posts"}],"about":[{"href":"https:\/\/temucotelevision.cl\/web\/wp-json\/wp\/v2\/types\/post"}],"author":[{"embeddable":true,"href":"https:\/\/temucotelevision.cl\/web\/wp-json\/wp\/v2\/users\/1"}],"replies":[{"embeddable":true,"href":"https:\/\/temucotelevision.cl\/web\/wp-json\/wp\/v2\/comments?post=1982"}],"version-history":[{"count":1,"href":"https:\/\/temucotelevision.cl\/web\/wp-json\/wp\/v2\/posts\/1982\/revisions"}],"predecessor-version":[{"id":1984,"href":"https:\/\/temucotelevision.cl\/web\/wp-json\/wp\/v2\/posts\/1982\/revisions\/1984"}],"wp:featuredmedia":[{"embeddable":true,"href":"https:\/\/temucotelevision.cl\/web\/wp-json\/wp\/v2\/media\/1983"}],"wp:attachment":[{"href":"https:\/\/temucotelevision.cl\/web\/wp-json\/wp\/v2\/media?parent=1982"}],"wp:term":[{"taxonomy":"category","embeddable":true,"href":"https:\/\/temucotelevision.cl\/web\/wp-json\/wp\/v2\/categories?post=1982"},{"taxonomy":"post_tag","embeddable":true,"href":"https:\/\/temucotelevision.cl\/web\/wp-json\/wp\/v2\/tags?post=1982"}],"curies":[{"name":"wp","href":"https:\/\/api.w.org\/{rel}","templated":true}]}}