{"id":18776,"date":"2021-02-05T16:21:25","date_gmt":"2021-02-05T19:21:25","guid":{"rendered":"https:\/\/temucotelevision.cl\/web\/?p=18776"},"modified":"2021-02-05T16:21:29","modified_gmt":"2021-02-05T19:21:29","slug":"comienza-campana-musical-contra-la-violencia-de-genero","status":"publish","type":"post","link":"https:\/\/temucotelevision.cl\/web\/2021\/02\/05\/comienza-campana-musical-contra-la-violencia-de-genero\/","title":{"rendered":"Comienza campa\u00f1a musical contra la violencia de g\u00e9nero"},"content":{"rendered":"<div class=\"pvc_clear\"><\/div><p id=\"pvc_stats_18776\" class=\"pvc_stats total_only  \" data-element-id=\"18776\" style=\"\"><i class=\"pvc-stats-icon large\" aria-hidden=\"true\"><svg aria-hidden=\"true\" focusable=\"false\" data-prefix=\"far\" data-icon=\"chart-bar\" role=\"img\" xmlns=\"http:\/\/www.w3.org\/2000\/svg\" viewBox=\"0 0 512 512\" class=\"svg-inline--fa fa-chart-bar fa-w-16 fa-2x\"><path fill=\"currentColor\" d=\"M396.8 352h22.4c6.4 0 12.8-6.4 12.8-12.8V108.8c0-6.4-6.4-12.8-12.8-12.8h-22.4c-6.4 0-12.8 6.4-12.8 12.8v230.4c0 6.4 6.4 12.8 12.8 12.8zm-192 0h22.4c6.4 0 12.8-6.4 12.8-12.8V140.8c0-6.4-6.4-12.8-12.8-12.8h-22.4c-6.4 0-12.8 6.4-12.8 12.8v198.4c0 6.4 6.4 12.8 12.8 12.8zm96 0h22.4c6.4 0 12.8-6.4 12.8-12.8V204.8c0-6.4-6.4-12.8-12.8-12.8h-22.4c-6.4 0-12.8 6.4-12.8 12.8v134.4c0 6.4 6.4 12.8 12.8 12.8zM496 400H48V80c0-8.84-7.16-16-16-16H16C7.16 64 0 71.16 0 80v336c0 17.67 14.33 32 32 32h464c8.84 0 16-7.16 16-16v-16c0-8.84-7.16-16-16-16zm-387.2-48h22.4c6.4 0 12.8-6.4 12.8-12.8v-70.4c0-6.4-6.4-12.8-12.8-12.8h-22.4c-6.4 0-12.8 6.4-12.8 12.8v70.4c0 6.4 6.4 12.8 12.8 12.8z\" class=\"\"><\/path><\/svg><\/i> <img loading=\"lazy\" decoding=\"async\" width=\"16\" height=\"16\" alt=\"Loading\" src=\"https:\/\/temucotelevision.cl\/web\/wp-content\/plugins\/page-views-count\/ajax-loader-2x.gif\" border=0 \/><\/p><div class=\"pvc_clear\"><\/div>\n<p>Denuncia por tu vida y &#8220;&#8230;que no te den por loca&#8221;, as\u00ed suena la campa\u00f1a en contra de la violencia de g\u00e9nero que iniciaron, Lene Vergara, Ediel y DJ Manuel con su nuevo tema musical.<\/p>\n\n\n\n<p>El lamentable caso del asesinato de Angie Noem\u00ed Rodr\u00edguez, a manos de su esposo en Puerto Rico, fue la principal inspiraci\u00f3n para Vergara, quien comparte su composici\u00f3n n\u00famero 58. Por su parte, el vocalista de la banda Mang\u00f3 Bajito, Eduardo &#8220;Ediel&#8221; Rosado y el joven productor musical Jairo Manuel Encarnaci\u00f3n Bernabe (DJ Manuel) se solidarizaron con la causa y hacen un llamado a los hombres, que tambi\u00e9n sufren violencia de g\u00e9nero, a que denuncien las injusticias a los organismos correspondientes.\u00a0<\/p>\n\n\n\n<p>Vergara hace alusi\u00f3n a que las v\u00edctimas est\u00e9n utilizando las redes sociales para hacer denuncias y la informaci\u00f3n no llega a las autoridades de ese modo. &#8220;Dije en las redes que sufr\u00ed y me dieron por loca&#8221;, es una de las frases que lleva el enfoque de la campa\u00f1a y sugiere que la ciudadan\u00eda vuelva a confiar en los esfuerzos de gobierno para brindar ayuda en estos casos.&nbsp;<\/p>\n\n\n\n<p>&#8220;Nos sentimos honrados de formar parte de la historia, pues grabamos este tema justo el d\u00eda en que el gobierno de Puerto Rico declar\u00f3 Estado de Emergencia por la violencia de g\u00e9nero. Estamos listos para apoyar dicha declaraci\u00f3n y confiar en que los departamentos de educaci\u00f3n, seguridad y salud trabajar\u00e1n duro por el futuro de nuestro pa\u00eds.&#8221;&nbsp;<\/p>\n\n\n\n<p>El sencillo musical &#8220;Me dieron por loca&#8221; est\u00e1 disponible en todas las plataformas digitales y en Facebook en el siguiente enlace:&nbsp;<a href=\"https:\/\/www.facebook.com\/story.php?story_fbid=10225276201675530&amp;id=1336770605\" target=\"_blank\" rel=\"noreferrer noopener\">https:\/\/www.facebook.com\/story.php?story_fbid=10225276201675530&amp;id=1336770605<\/a>. Tambi\u00e9n puedes buscar m\u00e1s informaci\u00f3n sobre la campa\u00f1a escribiendo a&nbsp;<a href=\"mailto:lenevergara.music@gmail.com\" target=\"_blank\" rel=\"noreferrer noopener\">lenevergara.music@gmail.com<\/a>&nbsp;o en las redes sociales @lenevergaramusic. V\u00eddeo:&nbsp;<a href=\"https:\/\/wetransfer.com\/downloads\/3418dd748c3dd4601cd99e0d5aae262f20210127115039\/55138e?fbclid=IwAR3OCHxlMcp_fYZMUhRp4lkDl53d2UWMsUzZRaVMrk8ePIeYmRyiqGsqtuo\" target=\"_blank\" rel=\"noreferrer noopener\">https:\/\/wetransfer.com\/downloads\/3418dd748c3dd4601cd99e0d5aae262f20210127115039\/55138e?fbclid=IwAR3OCHxlMcp_fYZMUhRp4lkDl53d2UWMsUzZRaVMrk8ePIeYmRyiqGsqtuo<\/a><\/p>\n","protected":false},"excerpt":{"rendered":"<div class=\"pvc_clear\"><\/div>\n<p id=\"pvc_stats_18776\" class=\"pvc_stats total_only  \" data-element-id=\"18776\" style=\"\"><i class=\"pvc-stats-icon large\" aria-hidden=\"true\"><svg aria-hidden=\"true\" focusable=\"false\" data-prefix=\"far\" data-icon=\"chart-bar\" role=\"img\" xmlns=\"http:\/\/www.w3.org\/2000\/svg\" viewBox=\"0 0 512 512\" class=\"svg-inline--fa fa-chart-bar fa-w-16 fa-2x\"><path fill=\"currentColor\" d=\"M396.8 352h22.4c6.4 0 12.8-6.4 12.8-12.8V108.8c0-6.4-6.4-12.8-12.8-12.8h-22.4c-6.4 0-12.8 6.4-12.8 12.8v230.4c0 6.4 6.4 12.8 12.8 12.8zm-192 0h22.4c6.4 0 12.8-6.4 12.8-12.8V140.8c0-6.4-6.4-12.8-12.8-12.8h-22.4c-6.4 0-12.8 6.4-12.8 12.8v198.4c0 6.4 6.4 12.8 12.8 12.8zm96 0h22.4c6.4 0 12.8-6.4 12.8-12.8V204.8c0-6.4-6.4-12.8-12.8-12.8h-22.4c-6.4 0-12.8 6.4-12.8 12.8v134.4c0 6.4 6.4 12.8 12.8 12.8zM496 400H48V80c0-8.84-7.16-16-16-16H16C7.16 64 0 71.16 0 80v336c0 17.67 14.33 32 32 32h464c8.84 0 16-7.16 16-16v-16c0-8.84-7.16-16-16-16zm-387.2-48h22.4c6.4 0 12.8-6.4 12.8-12.8v-70.4c0-6.4-6.4-12.8-12.8-12.8h-22.4c-6.4 0-12.8 6.4-12.8 12.8v70.4c0 6.4 6.4 12.8 12.8 12.8z\" class=\"\"><\/path><\/svg><\/i> <img loading=\"lazy\" decoding=\"async\" width=\"16\" height=\"16\" alt=\"Loading\" src=\"https:\/\/temucotelevision.cl\/web\/wp-content\/plugins\/page-views-count\/ajax-loader-2x.gif\" border=0 \/><\/p>\n<div class=\"pvc_clear\"><\/div>\n<p>Denuncia por tu vida y &#8220;&#8230;que no te den por loca&#8221;, as\u00ed suena la campa\u00f1a en contra de la violencia<\/p>\n","protected":false},"author":1,"featured_media":18777,"comment_status":"open","ping_status":"open","sticky":false,"template":"","format":"standard","meta":{"colormag_page_container_layout":"default_layout","colormag_page_sidebar_layout":"default_layout","footnotes":""},"categories":[369],"tags":[532,2288,1237],"class_list":["post-18776","post","type-post","status-publish","format-standard","has-post-thumbnail","hentry","category-musica","tag-campana","tag-genero","tag-violencia"],"a3_pvc":{"activated":true,"total_views":24,"today_views":0},"_links":{"self":[{"href":"https:\/\/temucotelevision.cl\/web\/wp-json\/wp\/v2\/posts\/18776","targetHints":{"allow":["GET"]}}],"collection":[{"href":"https:\/\/temucotelevision.cl\/web\/wp-json\/wp\/v2\/posts"}],"about":[{"href":"https:\/\/temucotelevision.cl\/web\/wp-json\/wp\/v2\/types\/post"}],"author":[{"embeddable":true,"href":"https:\/\/temucotelevision.cl\/web\/wp-json\/wp\/v2\/users\/1"}],"replies":[{"embeddable":true,"href":"https:\/\/temucotelevision.cl\/web\/wp-json\/wp\/v2\/comments?post=18776"}],"version-history":[{"count":1,"href":"https:\/\/temucotelevision.cl\/web\/wp-json\/wp\/v2\/posts\/18776\/revisions"}],"predecessor-version":[{"id":18778,"href":"https:\/\/temucotelevision.cl\/web\/wp-json\/wp\/v2\/posts\/18776\/revisions\/18778"}],"wp:featuredmedia":[{"embeddable":true,"href":"https:\/\/temucotelevision.cl\/web\/wp-json\/wp\/v2\/media\/18777"}],"wp:attachment":[{"href":"https:\/\/temucotelevision.cl\/web\/wp-json\/wp\/v2\/media?parent=18776"}],"wp:term":[{"taxonomy":"category","embeddable":true,"href":"https:\/\/temucotelevision.cl\/web\/wp-json\/wp\/v2\/categories?post=18776"},{"taxonomy":"post_tag","embeddable":true,"href":"https:\/\/temucotelevision.cl\/web\/wp-json\/wp\/v2\/tags?post=18776"}],"curies":[{"name":"wp","href":"https:\/\/api.w.org\/{rel}","templated":true}]}}