{"id":18770,"date":"2021-02-05T15:20:37","date_gmt":"2021-02-05T18:20:37","guid":{"rendered":"https:\/\/temucotelevision.cl\/web\/?p=18770"},"modified":"2021-02-05T16:25:50","modified_gmt":"2021-02-05T19:25:50","slug":"con-fe-y-esperanza-se-inicia-el-proceso-de-vacunacion-e-gorbea","status":"publish","type":"post","link":"https:\/\/temucotelevision.cl\/web\/2021\/02\/05\/con-fe-y-esperanza-se-inicia-el-proceso-de-vacunacion-e-gorbea\/","title":{"rendered":"Con Fe y Esperanza se inicia el proceso de vacunaci\u00f3n e Gorbea"},"content":{"rendered":"<div class=\"pvc_clear\"><\/div><p id=\"pvc_stats_18770\" class=\"pvc_stats total_only  \" data-element-id=\"18770\" style=\"\"><i class=\"pvc-stats-icon large\" aria-hidden=\"true\"><svg aria-hidden=\"true\" focusable=\"false\" data-prefix=\"far\" data-icon=\"chart-bar\" role=\"img\" xmlns=\"http:\/\/www.w3.org\/2000\/svg\" viewBox=\"0 0 512 512\" class=\"svg-inline--fa fa-chart-bar fa-w-16 fa-2x\"><path fill=\"currentColor\" d=\"M396.8 352h22.4c6.4 0 12.8-6.4 12.8-12.8V108.8c0-6.4-6.4-12.8-12.8-12.8h-22.4c-6.4 0-12.8 6.4-12.8 12.8v230.4c0 6.4 6.4 12.8 12.8 12.8zm-192 0h22.4c6.4 0 12.8-6.4 12.8-12.8V140.8c0-6.4-6.4-12.8-12.8-12.8h-22.4c-6.4 0-12.8 6.4-12.8 12.8v198.4c0 6.4 6.4 12.8 12.8 12.8zm96 0h22.4c6.4 0 12.8-6.4 12.8-12.8V204.8c0-6.4-6.4-12.8-12.8-12.8h-22.4c-6.4 0-12.8 6.4-12.8 12.8v134.4c0 6.4 6.4 12.8 12.8 12.8zM496 400H48V80c0-8.84-7.16-16-16-16H16C7.16 64 0 71.16 0 80v336c0 17.67 14.33 32 32 32h464c8.84 0 16-7.16 16-16v-16c0-8.84-7.16-16-16-16zm-387.2-48h22.4c6.4 0 12.8-6.4 12.8-12.8v-70.4c0-6.4-6.4-12.8-12.8-12.8h-22.4c-6.4 0-12.8 6.4-12.8 12.8v70.4c0 6.4 6.4 12.8 12.8 12.8z\" class=\"\"><\/path><\/svg><\/i> <img loading=\"lazy\" decoding=\"async\" width=\"16\" height=\"16\" alt=\"Loading\" src=\"https:\/\/temucotelevision.cl\/web\/wp-content\/plugins\/page-views-count\/ajax-loader-2x.gif\" border=0 \/><\/p><div class=\"pvc_clear\"><\/div>\n<p>As\u00ed fue el sentimiento de los primeros adultos mayores que se acercaron hasta el gimnasio municipal de Gorbea, a colocarse la primera dosis de la vacuna sinovac que arribo al pa\u00eds hace algunos d\u00edas.<\/p>\n\n\n\n<p>Desde temprano se comenzaron a acercar a los diferentes puntos de vacunaci\u00f3n que hay en la comuna, destacando el gimnasio municipal, recinto que estar\u00e1 disponible para que el hospital de Gorbea pueda realizar el proceso con calma y distanciamiento social, de igual forma en la localidad de Quitrat\u00fae se realiza en la posta de la misma zona y en Lastarria se procede en el centro cultural de la localidad por parte del departamento de salud municipal.<\/p>\n\n\n\n<p>De esta forma se inici\u00f3 la vacunaci\u00f3n este d\u00eda viernes a los adultos mayores de 85 a\u00f1os y m\u00e1s, exceptuando en el sector cuarta faja que se atender\u00e1 de 70 a\u00f1os y m\u00e1s, esto es pronunciado por el calendario emitido del departamento de salud municipal, indicando que en las zonas rurales podr\u00e1n acercarse a las estaciones m\u00e9dicos rurales los adultos mayores de 70 a\u00f1os y m\u00e1s seg\u00fan calendario.<\/p>\n\n\n\n<p>En el mes de febrero quedar\u00eda de la siguiente forma: Viernes 5 sector cuarta faja, lunes 8 El Liuco, martes 9 Huellanto Alto, mi\u00e9rcoles 10 Huellanto Bajo, jueves 11, Botacura, viernes 12 Faja Ricci seg\u00fan lo informado por salud municipal, mientras que los puntos oficiales como gimnasio municipal, posta de Quitratue y Centro Cultural de Lastarria se mantendr\u00e1n vacunando seg\u00fan calendario entregado por minsal.<\/p>\n\n\n\n<p><strong>Guido Siegmund, alcalde de la comuna<\/strong>&nbsp;se mostr\u00f3 contento con el inicio de esta vacunaci\u00f3n y coment\u00f3: \u201c<em>Aqu\u00ed en Gorbea se ha hecho bastante tranquila esta vacunaci\u00f3n y esperamos que siga as\u00ed, la idea es que todos se vacunen, pero no se aglomeren y eso nos motiva a tener los espacios suficientes para esto<\/em>\u201d.<\/p>\n\n\n\n<p>\u201c<em>Si uno hace historia de las pandemias, quiz\u00e1s no hay mucho registro pero para controlar las pandemias es necesario una vacuna, por eso era urgente que los laboratorio trabajaran arduamente para controlar esta pandemia y estamos felices que ya est\u00e9 en Gorbea para nuestros vecinos<\/em>\u201d agreg\u00f3 el edil.<\/p>\n\n\n\n<p>Los funcionarios a cargos del proceso informan que se est\u00e1n comunicando con los usuarios para que asistan los d\u00edas establecidos con su carnet de identidad, una botella de agua para hidrataci\u00f3n y si necesita acompa\u00f1amiento que vayan con todas las medidas sanitarias.<\/p>\n\n\n\n<div class=\"wp-block-image is-style-default\"><figure class=\"aligncenter size-large\"><img loading=\"lazy\" decoding=\"async\" width=\"1024\" height=\"682\" src=\"https:\/\/temucotelevision.cl\/web\/wp-content\/uploads\/2021\/02\/Vacunas-Gorbea-1024x682.jpeg\" alt=\"\" class=\"wp-image-18774\" srcset=\"https:\/\/temucotelevision.cl\/web\/wp-content\/uploads\/2021\/02\/Vacunas-Gorbea-1024x682.jpeg 1024w, https:\/\/temucotelevision.cl\/web\/wp-content\/uploads\/2021\/02\/Vacunas-Gorbea-768x511.jpeg 768w, https:\/\/temucotelevision.cl\/web\/wp-content\/uploads\/2021\/02\/Vacunas-Gorbea.jpeg 1280w\" sizes=\"auto, (max-width: 1024px) 100vw, 1024px\" \/><\/figure><\/div>\n","protected":false},"excerpt":{"rendered":"<div class=\"pvc_clear\"><\/div>\n<p id=\"pvc_stats_18770\" class=\"pvc_stats total_only  \" data-element-id=\"18770\" style=\"\"><i class=\"pvc-stats-icon large\" aria-hidden=\"true\"><svg aria-hidden=\"true\" focusable=\"false\" data-prefix=\"far\" data-icon=\"chart-bar\" role=\"img\" xmlns=\"http:\/\/www.w3.org\/2000\/svg\" viewBox=\"0 0 512 512\" class=\"svg-inline--fa fa-chart-bar fa-w-16 fa-2x\"><path fill=\"currentColor\" d=\"M396.8 352h22.4c6.4 0 12.8-6.4 12.8-12.8V108.8c0-6.4-6.4-12.8-12.8-12.8h-22.4c-6.4 0-12.8 6.4-12.8 12.8v230.4c0 6.4 6.4 12.8 12.8 12.8zm-192 0h22.4c6.4 0 12.8-6.4 12.8-12.8V140.8c0-6.4-6.4-12.8-12.8-12.8h-22.4c-6.4 0-12.8 6.4-12.8 12.8v198.4c0 6.4 6.4 12.8 12.8 12.8zm96 0h22.4c6.4 0 12.8-6.4 12.8-12.8V204.8c0-6.4-6.4-12.8-12.8-12.8h-22.4c-6.4 0-12.8 6.4-12.8 12.8v134.4c0 6.4 6.4 12.8 12.8 12.8zM496 400H48V80c0-8.84-7.16-16-16-16H16C7.16 64 0 71.16 0 80v336c0 17.67 14.33 32 32 32h464c8.84 0 16-7.16 16-16v-16c0-8.84-7.16-16-16-16zm-387.2-48h22.4c6.4 0 12.8-6.4 12.8-12.8v-70.4c0-6.4-6.4-12.8-12.8-12.8h-22.4c-6.4 0-12.8 6.4-12.8 12.8v70.4c0 6.4 6.4 12.8 12.8 12.8z\" class=\"\"><\/path><\/svg><\/i> <img loading=\"lazy\" decoding=\"async\" width=\"16\" height=\"16\" alt=\"Loading\" src=\"https:\/\/temucotelevision.cl\/web\/wp-content\/plugins\/page-views-count\/ajax-loader-2x.gif\" border=0 \/><\/p>\n<div class=\"pvc_clear\"><\/div>\n<p>As\u00ed fue el sentimiento de los primeros adultos mayores que se acercaron hasta el gimnasio municipal de Gorbea, a colocarse<\/p>\n","protected":false},"author":1,"featured_media":18772,"comment_status":"open","ping_status":"open","sticky":false,"template":"","format":"standard","meta":{"colormag_page_container_layout":"default_layout","colormag_page_sidebar_layout":"default_layout","footnotes":""},"categories":[15],"tags":[2326,2312,2795],"class_list":["post-18770","post","type-post","status-publish","format-standard","has-post-thumbnail","hentry","category-la-araucania","tag-covid","tag-pandemia","tag-vacunacion"],"a3_pvc":{"activated":true,"total_views":16,"today_views":0},"_links":{"self":[{"href":"https:\/\/temucotelevision.cl\/web\/wp-json\/wp\/v2\/posts\/18770","targetHints":{"allow":["GET"]}}],"collection":[{"href":"https:\/\/temucotelevision.cl\/web\/wp-json\/wp\/v2\/posts"}],"about":[{"href":"https:\/\/temucotelevision.cl\/web\/wp-json\/wp\/v2\/types\/post"}],"author":[{"embeddable":true,"href":"https:\/\/temucotelevision.cl\/web\/wp-json\/wp\/v2\/users\/1"}],"replies":[{"embeddable":true,"href":"https:\/\/temucotelevision.cl\/web\/wp-json\/wp\/v2\/comments?post=18770"}],"version-history":[{"count":3,"href":"https:\/\/temucotelevision.cl\/web\/wp-json\/wp\/v2\/posts\/18770\/revisions"}],"predecessor-version":[{"id":18779,"href":"https:\/\/temucotelevision.cl\/web\/wp-json\/wp\/v2\/posts\/18770\/revisions\/18779"}],"wp:featuredmedia":[{"embeddable":true,"href":"https:\/\/temucotelevision.cl\/web\/wp-json\/wp\/v2\/media\/18772"}],"wp:attachment":[{"href":"https:\/\/temucotelevision.cl\/web\/wp-json\/wp\/v2\/media?parent=18770"}],"wp:term":[{"taxonomy":"category","embeddable":true,"href":"https:\/\/temucotelevision.cl\/web\/wp-json\/wp\/v2\/categories?post=18770"},{"taxonomy":"post_tag","embeddable":true,"href":"https:\/\/temucotelevision.cl\/web\/wp-json\/wp\/v2\/tags?post=18770"}],"curies":[{"name":"wp","href":"https:\/\/api.w.org\/{rel}","templated":true}]}}