{"id":18767,"date":"2021-02-05T15:01:18","date_gmt":"2021-02-05T18:01:18","guid":{"rendered":"https:\/\/temucotelevision.cl\/web\/?p=18767"},"modified":"2021-02-05T15:01:21","modified_gmt":"2021-02-05T18:01:21","slug":"ante-negligencias-y-vacaciones-del-encargado-de-macrozona-sur-cores-evaluan-solicitar-comision-especial-para-fiscalizar-recursos-fndr-destinados-a-ministerio-del-interior-y-policias","status":"publish","type":"post","link":"https:\/\/temucotelevision.cl\/web\/2021\/02\/05\/ante-negligencias-y-vacaciones-del-encargado-de-macrozona-sur-cores-evaluan-solicitar-comision-especial-para-fiscalizar-recursos-fndr-destinados-a-ministerio-del-interior-y-policias\/","title":{"rendered":"Ante negligencias y vacaciones del Encargado de MacroZona Sur: Cores eval\u00faan solicitar comisi\u00f3n especial para fiscalizar recursos FNDR destinados a Ministerio del Interior y Polic\u00edas"},"content":{"rendered":"<div class=\"pvc_clear\"><\/div><p id=\"pvc_stats_18767\" class=\"pvc_stats total_only  \" data-element-id=\"18767\" style=\"\"><i class=\"pvc-stats-icon large\" aria-hidden=\"true\"><svg aria-hidden=\"true\" focusable=\"false\" data-prefix=\"far\" data-icon=\"chart-bar\" role=\"img\" xmlns=\"http:\/\/www.w3.org\/2000\/svg\" viewBox=\"0 0 512 512\" class=\"svg-inline--fa fa-chart-bar fa-w-16 fa-2x\"><path fill=\"currentColor\" d=\"M396.8 352h22.4c6.4 0 12.8-6.4 12.8-12.8V108.8c0-6.4-6.4-12.8-12.8-12.8h-22.4c-6.4 0-12.8 6.4-12.8 12.8v230.4c0 6.4 6.4 12.8 12.8 12.8zm-192 0h22.4c6.4 0 12.8-6.4 12.8-12.8V140.8c0-6.4-6.4-12.8-12.8-12.8h-22.4c-6.4 0-12.8 6.4-12.8 12.8v198.4c0 6.4 6.4 12.8 12.8 12.8zm96 0h22.4c6.4 0 12.8-6.4 12.8-12.8V204.8c0-6.4-6.4-12.8-12.8-12.8h-22.4c-6.4 0-12.8 6.4-12.8 12.8v134.4c0 6.4 6.4 12.8 12.8 12.8zM496 400H48V80c0-8.84-7.16-16-16-16H16C7.16 64 0 71.16 0 80v336c0 17.67 14.33 32 32 32h464c8.84 0 16-7.16 16-16v-16c0-8.84-7.16-16-16-16zm-387.2-48h22.4c6.4 0 12.8-6.4 12.8-12.8v-70.4c0-6.4-6.4-12.8-12.8-12.8h-22.4c-6.4 0-12.8 6.4-12.8 12.8v70.4c0 6.4 6.4 12.8 12.8 12.8z\" class=\"\"><\/path><\/svg><\/i> <img loading=\"lazy\" decoding=\"async\" width=\"16\" height=\"16\" alt=\"Loading\" src=\"https:\/\/temucotelevision.cl\/web\/wp-content\/plugins\/page-views-count\/ajax-loader-2x.gif\" border=0 \/><\/p><div class=\"pvc_clear\"><\/div>\n<p><em>-Ambos Consejeros exigieron la renuncia de Cristian Barra como encargado de seguridad Macro Zona Sur, quien est\u00e1 en vacaciones en plena alza de ataques incendiarios en la regi\u00f3n<\/em><\/p>\n\n\n\n<p>Con la evaluaci\u00f3n de solicitar una comisi\u00f3n investigadora al Core para fiscalizar recursos destinados desde el FNDR al Ministerio del Interior y a ambas polic\u00edas y con un llamado al Gobierno a exigir la renuncia de Cristian Barra, se mostraron los Consejeros Regionales Daniel Sandoval (FREVS) y Juan Pablo Jaramillo (PH), frente a las vacaciones en las que se encuentra el encargado de seguridad de la macrozona sur en medio de una ola de ataques incendiarios en La Araucan\u00eda, donde los hechos recientes dejaron 4 camiones quemados y dos heridos de consideraci\u00f3n.<\/p>\n\n\n\n<p>\u201cEl caso de Cristian Barra es el reflejo de las permanentes vacaciones que se ha tomado este Gobierno no s\u00f3lo en materia de seguridad, sino que tambi\u00e9n respecto al dialogo que debe abrir en el contexto del conflicto del Estado con el pueblo naci\u00f3n mapuche. Este es un fracaso hist\u00f3rico total, igual que el de los gobiernos anteriores, por lo que deben renunciar no solo Cristian Barra, sino que tambi\u00e9n el Ministro del Interior que justifica las vacaciones de un personero al cual se le pagan cerca de 6 millones de pesos y que est\u00e1 encargado de coordinar estrategias entre las polic\u00edas y fiscal\u00eda\u201d, fustig\u00f3 el Core Sandoval<\/p>\n\n\n\n<p>En tanto, el Core Juan Pablo Jaramillo coment\u00f3 que \u201cvemos que, en plena zona de conflicto, no hay prevenci\u00f3n, planificaci\u00f3n e instrumentos que permitan pesquisar de mejor manera los delitos para que la justicia pueda realizar un buen trabajo. La v\u00eda policial ya no tiene resultados, se debe dar paso a un dialogo pol\u00edtico de Estado entre ambas naciones de igual a igual, para ello se requiere un nuevo gobierno que no est\u00e9 cooptado por el poder econ\u00f3mico y empresarial, que permita proteger la vida y la convivencia de todas y todos los que habitan en La Araucan\u00eda\u201d.<\/p>\n\n\n\n<p>En tanto, ambos consejeros se encuentran evaluando antecedentes con el objetivo de solicitar al Consejo Regional una comisi\u00f3n fiscalizadora de los recursos regionales que se han destinado el \u00faltimo tiempo a ambas polic\u00edas y al Ministerio del Interior. \u201cAqu\u00ed debemos velar por el uso eficiente y eficaz de los recursos regionales en el combate de la delincuencia\u201d, sostuvieron. Sandoval y Jaramillo adem\u00e1s recalcaron que la falta de resultados y culpables en estos procesos, solo permite que se siga estigmatizando al Pueblo Naci\u00f3n Mapuche, donde la evidencia muestra que quienes han sido los violentos ha sido la pol\u00edtica de militarizaci\u00f3n del Estado en los territorios con reivindicaci\u00f3n territorial.<\/p>\n","protected":false},"excerpt":{"rendered":"<div class=\"pvc_clear\"><\/div>\n<p id=\"pvc_stats_18767\" class=\"pvc_stats total_only  \" data-element-id=\"18767\" style=\"\"><i class=\"pvc-stats-icon large\" aria-hidden=\"true\"><svg aria-hidden=\"true\" focusable=\"false\" data-prefix=\"far\" data-icon=\"chart-bar\" role=\"img\" xmlns=\"http:\/\/www.w3.org\/2000\/svg\" viewBox=\"0 0 512 512\" class=\"svg-inline--fa fa-chart-bar fa-w-16 fa-2x\"><path fill=\"currentColor\" d=\"M396.8 352h22.4c6.4 0 12.8-6.4 12.8-12.8V108.8c0-6.4-6.4-12.8-12.8-12.8h-22.4c-6.4 0-12.8 6.4-12.8 12.8v230.4c0 6.4 6.4 12.8 12.8 12.8zm-192 0h22.4c6.4 0 12.8-6.4 12.8-12.8V140.8c0-6.4-6.4-12.8-12.8-12.8h-22.4c-6.4 0-12.8 6.4-12.8 12.8v198.4c0 6.4 6.4 12.8 12.8 12.8zm96 0h22.4c6.4 0 12.8-6.4 12.8-12.8V204.8c0-6.4-6.4-12.8-12.8-12.8h-22.4c-6.4 0-12.8 6.4-12.8 12.8v134.4c0 6.4 6.4 12.8 12.8 12.8zM496 400H48V80c0-8.84-7.16-16-16-16H16C7.16 64 0 71.16 0 80v336c0 17.67 14.33 32 32 32h464c8.84 0 16-7.16 16-16v-16c0-8.84-7.16-16-16-16zm-387.2-48h22.4c6.4 0 12.8-6.4 12.8-12.8v-70.4c0-6.4-6.4-12.8-12.8-12.8h-22.4c-6.4 0-12.8 6.4-12.8 12.8v70.4c0 6.4 6.4 12.8 12.8 12.8z\" class=\"\"><\/path><\/svg><\/i> <img loading=\"lazy\" decoding=\"async\" width=\"16\" height=\"16\" alt=\"Loading\" src=\"https:\/\/temucotelevision.cl\/web\/wp-content\/plugins\/page-views-count\/ajax-loader-2x.gif\" border=0 \/><\/p>\n<div class=\"pvc_clear\"><\/div>\n<p>-Ambos Consejeros exigieron la renuncia de Cristian Barra como encargado de seguridad Macro Zona Sur, quien est\u00e1 en vacaciones en<\/p>\n","protected":false},"author":1,"featured_media":18768,"comment_status":"open","ping_status":"open","sticky":false,"template":"","format":"standard","meta":{"colormag_page_container_layout":"default_layout","colormag_page_sidebar_layout":"default_layout","footnotes":""},"categories":[14],"tags":[3510,3512,3511,210,746],"class_list":["post-18767","post","type-post","status-publish","format-standard","has-post-thumbnail","hentry","category-temuco","tag-cores","tag-jaramillo","tag-negligencias","tag-recursos","tag-sandoval"],"a3_pvc":{"activated":true,"total_views":21,"today_views":0},"_links":{"self":[{"href":"https:\/\/temucotelevision.cl\/web\/wp-json\/wp\/v2\/posts\/18767","targetHints":{"allow":["GET"]}}],"collection":[{"href":"https:\/\/temucotelevision.cl\/web\/wp-json\/wp\/v2\/posts"}],"about":[{"href":"https:\/\/temucotelevision.cl\/web\/wp-json\/wp\/v2\/types\/post"}],"author":[{"embeddable":true,"href":"https:\/\/temucotelevision.cl\/web\/wp-json\/wp\/v2\/users\/1"}],"replies":[{"embeddable":true,"href":"https:\/\/temucotelevision.cl\/web\/wp-json\/wp\/v2\/comments?post=18767"}],"version-history":[{"count":1,"href":"https:\/\/temucotelevision.cl\/web\/wp-json\/wp\/v2\/posts\/18767\/revisions"}],"predecessor-version":[{"id":18769,"href":"https:\/\/temucotelevision.cl\/web\/wp-json\/wp\/v2\/posts\/18767\/revisions\/18769"}],"wp:featuredmedia":[{"embeddable":true,"href":"https:\/\/temucotelevision.cl\/web\/wp-json\/wp\/v2\/media\/18768"}],"wp:attachment":[{"href":"https:\/\/temucotelevision.cl\/web\/wp-json\/wp\/v2\/media?parent=18767"}],"wp:term":[{"taxonomy":"category","embeddable":true,"href":"https:\/\/temucotelevision.cl\/web\/wp-json\/wp\/v2\/categories?post=18767"},{"taxonomy":"post_tag","embeddable":true,"href":"https:\/\/temucotelevision.cl\/web\/wp-json\/wp\/v2\/tags?post=18767"}],"curies":[{"name":"wp","href":"https:\/\/api.w.org\/{rel}","templated":true}]}}