{"id":18764,"date":"2021-02-05T14:50:27","date_gmt":"2021-02-05T17:50:27","guid":{"rendered":"https:\/\/temucotelevision.cl\/web\/?p=18764"},"modified":"2021-02-05T14:50:30","modified_gmt":"2021-02-05T17:50:30","slug":"director-de-serviu-visita-viviendas-afectadas-por-sistema-frontal-en-collipulli","status":"publish","type":"post","link":"https:\/\/temucotelevision.cl\/web\/2021\/02\/05\/director-de-serviu-visita-viviendas-afectadas-por-sistema-frontal-en-collipulli\/","title":{"rendered":"Director de Serviu visita viviendas afectadas por sistema frontal en Collipulli"},"content":{"rendered":"<div class=\"pvc_clear\"><\/div><p id=\"pvc_stats_18764\" class=\"pvc_stats total_only  \" data-element-id=\"18764\" style=\"\"><i class=\"pvc-stats-icon large\" aria-hidden=\"true\"><svg aria-hidden=\"true\" focusable=\"false\" data-prefix=\"far\" data-icon=\"chart-bar\" role=\"img\" xmlns=\"http:\/\/www.w3.org\/2000\/svg\" viewBox=\"0 0 512 512\" class=\"svg-inline--fa fa-chart-bar fa-w-16 fa-2x\"><path fill=\"currentColor\" d=\"M396.8 352h22.4c6.4 0 12.8-6.4 12.8-12.8V108.8c0-6.4-6.4-12.8-12.8-12.8h-22.4c-6.4 0-12.8 6.4-12.8 12.8v230.4c0 6.4 6.4 12.8 12.8 12.8zm-192 0h22.4c6.4 0 12.8-6.4 12.8-12.8V140.8c0-6.4-6.4-12.8-12.8-12.8h-22.4c-6.4 0-12.8 6.4-12.8 12.8v198.4c0 6.4 6.4 12.8 12.8 12.8zm96 0h22.4c6.4 0 12.8-6.4 12.8-12.8V204.8c0-6.4-6.4-12.8-12.8-12.8h-22.4c-6.4 0-12.8 6.4-12.8 12.8v134.4c0 6.4 6.4 12.8 12.8 12.8zM496 400H48V80c0-8.84-7.16-16-16-16H16C7.16 64 0 71.16 0 80v336c0 17.67 14.33 32 32 32h464c8.84 0 16-7.16 16-16v-16c0-8.84-7.16-16-16-16zm-387.2-48h22.4c6.4 0 12.8-6.4 12.8-12.8v-70.4c0-6.4-6.4-12.8-12.8-12.8h-22.4c-6.4 0-12.8 6.4-12.8 12.8v70.4c0 6.4 6.4 12.8 12.8 12.8z\" class=\"\"><\/path><\/svg><\/i> <img loading=\"lazy\" decoding=\"async\" width=\"16\" height=\"16\" alt=\"Loading\" src=\"https:\/\/temucotelevision.cl\/web\/wp-content\/plugins\/page-views-count\/ajax-loader-2x.gif\" border=0 \/><\/p><div class=\"pvc_clear\"><\/div>\n<p>Ante las \u00faltimas lluvias que afectaron a La Araucan\u00eda y la situaci\u00f3n de emergencia que se vivi\u00f3 en la comuna de Collipulli, a ra\u00edz del anegamiento por aguas lluvias y saturaci\u00f3n de c\u00e1maras y sumideros, el Director de SERVIU Araucan\u00eda, Sergio Merino, junto al alcalde de la comuna, Manuel Macaya visitaron los lugares afectados tras la evaluaci\u00f3n realizada por los equipos de SERVIU y municipio.<\/p>\n\n\n\n<p>Las situaciones de emergencia m\u00e1s complejas se vivieron en las calles Victor Dur\u00e1n con Calle Cerro, Avenida Luis Eberhard, calle O\u2019Higgins con calle Vicente Huidobro y en la poblaci\u00f3n Av. Marta Gonzalez, donde decenas de viviendas se vieron afectadas por el frente de mal tiempo provocando el colapso y saturaci\u00f3n de los sistemas de drenaje y colectores de aguas lluvias de la comuna y el ingreso del agua en algunas viviendas.&nbsp;<\/p>\n\n\n\n<p>\u201c<em>Estoy muy agradecido que el Director SERVIU, Sergio Merino concurriera a mi llamado para trasladarse a los sectores donde se han registrado inundaciones. Sabemos que esta situaci\u00f3n requiere de una soluci\u00f3n de largo plazo puesto que Collipulli en general ha presentado hist\u00f3ricamente problemas con sus aguas lluvias, as\u00ed que esperamos trabajar una soluci\u00f3n en conjunto con el Director<\/em>\u201d, expreso Manuel Macaya alcalde de Collipulli.<\/p>\n\n\n\n<p>\u201cLa provincia de Malleco en Collipulli fue una de las zonas m\u00e1s afectadas por este sistema frontal y el equipo Minvu en la Regi\u00f3n de La Araucan\u00eda ha estado presente con las familias, atendiendo sus necesidades ante esta contingencia. Junto con los municipios hemos estado trabajando para mejorar la red de aguas lluvias en las comunas, con el objetivo de evitar nuevas emergencias y darles seguridad a todos los hogares. Nuestro compromiso est\u00e1 con las familias y su bienestar, tal como nos ha pedido especialmente el Presidente Sebasti\u00e1n Pi\u00f1era\u201d, sostuvo el Ministro Felipe Ward ante las inundaciones de verano que se han registrado en distintas ciudades del pa\u00eds.&nbsp;<\/p>\n\n\n\n<p>En terreno el Director de Serviu Araucan\u00eda, Sergio Merino indic\u00f3 \u201c<em>hemos estado conversando con los vecinos de los diversos sectores afectados y se hace necesario no solo resolver una situaci\u00f3n para el pr\u00f3ximo invierno, sino que tambi\u00e9n una soluci\u00f3n definitiva de colector de aguas lluvias para la comuna. Esperamos comenzar a trabajar ese proyecto y as\u00ed evitar que las inundaciones sigan afectando a estos sectores<\/em>\u201d, sostuvo Merino.<\/p>\n\n\n\n<p>De acuerdo a los informado por ONEMI, Al menos 56 personas resultaron damnificadas, 14 viviendas con da\u00f1o mayor y 16 con da\u00f1os en evaluaci\u00f3n producto de las intensas precipitaciones en la comuna de Collipulli durante el \u00faltimo sistema frontal que afect\u00f3 a la zona.<\/p>\n","protected":false},"excerpt":{"rendered":"<div class=\"pvc_clear\"><\/div>\n<p id=\"pvc_stats_18764\" class=\"pvc_stats total_only  \" data-element-id=\"18764\" style=\"\"><i class=\"pvc-stats-icon large\" aria-hidden=\"true\"><svg aria-hidden=\"true\" focusable=\"false\" data-prefix=\"far\" data-icon=\"chart-bar\" role=\"img\" xmlns=\"http:\/\/www.w3.org\/2000\/svg\" viewBox=\"0 0 512 512\" class=\"svg-inline--fa fa-chart-bar fa-w-16 fa-2x\"><path fill=\"currentColor\" d=\"M396.8 352h22.4c6.4 0 12.8-6.4 12.8-12.8V108.8c0-6.4-6.4-12.8-12.8-12.8h-22.4c-6.4 0-12.8 6.4-12.8 12.8v230.4c0 6.4 6.4 12.8 12.8 12.8zm-192 0h22.4c6.4 0 12.8-6.4 12.8-12.8V140.8c0-6.4-6.4-12.8-12.8-12.8h-22.4c-6.4 0-12.8 6.4-12.8 12.8v198.4c0 6.4 6.4 12.8 12.8 12.8zm96 0h22.4c6.4 0 12.8-6.4 12.8-12.8V204.8c0-6.4-6.4-12.8-12.8-12.8h-22.4c-6.4 0-12.8 6.4-12.8 12.8v134.4c0 6.4 6.4 12.8 12.8 12.8zM496 400H48V80c0-8.84-7.16-16-16-16H16C7.16 64 0 71.16 0 80v336c0 17.67 14.33 32 32 32h464c8.84 0 16-7.16 16-16v-16c0-8.84-7.16-16-16-16zm-387.2-48h22.4c6.4 0 12.8-6.4 12.8-12.8v-70.4c0-6.4-6.4-12.8-12.8-12.8h-22.4c-6.4 0-12.8 6.4-12.8 12.8v70.4c0 6.4 6.4 12.8 12.8 12.8z\" class=\"\"><\/path><\/svg><\/i> <img loading=\"lazy\" decoding=\"async\" width=\"16\" height=\"16\" alt=\"Loading\" src=\"https:\/\/temucotelevision.cl\/web\/wp-content\/plugins\/page-views-count\/ajax-loader-2x.gif\" border=0 \/><\/p>\n<div class=\"pvc_clear\"><\/div>\n<p>Ante las \u00faltimas lluvias que afectaron a La Araucan\u00eda y la situaci\u00f3n de emergencia que se vivi\u00f3 en la comuna<\/p>\n","protected":false},"author":1,"featured_media":18765,"comment_status":"open","ping_status":"open","sticky":false,"template":"","format":"standard","meta":{"colormag_page_container_layout":"default_layout","colormag_page_sidebar_layout":"default_layout","footnotes":""},"categories":[101],"tags":[1336,336,2638,355],"class_list":["post-18764","post","type-post","status-publish","format-standard","has-post-thumbnail","hentry","category-actualidad","tag-lluvias","tag-serviu","tag-sistema-frontal","tag-viviendas"],"a3_pvc":{"activated":true,"total_views":72,"today_views":0},"_links":{"self":[{"href":"https:\/\/temucotelevision.cl\/web\/wp-json\/wp\/v2\/posts\/18764","targetHints":{"allow":["GET"]}}],"collection":[{"href":"https:\/\/temucotelevision.cl\/web\/wp-json\/wp\/v2\/posts"}],"about":[{"href":"https:\/\/temucotelevision.cl\/web\/wp-json\/wp\/v2\/types\/post"}],"author":[{"embeddable":true,"href":"https:\/\/temucotelevision.cl\/web\/wp-json\/wp\/v2\/users\/1"}],"replies":[{"embeddable":true,"href":"https:\/\/temucotelevision.cl\/web\/wp-json\/wp\/v2\/comments?post=18764"}],"version-history":[{"count":1,"href":"https:\/\/temucotelevision.cl\/web\/wp-json\/wp\/v2\/posts\/18764\/revisions"}],"predecessor-version":[{"id":18766,"href":"https:\/\/temucotelevision.cl\/web\/wp-json\/wp\/v2\/posts\/18764\/revisions\/18766"}],"wp:featuredmedia":[{"embeddable":true,"href":"https:\/\/temucotelevision.cl\/web\/wp-json\/wp\/v2\/media\/18765"}],"wp:attachment":[{"href":"https:\/\/temucotelevision.cl\/web\/wp-json\/wp\/v2\/media?parent=18764"}],"wp:term":[{"taxonomy":"category","embeddable":true,"href":"https:\/\/temucotelevision.cl\/web\/wp-json\/wp\/v2\/categories?post=18764"},{"taxonomy":"post_tag","embeddable":true,"href":"https:\/\/temucotelevision.cl\/web\/wp-json\/wp\/v2\/tags?post=18764"}],"curies":[{"name":"wp","href":"https:\/\/api.w.org\/{rel}","templated":true}]}}