{"id":18761,"date":"2021-02-05T13:56:54","date_gmt":"2021-02-05T16:56:54","guid":{"rendered":"https:\/\/temucotelevision.cl\/web\/?p=18761"},"modified":"2021-02-05T13:56:59","modified_gmt":"2021-02-05T16:56:59","slug":"intendente-manoli-los-terrenos-que-sean-tomados-o-marcados-no-podran-ser-comprados-por-la-conadi-%ef%bb%bf","status":"publish","type":"post","link":"https:\/\/temucotelevision.cl\/web\/2021\/02\/05\/intendente-manoli-los-terrenos-que-sean-tomados-o-marcados-no-podran-ser-comprados-por-la-conadi-%ef%bb%bf\/","title":{"rendered":"Intendente Manoli: \u201clos terrenos que sean tomados o marcados no podr\u00e1n ser comprados por la Conadi\u201d \ufeff"},"content":{"rendered":"<div class=\"pvc_clear\"><\/div><p id=\"pvc_stats_18761\" class=\"pvc_stats total_only  \" data-element-id=\"18761\" style=\"\"><i class=\"pvc-stats-icon large\" aria-hidden=\"true\"><svg aria-hidden=\"true\" focusable=\"false\" data-prefix=\"far\" data-icon=\"chart-bar\" role=\"img\" xmlns=\"http:\/\/www.w3.org\/2000\/svg\" viewBox=\"0 0 512 512\" class=\"svg-inline--fa fa-chart-bar fa-w-16 fa-2x\"><path fill=\"currentColor\" d=\"M396.8 352h22.4c6.4 0 12.8-6.4 12.8-12.8V108.8c0-6.4-6.4-12.8-12.8-12.8h-22.4c-6.4 0-12.8 6.4-12.8 12.8v230.4c0 6.4 6.4 12.8 12.8 12.8zm-192 0h22.4c6.4 0 12.8-6.4 12.8-12.8V140.8c0-6.4-6.4-12.8-12.8-12.8h-22.4c-6.4 0-12.8 6.4-12.8 12.8v198.4c0 6.4 6.4 12.8 12.8 12.8zm96 0h22.4c6.4 0 12.8-6.4 12.8-12.8V204.8c0-6.4-6.4-12.8-12.8-12.8h-22.4c-6.4 0-12.8 6.4-12.8 12.8v134.4c0 6.4 6.4 12.8 12.8 12.8zM496 400H48V80c0-8.84-7.16-16-16-16H16C7.16 64 0 71.16 0 80v336c0 17.67 14.33 32 32 32h464c8.84 0 16-7.16 16-16v-16c0-8.84-7.16-16-16-16zm-387.2-48h22.4c6.4 0 12.8-6.4 12.8-12.8v-70.4c0-6.4-6.4-12.8-12.8-12.8h-22.4c-6.4 0-12.8 6.4-12.8 12.8v70.4c0 6.4 6.4 12.8 12.8 12.8z\" class=\"\"><\/path><\/svg><\/i> <img loading=\"lazy\" decoding=\"async\" width=\"16\" height=\"16\" alt=\"Loading\" src=\"https:\/\/temucotelevision.cl\/web\/wp-content\/plugins\/page-views-count\/ajax-loader-2x.gif\" border=0 \/><\/p><div class=\"pvc_clear\"><\/div>\n<ul class=\"wp-block-list\"><li>El intendente V\u00edctor Manoli junto al Coordinador Regional, Luis Calder\u00f3n se refirieron a mejoramiento de medidas de seguridad.<\/li><\/ul>\n\n\n\n<p>Mejoramiento en vigilancia en la Ruta 5 Sur, monitoreo en zonas de descanso de camineros, nuevos veh\u00edculos blindados y prioridad en la persecuci\u00f3n penal son parte del reforzamiento de seguridad que se aplicar\u00e1 en La Araucan\u00eda.<\/p>\n\n\n\n<p>As\u00ed lo inform\u00f3 el intendente V\u00edctor Manoli junto al Coordinador Regional, Luis Calder\u00f3n. En este sentido, el Luis Calder\u00f3n dijo que \u201ces muy poco vista la labor preventiva que est\u00e1 realizando en la Ruta 5. No es posible cuantificar ni demostrar la cantidad de hechos il\u00edcitos o de delitos que se pudo haber prevenido con el despliegue que se ha estado realizando de manera institucional en la ruta 5 desde hac\u00eda varios meses\u201d.<br><br>Pero adem\u00e1s, Calder\u00edn a\u00f1adi\u00f3 que \u201cla ocurrencia del hecho de antenoche pone en evidencia, tambi\u00e9n como autocr\u00edtica, que hab\u00eda que hacer ajustes al mismo y por eso se ha dispuesto el reforzamiento de personal, de veh\u00edculos blindados, de televigilancia, m\u00e1s operadores en las c\u00e1maras dispuestas en la ruta 5 y una mejor coordinaci\u00f3n institucional\u201d.<\/p>\n\n\n\n<p>Por su parte, el intendente V\u00edctor Manoli, se\u00f1al\u00f3 que \u201cha quedado demostrado con investigaciones judiciales que hay grupos que se esconden en la causa mapuche para dedicarse al narcotr\u00e1fico y al crimen. Esto, por ejemplo, ha quedado en evidencia con el operativo de Temucuicui, donde se pudo demostrar que existen organizaciones criminales con armamento de guerra, dispuestos matar. Eso es un delito y como gobierno no lo vamos a tolerar\u201d.&nbsp;<\/p>\n\n\n\n<p>Sin embargo, el intendente Manoli tambi\u00e9n se refiri\u00f3 a la toma de predios que se ha registrado en la regi\u00f3n. En este sentido, fue enf\u00e1tico al expresar que \u201clos terrenos que sean tomados o marcados no podr\u00e1n ser comprados por la Conadi. Como ustedes bien saben, existe una prohibici\u00f3n de esto y adem\u00e1s atenta contra los derechos humanos, lo que justamente va en la direcci\u00f3n contraria a lo que estamos haciendo\u201d.<\/p>\n","protected":false},"excerpt":{"rendered":"<div class=\"pvc_clear\"><\/div>\n<p id=\"pvc_stats_18761\" class=\"pvc_stats total_only  \" data-element-id=\"18761\" style=\"\"><i class=\"pvc-stats-icon large\" aria-hidden=\"true\"><svg aria-hidden=\"true\" focusable=\"false\" data-prefix=\"far\" data-icon=\"chart-bar\" role=\"img\" xmlns=\"http:\/\/www.w3.org\/2000\/svg\" viewBox=\"0 0 512 512\" class=\"svg-inline--fa fa-chart-bar fa-w-16 fa-2x\"><path fill=\"currentColor\" d=\"M396.8 352h22.4c6.4 0 12.8-6.4 12.8-12.8V108.8c0-6.4-6.4-12.8-12.8-12.8h-22.4c-6.4 0-12.8 6.4-12.8 12.8v230.4c0 6.4 6.4 12.8 12.8 12.8zm-192 0h22.4c6.4 0 12.8-6.4 12.8-12.8V140.8c0-6.4-6.4-12.8-12.8-12.8h-22.4c-6.4 0-12.8 6.4-12.8 12.8v198.4c0 6.4 6.4 12.8 12.8 12.8zm96 0h22.4c6.4 0 12.8-6.4 12.8-12.8V204.8c0-6.4-6.4-12.8-12.8-12.8h-22.4c-6.4 0-12.8 6.4-12.8 12.8v134.4c0 6.4 6.4 12.8 12.8 12.8zM496 400H48V80c0-8.84-7.16-16-16-16H16C7.16 64 0 71.16 0 80v336c0 17.67 14.33 32 32 32h464c8.84 0 16-7.16 16-16v-16c0-8.84-7.16-16-16-16zm-387.2-48h22.4c6.4 0 12.8-6.4 12.8-12.8v-70.4c0-6.4-6.4-12.8-12.8-12.8h-22.4c-6.4 0-12.8 6.4-12.8 12.8v70.4c0 6.4 6.4 12.8 12.8 12.8z\" class=\"\"><\/path><\/svg><\/i> <img loading=\"lazy\" decoding=\"async\" width=\"16\" height=\"16\" alt=\"Loading\" src=\"https:\/\/temucotelevision.cl\/web\/wp-content\/plugins\/page-views-count\/ajax-loader-2x.gif\" border=0 \/><\/p>\n<div class=\"pvc_clear\"><\/div>\n<p>El intendente V\u00edctor Manoli junto al Coordinador Regional, Luis Calder\u00f3n se refirieron a mejoramiento de medidas de seguridad. Mejoramiento en<\/p>\n","protected":false},"author":1,"featured_media":18762,"comment_status":"open","ping_status":"open","sticky":false,"template":"","format":"standard","meta":{"colormag_page_container_layout":"default_layout","colormag_page_sidebar_layout":"default_layout","footnotes":""},"categories":[14],"tags":[187,595],"class_list":["post-18761","post","type-post","status-publish","format-standard","has-post-thumbnail","hentry","category-temuco","tag-conadi","tag-intendente"],"a3_pvc":{"activated":true,"total_views":23,"today_views":0},"_links":{"self":[{"href":"https:\/\/temucotelevision.cl\/web\/wp-json\/wp\/v2\/posts\/18761","targetHints":{"allow":["GET"]}}],"collection":[{"href":"https:\/\/temucotelevision.cl\/web\/wp-json\/wp\/v2\/posts"}],"about":[{"href":"https:\/\/temucotelevision.cl\/web\/wp-json\/wp\/v2\/types\/post"}],"author":[{"embeddable":true,"href":"https:\/\/temucotelevision.cl\/web\/wp-json\/wp\/v2\/users\/1"}],"replies":[{"embeddable":true,"href":"https:\/\/temucotelevision.cl\/web\/wp-json\/wp\/v2\/comments?post=18761"}],"version-history":[{"count":1,"href":"https:\/\/temucotelevision.cl\/web\/wp-json\/wp\/v2\/posts\/18761\/revisions"}],"predecessor-version":[{"id":18763,"href":"https:\/\/temucotelevision.cl\/web\/wp-json\/wp\/v2\/posts\/18761\/revisions\/18763"}],"wp:featuredmedia":[{"embeddable":true,"href":"https:\/\/temucotelevision.cl\/web\/wp-json\/wp\/v2\/media\/18762"}],"wp:attachment":[{"href":"https:\/\/temucotelevision.cl\/web\/wp-json\/wp\/v2\/media?parent=18761"}],"wp:term":[{"taxonomy":"category","embeddable":true,"href":"https:\/\/temucotelevision.cl\/web\/wp-json\/wp\/v2\/categories?post=18761"},{"taxonomy":"post_tag","embeddable":true,"href":"https:\/\/temucotelevision.cl\/web\/wp-json\/wp\/v2\/tags?post=18761"}],"curies":[{"name":"wp","href":"https:\/\/api.w.org\/{rel}","templated":true}]}}