{"id":18631,"date":"2021-02-02T13:14:20","date_gmt":"2021-02-02T16:14:20","guid":{"rendered":"https:\/\/temucotelevision.cl\/web\/?p=18631"},"modified":"2021-02-02T13:14:23","modified_gmt":"2021-02-02T16:14:23","slug":"nuevas-estrategias-de-trazabilidad-de-covid-19-llegan-a-la-araucania","status":"publish","type":"post","link":"https:\/\/temucotelevision.cl\/web\/2021\/02\/02\/nuevas-estrategias-de-trazabilidad-de-covid-19-llegan-a-la-araucania\/","title":{"rendered":"Nuevas estrategias de trazabilidad de Covid-19 llegan a La Araucan\u00eda"},"content":{"rendered":"<div class=\"pvc_clear\"><\/div><p id=\"pvc_stats_18631\" class=\"pvc_stats total_only  \" data-element-id=\"18631\" style=\"\"><i class=\"pvc-stats-icon large\" aria-hidden=\"true\"><svg aria-hidden=\"true\" focusable=\"false\" data-prefix=\"far\" data-icon=\"chart-bar\" role=\"img\" xmlns=\"http:\/\/www.w3.org\/2000\/svg\" viewBox=\"0 0 512 512\" class=\"svg-inline--fa fa-chart-bar fa-w-16 fa-2x\"><path fill=\"currentColor\" d=\"M396.8 352h22.4c6.4 0 12.8-6.4 12.8-12.8V108.8c0-6.4-6.4-12.8-12.8-12.8h-22.4c-6.4 0-12.8 6.4-12.8 12.8v230.4c0 6.4 6.4 12.8 12.8 12.8zm-192 0h22.4c6.4 0 12.8-6.4 12.8-12.8V140.8c0-6.4-6.4-12.8-12.8-12.8h-22.4c-6.4 0-12.8 6.4-12.8 12.8v198.4c0 6.4 6.4 12.8 12.8 12.8zm96 0h22.4c6.4 0 12.8-6.4 12.8-12.8V204.8c0-6.4-6.4-12.8-12.8-12.8h-22.4c-6.4 0-12.8 6.4-12.8 12.8v134.4c0 6.4 6.4 12.8 12.8 12.8zM496 400H48V80c0-8.84-7.16-16-16-16H16C7.16 64 0 71.16 0 80v336c0 17.67 14.33 32 32 32h464c8.84 0 16-7.16 16-16v-16c0-8.84-7.16-16-16-16zm-387.2-48h22.4c6.4 0 12.8-6.4 12.8-12.8v-70.4c0-6.4-6.4-12.8-12.8-12.8h-22.4c-6.4 0-12.8 6.4-12.8 12.8v70.4c0 6.4 6.4 12.8 12.8 12.8z\" class=\"\"><\/path><\/svg><\/i> <img loading=\"lazy\" decoding=\"async\" width=\"16\" height=\"16\" alt=\"Loading\" src=\"https:\/\/temucotelevision.cl\/web\/wp-content\/plugins\/page-views-count\/ajax-loader-2x.gif\" border=0 \/><\/p><div class=\"pvc_clear\"><\/div>\n<ul class=\"wp-block-list\"><li>Se trata de las nuevas dependencias del Centro de Trazabilidad de la seremi de Salud y del \u201cTren\u201d TTA m\u00f3vil que se encontrar\u00e1 recorriendo la zona lacustre para toma de muestras.<\/li><\/ul>\n\n\n\n<p class=\"wp-block-paragraph\">Con el objetivo de<strong>\u00a0<\/strong>limitar la transmisi\u00f3n de persona a persona, del virus Covid-19, la seremi de Salud, inaugur\u00f3 un nuevo Centro de Trazabilidad, en donde 121 funcionarios trabajan realizando investigaci\u00f3n epidemiol\u00f3gica, levantamiento de contactos estrechos, derivaci\u00f3n a residencia sanitaria y realizaci\u00f3n de licencias m\u00e9dicas. En esta l\u00ednea adem\u00e1s, autoridades regionales visitaron y lanzaron la ruta del nuevo \u201cTren\u201d de Testeo, Trazabilidad y Aislamiento (TTA) m\u00f3vil en la zona lacustre.<\/p>\n\n\n\n<p class=\"wp-block-paragraph\">Con la llegada del coronavirus a nuestro pa\u00eds, el Ministerio de Salud ha dispuesto distintas estrategias con el fin de fortalecer la investigaci\u00f3n epidemiol\u00f3gica. Es as\u00ed como en el mes de junio del 2020 se logra la contrataci\u00f3n de un equipo exclusivo de Trazabilidad, el cual ya se encuentra en las nuevas dependencias que hoy fueron inauguradas por el Intendente V\u00edctor Manoli y la seremi de Salud, Gloria Rodr\u00edguez, en el Edificio Newen de Temuco.&nbsp;<\/p>\n\n\n\n<p class=\"wp-block-paragraph\">En esta misma l\u00ednea, las autoridades se trasladaron hasta la zona lacustre para realizar el lanzamiento del TTA m\u00f3vil, una especie de \u201ctren\u201d que tiene la capacidad de tomar test de PCR, procesar la muestra y el resultado en un box de laboratorio, para finalizar en el seguimiento y aislamiento de los contactos estrechos de los casos Covid-19 positivo.<\/p>\n\n\n\n<p class=\"wp-block-paragraph\">Al respecto, la Dra. Rodr\u00edguez explic\u00f3 que el objetivo de este m\u00f3vil es \u201cprocesar testeo, trazabilidad y aislamiento, y nos permite acercarnos a toda la poblaci\u00f3n puesto que est\u00e1 orientado fundamentalmente a la b\u00fasqueda en personas asintom\u00e1ticas. En el segundo m\u00f3dulo hay un laboratorio, de alta tecnolog\u00eda que permite procesar en menos tiempo la muestra que laboratorios tradicionales de tipo moleculares. Y el tercer m\u00f3dulo, que es de la trazabilidad, una vez que sale el resultado de la&nbsp;&nbsp;muestra, puede realizar inmediatamente la trazabilidad de la muestra en terreno. Este proceso que en tiempos normales en la seremi demora 4 d\u00edas, ac\u00e1 no demora m\u00e1s de 8 horas\u201d.<\/p>\n\n\n\n<p class=\"wp-block-paragraph\">\u201cEstamos hablando de 500 ex\u00e1menes que van a ser de b\u00fasqueda activa, lo que nos va a permitir ver a los asintom\u00e1ticos y poder aislarlos en caso de que est\u00e9n contagiados. Lo que hoy d\u00eda estamos viendo es la preocupaci\u00f3n del gobierno del Presidente, Sebasti\u00e1n Pi\u00f1era, por la regi\u00f3n de La Araucan\u00eda, pero no sacamos nada con que el gobierno y las autoridades se preocupen, si la gente no es responsable, no hace el autocuidado, no cumple la norma sanitaria y por eso hay que hacer un llamado en\u00e9rgico a no seguir siendo irresponsables si queremos contener esta pandemia\u201d, puntualiz\u00f3 el Intendente Manoli.<\/p>\n\n\n\n<p class=\"wp-block-paragraph\">Finalmente el alcalde de la comuna de Villarrica, Germ\u00e1n Vergara se\u00f1al\u00f3 \u201cEs una gran oportunidad que nos ha dado el Minsal, a trav\u00e9s de la seremi ac\u00e1 en la regi\u00f3n, de tener este cami\u00f3n para hacer los test,&nbsp;&nbsp;mucho m\u00e1s r\u00e1pido,&nbsp;&nbsp;mucho m\u00e1s moderno y m\u00e1s efectivo; pero tambi\u00e9n est\u00e1 la preocupaci\u00f3n como alcalde de la comuna para que esto se haga efectivo a la gente que nos visita y tambi\u00e9n para los vecinos de nuestra comuna\u201d.<\/p>\n","protected":false},"excerpt":{"rendered":"<div class=\"pvc_clear\"><\/div>\n<p id=\"pvc_stats_18631\" class=\"pvc_stats total_only  \" data-element-id=\"18631\" style=\"\"><i class=\"pvc-stats-icon large\" aria-hidden=\"true\"><svg aria-hidden=\"true\" focusable=\"false\" data-prefix=\"far\" data-icon=\"chart-bar\" role=\"img\" xmlns=\"http:\/\/www.w3.org\/2000\/svg\" viewBox=\"0 0 512 512\" class=\"svg-inline--fa fa-chart-bar fa-w-16 fa-2x\"><path fill=\"currentColor\" d=\"M396.8 352h22.4c6.4 0 12.8-6.4 12.8-12.8V108.8c0-6.4-6.4-12.8-12.8-12.8h-22.4c-6.4 0-12.8 6.4-12.8 12.8v230.4c0 6.4 6.4 12.8 12.8 12.8zm-192 0h22.4c6.4 0 12.8-6.4 12.8-12.8V140.8c0-6.4-6.4-12.8-12.8-12.8h-22.4c-6.4 0-12.8 6.4-12.8 12.8v198.4c0 6.4 6.4 12.8 12.8 12.8zm96 0h22.4c6.4 0 12.8-6.4 12.8-12.8V204.8c0-6.4-6.4-12.8-12.8-12.8h-22.4c-6.4 0-12.8 6.4-12.8 12.8v134.4c0 6.4 6.4 12.8 12.8 12.8zM496 400H48V80c0-8.84-7.16-16-16-16H16C7.16 64 0 71.16 0 80v336c0 17.67 14.33 32 32 32h464c8.84 0 16-7.16 16-16v-16c0-8.84-7.16-16-16-16zm-387.2-48h22.4c6.4 0 12.8-6.4 12.8-12.8v-70.4c0-6.4-6.4-12.8-12.8-12.8h-22.4c-6.4 0-12.8 6.4-12.8 12.8v70.4c0 6.4 6.4 12.8 12.8 12.8z\" class=\"\"><\/path><\/svg><\/i> <img loading=\"lazy\" decoding=\"async\" width=\"16\" height=\"16\" alt=\"Loading\" src=\"https:\/\/temucotelevision.cl\/web\/wp-content\/plugins\/page-views-count\/ajax-loader-2x.gif\" border=0 \/><\/p>\n<div class=\"pvc_clear\"><\/div>\n<p>Se trata de las nuevas dependencias del Centro de Trazabilidad de la seremi de Salud y del \u201cTren\u201d TTA m\u00f3vil<\/p>\n","protected":false},"author":1,"featured_media":18632,"comment_status":"open","ping_status":"open","sticky":false,"template":"","format":"standard","meta":{"colormag_page_container_layout":"default_layout","colormag_page_sidebar_layout":"default_layout","advanced_seo_description":"","jetpack_seo_html_title":"","jetpack_seo_noindex":false,"jetpack_seo_schema_type":"","_jetpack_newsletter_access":"","_jetpack_dont_email_post_to_subs":false,"_jetpack_newsletter_tier_id":0,"_jetpack_memberships_contains_paywalled_content":false,"_jetpack_feature_clip_id":0,"_jetpack_memberships_contains_paid_content":false,"footnotes":"","jetpack_publicize_message":"","jetpack_publicize_feature_enabled":true,"jetpack_social_post_already_shared":false,"jetpack_social_options":{"image_generator_settings":{"template":"highway","default_image_id":0,"font":"","enabled":false},"version":2},"jetpack_post_was_ever_published":false},"categories":[15],"tags":[1308,1491],"class_list":["post-18631","post","type-post","status-publish","format-standard","has-post-thumbnail","hentry","category-la-araucania","tag-movil","tag-muestras"],"a3_pvc":{"activated":true,"total_views":27,"today_views":0},"jetpack_publicize_connections":[],"jetpack_sharing_enabled":true,"jetpack_likes_enabled":true,"jetpack_featured_media_url":"https:\/\/temucotelevision.cl\/web\/wp-content\/uploads\/2021\/02\/TTA-Movil.jpg","_links":{"self":[{"href":"https:\/\/temucotelevision.cl\/web\/wp-json\/wp\/v2\/posts\/18631","targetHints":{"allow":["GET"]}}],"collection":[{"href":"https:\/\/temucotelevision.cl\/web\/wp-json\/wp\/v2\/posts"}],"about":[{"href":"https:\/\/temucotelevision.cl\/web\/wp-json\/wp\/v2\/types\/post"}],"author":[{"embeddable":true,"href":"https:\/\/temucotelevision.cl\/web\/wp-json\/wp\/v2\/users\/1"}],"replies":[{"embeddable":true,"href":"https:\/\/temucotelevision.cl\/web\/wp-json\/wp\/v2\/comments?post=18631"}],"version-history":[{"count":1,"href":"https:\/\/temucotelevision.cl\/web\/wp-json\/wp\/v2\/posts\/18631\/revisions"}],"predecessor-version":[{"id":18633,"href":"https:\/\/temucotelevision.cl\/web\/wp-json\/wp\/v2\/posts\/18631\/revisions\/18633"}],"wp:featuredmedia":[{"embeddable":true,"href":"https:\/\/temucotelevision.cl\/web\/wp-json\/wp\/v2\/media\/18632"}],"wp:attachment":[{"href":"https:\/\/temucotelevision.cl\/web\/wp-json\/wp\/v2\/media?parent=18631"}],"wp:term":[{"taxonomy":"category","embeddable":true,"href":"https:\/\/temucotelevision.cl\/web\/wp-json\/wp\/v2\/categories?post=18631"},{"taxonomy":"post_tag","embeddable":true,"href":"https:\/\/temucotelevision.cl\/web\/wp-json\/wp\/v2\/tags?post=18631"}],"curies":[{"name":"wp","href":"https:\/\/api.w.org\/{rel}","templated":true}]}}