{"id":1848,"date":"2019-02-27T15:03:16","date_gmt":"2019-02-27T18:03:16","guid":{"rendered":"https:\/\/temucotelevision.cl\/web\/?p=1848"},"modified":"2019-02-27T15:03:16","modified_gmt":"2019-02-27T18:03:16","slug":"diputado-rathgeb-llamo-a-respetar-calendario-de-quemas-agricolas","status":"publish","type":"post","link":"https:\/\/temucotelevision.cl\/web\/2019\/02\/27\/diputado-rathgeb-llamo-a-respetar-calendario-de-quemas-agricolas\/","title":{"rendered":"Diputado Rathgeb llam\u00f3 a respetar calendario de quemas agr\u00edcolas"},"content":{"rendered":"<div class=\"pvc_clear\"><\/div>\n<p id=\"pvc_stats_1848\" class=\"pvc_stats total_only  \" data-element-id=\"1848\" style=\"\"><i class=\"pvc-stats-icon large\" aria-hidden=\"true\"><svg aria-hidden=\"true\" focusable=\"false\" data-prefix=\"far\" data-icon=\"chart-bar\" role=\"img\" xmlns=\"http:\/\/www.w3.org\/2000\/svg\" viewBox=\"0 0 512 512\" class=\"svg-inline--fa fa-chart-bar fa-w-16 fa-2x\"><path fill=\"currentColor\" d=\"M396.8 352h22.4c6.4 0 12.8-6.4 12.8-12.8V108.8c0-6.4-6.4-12.8-12.8-12.8h-22.4c-6.4 0-12.8 6.4-12.8 12.8v230.4c0 6.4 6.4 12.8 12.8 12.8zm-192 0h22.4c6.4 0 12.8-6.4 12.8-12.8V140.8c0-6.4-6.4-12.8-12.8-12.8h-22.4c-6.4 0-12.8 6.4-12.8 12.8v198.4c0 6.4 6.4 12.8 12.8 12.8zm96 0h22.4c6.4 0 12.8-6.4 12.8-12.8V204.8c0-6.4-6.4-12.8-12.8-12.8h-22.4c-6.4 0-12.8 6.4-12.8 12.8v134.4c0 6.4 6.4 12.8 12.8 12.8zM496 400H48V80c0-8.84-7.16-16-16-16H16C7.16 64 0 71.16 0 80v336c0 17.67 14.33 32 32 32h464c8.84 0 16-7.16 16-16v-16c0-8.84-7.16-16-16-16zm-387.2-48h22.4c6.4 0 12.8-6.4 12.8-12.8v-70.4c0-6.4-6.4-12.8-12.8-12.8h-22.4c-6.4 0-12.8 6.4-12.8 12.8v70.4c0 6.4 6.4 12.8 12.8 12.8z\" class=\"\"><\/path><\/svg><\/i> <img loading=\"lazy\" decoding=\"async\" width=\"16\" height=\"16\" alt=\"Loading\" src=\"https:\/\/temucotelevision.cl\/web\/wp-content\/plugins\/page-views-count\/ajax-loader-2x.gif\" border=0 \/><\/p>\n<div class=\"pvc_clear\"><\/div>\n<p style=\"text-align: justify;\">Parlamentario indic\u00f3 que tambi\u00e9n se debe ser responsable, debido a que el mal manejo del fuego podr\u00eda generar situaciones a\u00fan m\u00e1s complejas que los \u00faltimos incendios<\/p>\n<p style=\"text-align: justify;\">El diputado de Renovaci\u00f3n Nacional por La Araucan\u00eda, Jorge Rathgeb Schifferli, realiz\u00f3 un llamado a respetar el calendario de quemas agr\u00edcolas para no incurrir en il\u00edcitos.<\/p>\n<p style=\"text-align: justify;\">El parlamentario integrante de la comisi\u00f3n de Agricultura de la c\u00e1mara agreg\u00f3 que es importante acercarse a las oficinas de la Corporaci\u00f3n Nacional Forestal -Conaf- para interiorizarse sobre este proceso y poder inscribirse acorde a las fechas en donde se permite<\/p>\n<p style=\"text-align: justify;\">Rathgeb tambi\u00e9n indic\u00f3 que en caso de no informar el periodo en que la persona incinerar\u00e1 los rastrojos, se expone a multas en dinero e incluso a penas de c\u00e1rcel, por lo que es de suma importancia respetar las normativas vigentes.<\/p>\n<p style=\"text-align: justify;\">Junto a lo anterior el diputado tambi\u00e9n emplaz\u00f3 a las personas a ser responsables a la hora de realizar este acto, considerando que en muchas oportunidades el fuego ha escapado del radio donde deb\u00eda hacerse y ha provocado incendios de grandes proporciones, accidentes de tr\u00e1nsito porque el humo cubre los caminos, cortes del suministro el\u00e9ctrico debido a que el calor consume los cables del tendido el\u00e9ctrico, entre otros problemas.<\/p>\n<p style=\"text-align: justify;\">\u201cHago el llamado a respetar el calendario de quemas agr\u00edcolas para evitar hechos que m\u00e1s tarde se puedan lamentar. Tuvimos un verano complejo por los incendios y no tener un manejo responsable puede traer consecuencias a\u00fan m\u00e1s lamentables, por lo que el llamado es a la prudencia en estas fechas\u201d, puntualiz\u00f3 el congresista.<\/p>\n<p style=\"text-align: justify;\">El diputado Rathgeb tambi\u00e9n llam\u00f3 a las personas a denunciar situaciones complejas por las quemas agr\u00edcolas a ambas polic\u00edas si es necesario.<\/p>\n","protected":false},"excerpt":{"rendered":"<div class=\"pvc_clear\"><\/div>\n<p id=\"pvc_stats_1848\" class=\"pvc_stats total_only  \" data-element-id=\"1848\" style=\"\"><i class=\"pvc-stats-icon large\" aria-hidden=\"true\"><svg aria-hidden=\"true\" focusable=\"false\" data-prefix=\"far\" data-icon=\"chart-bar\" role=\"img\" xmlns=\"http:\/\/www.w3.org\/2000\/svg\" viewBox=\"0 0 512 512\" class=\"svg-inline--fa fa-chart-bar fa-w-16 fa-2x\"><path fill=\"currentColor\" d=\"M396.8 352h22.4c6.4 0 12.8-6.4 12.8-12.8V108.8c0-6.4-6.4-12.8-12.8-12.8h-22.4c-6.4 0-12.8 6.4-12.8 12.8v230.4c0 6.4 6.4 12.8 12.8 12.8zm-192 0h22.4c6.4 0 12.8-6.4 12.8-12.8V140.8c0-6.4-6.4-12.8-12.8-12.8h-22.4c-6.4 0-12.8 6.4-12.8 12.8v198.4c0 6.4 6.4 12.8 12.8 12.8zm96 0h22.4c6.4 0 12.8-6.4 12.8-12.8V204.8c0-6.4-6.4-12.8-12.8-12.8h-22.4c-6.4 0-12.8 6.4-12.8 12.8v134.4c0 6.4 6.4 12.8 12.8 12.8zM496 400H48V80c0-8.84-7.16-16-16-16H16C7.16 64 0 71.16 0 80v336c0 17.67 14.33 32 32 32h464c8.84 0 16-7.16 16-16v-16c0-8.84-7.16-16-16-16zm-387.2-48h22.4c6.4 0 12.8-6.4 12.8-12.8v-70.4c0-6.4-6.4-12.8-12.8-12.8h-22.4c-6.4 0-12.8 6.4-12.8 12.8v70.4c0 6.4 6.4 12.8 12.8 12.8z\" class=\"\"><\/path><\/svg><\/i> <img loading=\"lazy\" decoding=\"async\" width=\"16\" height=\"16\" alt=\"Loading\" src=\"https:\/\/temucotelevision.cl\/web\/wp-content\/plugins\/page-views-count\/ajax-loader-2x.gif\" border=0 \/><\/p>\n<div class=\"pvc_clear\"><\/div>\n<p>Parlamentario indic\u00f3 que tambi\u00e9n se debe ser responsable, debido a que el mal manejo del fuego podr\u00eda generar situaciones a\u00fan<\/p>\n","protected":false},"author":1,"featured_media":1849,"comment_status":"open","ping_status":"open","sticky":false,"template":"","format":"standard","meta":{"colormag_page_container_layout":"default_layout","colormag_page_sidebar_layout":"default_layout","footnotes":""},"categories":[84],"tags":[552,256,154,327,266,696],"class_list":["post-1848","post","type-post","status-publish","format-standard","has-post-thumbnail","hentry","category-politica","tag-agricolas","tag-calor","tag-diputado","tag-fuego","tag-incendios","tag-quemas"],"a3_pvc":{"activated":true,"total_views":34,"today_views":0},"_links":{"self":[{"href":"https:\/\/temucotelevision.cl\/web\/wp-json\/wp\/v2\/posts\/1848","targetHints":{"allow":["GET"]}}],"collection":[{"href":"https:\/\/temucotelevision.cl\/web\/wp-json\/wp\/v2\/posts"}],"about":[{"href":"https:\/\/temucotelevision.cl\/web\/wp-json\/wp\/v2\/types\/post"}],"author":[{"embeddable":true,"href":"https:\/\/temucotelevision.cl\/web\/wp-json\/wp\/v2\/users\/1"}],"replies":[{"embeddable":true,"href":"https:\/\/temucotelevision.cl\/web\/wp-json\/wp\/v2\/comments?post=1848"}],"version-history":[{"count":1,"href":"https:\/\/temucotelevision.cl\/web\/wp-json\/wp\/v2\/posts\/1848\/revisions"}],"predecessor-version":[{"id":1850,"href":"https:\/\/temucotelevision.cl\/web\/wp-json\/wp\/v2\/posts\/1848\/revisions\/1850"}],"wp:featuredmedia":[{"embeddable":true,"href":"https:\/\/temucotelevision.cl\/web\/wp-json\/wp\/v2\/media\/1849"}],"wp:attachment":[{"href":"https:\/\/temucotelevision.cl\/web\/wp-json\/wp\/v2\/media?parent=1848"}],"wp:term":[{"taxonomy":"category","embeddable":true,"href":"https:\/\/temucotelevision.cl\/web\/wp-json\/wp\/v2\/categories?post=1848"},{"taxonomy":"post_tag","embeddable":true,"href":"https:\/\/temucotelevision.cl\/web\/wp-json\/wp\/v2\/tags?post=1848"}],"curies":[{"name":"wp","href":"https:\/\/api.w.org\/{rel}","templated":true}]}}