{"id":1836,"date":"2019-02-27T08:00:01","date_gmt":"2019-02-27T11:00:01","guid":{"rendered":"https:\/\/temucotelevision.cl\/web\/?p=1836"},"modified":"2019-02-27T00:55:46","modified_gmt":"2019-02-27T03:55:46","slug":"pinera-por-captura-de-profugos-en-caso-luchsinger-mackay-reafirmo-tolerancia-cero-al-terrorismo","status":"publish","type":"post","link":"https:\/\/temucotelevision.cl\/web\/2019\/02\/27\/pinera-por-captura-de-profugos-en-caso-luchsinger-mackay-reafirmo-tolerancia-cero-al-terrorismo\/","title":{"rendered":"Pi\u00f1era por captura de pr\u00f3fugos en caso Luchsinger -Mackay: \u201cReafirmo tolerancia cero al terrorismo\u201d"},"content":{"rendered":"<div class=\"pvc_clear\"><\/div>\n<p id=\"pvc_stats_1836\" class=\"pvc_stats total_only  \" data-element-id=\"1836\" style=\"\"><i class=\"pvc-stats-icon large\" aria-hidden=\"true\"><svg aria-hidden=\"true\" focusable=\"false\" data-prefix=\"far\" data-icon=\"chart-bar\" role=\"img\" xmlns=\"http:\/\/www.w3.org\/2000\/svg\" viewBox=\"0 0 512 512\" class=\"svg-inline--fa fa-chart-bar fa-w-16 fa-2x\"><path fill=\"currentColor\" d=\"M396.8 352h22.4c6.4 0 12.8-6.4 12.8-12.8V108.8c0-6.4-6.4-12.8-12.8-12.8h-22.4c-6.4 0-12.8 6.4-12.8 12.8v230.4c0 6.4 6.4 12.8 12.8 12.8zm-192 0h22.4c6.4 0 12.8-6.4 12.8-12.8V140.8c0-6.4-6.4-12.8-12.8-12.8h-22.4c-6.4 0-12.8 6.4-12.8 12.8v198.4c0 6.4 6.4 12.8 12.8 12.8zm96 0h22.4c6.4 0 12.8-6.4 12.8-12.8V204.8c0-6.4-6.4-12.8-12.8-12.8h-22.4c-6.4 0-12.8 6.4-12.8 12.8v134.4c0 6.4 6.4 12.8 12.8 12.8zM496 400H48V80c0-8.84-7.16-16-16-16H16C7.16 64 0 71.16 0 80v336c0 17.67 14.33 32 32 32h464c8.84 0 16-7.16 16-16v-16c0-8.84-7.16-16-16-16zm-387.2-48h22.4c6.4 0 12.8-6.4 12.8-12.8v-70.4c0-6.4-6.4-12.8-12.8-12.8h-22.4c-6.4 0-12.8 6.4-12.8 12.8v70.4c0 6.4 6.4 12.8 12.8 12.8z\" class=\"\"><\/path><\/svg><\/i> <img loading=\"lazy\" decoding=\"async\" width=\"16\" height=\"16\" alt=\"Loading\" src=\"https:\/\/temucotelevision.cl\/web\/wp-content\/plugins\/page-views-count\/ajax-loader-2x.gif\" border=0 \/><\/p>\n<div class=\"pvc_clear\"><\/div>\n<p style=\"text-align: justify;\">El\u00a0Presidente Pi\u00f1era\u00a0se refiri\u00f3 este martes a la\u00a0detenci\u00f3n de los primos Luis y Jos\u00e9 Caltral,\u00a0quienes estaban pr\u00f3fugos de la justicia por el\u00a0caso del crimen de Werner Luchsinger y Vivianne Mackay, indicando que el Gobierno tiene\u00a0\u201ctolerancia cero al terrorismo\u201d.<\/p>\n<p style=\"text-align: justify;\">\u201cTodas las v\u00edctimas merecen justicia y reafirmo tolerancia cero frente a terrorismo, delincuencia e impunidad.\u00a0Valoro labor de @PDI_chile y @FiscaliadeChile en captura 2 condenados pr\u00f3fugos por cruel asesinato matrimonio Luchsinger Mackay.Seguimos trabajando por seguridad de todos\u201d, escribi\u00f3 en su cuenta oficial de Twitter.<\/p>\n<p style=\"text-align: justify;\">Durante la ma\u00f1ana de este martes\u00a0fueron detenidos en un inmueble de la comuna de La Cisterna, los primos Luis Tralcal Quidel y Jos\u00e9 Tralcal Coche, ambos condenados por el crimen de Luchsinger-Mackay (enero de 2013), quienes\u00a0deber\u00e1n cumplir 18 a\u00f1os de presidio efectivo.<\/p>\n<p style=\"text-align: justify;\">Durante esta jornada ambos condenados fueron trasladados hasta la sala de audiencia del\u00a011 Juzgado de Garant\u00eda de Santiago,\u00a0en el Centro de Justicia, donde se realizar\u00e1 el control de detenci\u00f3n, para luego ser derivados hasta un recinto penal de Temuco.<\/p>\n<p style=\"text-align: justify;\">La tarde de este martes se decret\u00f3 la prisi\u00f3n preventiva para Luis y Jos\u00e9 Tralcal.<\/p>\n","protected":false},"excerpt":{"rendered":"<div class=\"pvc_clear\"><\/div>\n<p id=\"pvc_stats_1836\" class=\"pvc_stats total_only  \" data-element-id=\"1836\" style=\"\"><i class=\"pvc-stats-icon large\" aria-hidden=\"true\"><svg aria-hidden=\"true\" focusable=\"false\" data-prefix=\"far\" data-icon=\"chart-bar\" role=\"img\" xmlns=\"http:\/\/www.w3.org\/2000\/svg\" viewBox=\"0 0 512 512\" class=\"svg-inline--fa fa-chart-bar fa-w-16 fa-2x\"><path fill=\"currentColor\" d=\"M396.8 352h22.4c6.4 0 12.8-6.4 12.8-12.8V108.8c0-6.4-6.4-12.8-12.8-12.8h-22.4c-6.4 0-12.8 6.4-12.8 12.8v230.4c0 6.4 6.4 12.8 12.8 12.8zm-192 0h22.4c6.4 0 12.8-6.4 12.8-12.8V140.8c0-6.4-6.4-12.8-12.8-12.8h-22.4c-6.4 0-12.8 6.4-12.8 12.8v198.4c0 6.4 6.4 12.8 12.8 12.8zm96 0h22.4c6.4 0 12.8-6.4 12.8-12.8V204.8c0-6.4-6.4-12.8-12.8-12.8h-22.4c-6.4 0-12.8 6.4-12.8 12.8v134.4c0 6.4 6.4 12.8 12.8 12.8zM496 400H48V80c0-8.84-7.16-16-16-16H16C7.16 64 0 71.16 0 80v336c0 17.67 14.33 32 32 32h464c8.84 0 16-7.16 16-16v-16c0-8.84-7.16-16-16-16zm-387.2-48h22.4c6.4 0 12.8-6.4 12.8-12.8v-70.4c0-6.4-6.4-12.8-12.8-12.8h-22.4c-6.4 0-12.8 6.4-12.8 12.8v70.4c0 6.4 6.4 12.8 12.8 12.8z\" class=\"\"><\/path><\/svg><\/i> <img loading=\"lazy\" decoding=\"async\" width=\"16\" height=\"16\" alt=\"Loading\" src=\"https:\/\/temucotelevision.cl\/web\/wp-content\/plugins\/page-views-count\/ajax-loader-2x.gif\" border=0 \/><\/p>\n<div class=\"pvc_clear\"><\/div>\n<p>El\u00a0Presidente Pi\u00f1era\u00a0se refiri\u00f3 este martes a la\u00a0detenci\u00f3n de los primos Luis y Jos\u00e9 Caltral,\u00a0quienes estaban pr\u00f3fugos de la justicia por<\/p>\n","protected":false},"author":1,"featured_media":1837,"comment_status":"open","ping_status":"open","sticky":false,"template":"","format":"standard","meta":{"colormag_page_container_layout":"default_layout","colormag_page_sidebar_layout":"default_layout","footnotes":""},"categories":[15],"tags":[687,114],"class_list":["post-1836","post","type-post","status-publish","format-standard","has-post-thumbnail","hentry","category-la-araucania","tag-caso-luchsinger-mackay","tag-pinera"],"a3_pvc":{"activated":true,"total_views":16,"today_views":0},"_links":{"self":[{"href":"https:\/\/temucotelevision.cl\/web\/wp-json\/wp\/v2\/posts\/1836","targetHints":{"allow":["GET"]}}],"collection":[{"href":"https:\/\/temucotelevision.cl\/web\/wp-json\/wp\/v2\/posts"}],"about":[{"href":"https:\/\/temucotelevision.cl\/web\/wp-json\/wp\/v2\/types\/post"}],"author":[{"embeddable":true,"href":"https:\/\/temucotelevision.cl\/web\/wp-json\/wp\/v2\/users\/1"}],"replies":[{"embeddable":true,"href":"https:\/\/temucotelevision.cl\/web\/wp-json\/wp\/v2\/comments?post=1836"}],"version-history":[{"count":1,"href":"https:\/\/temucotelevision.cl\/web\/wp-json\/wp\/v2\/posts\/1836\/revisions"}],"predecessor-version":[{"id":1838,"href":"https:\/\/temucotelevision.cl\/web\/wp-json\/wp\/v2\/posts\/1836\/revisions\/1838"}],"wp:featuredmedia":[{"embeddable":true,"href":"https:\/\/temucotelevision.cl\/web\/wp-json\/wp\/v2\/media\/1837"}],"wp:attachment":[{"href":"https:\/\/temucotelevision.cl\/web\/wp-json\/wp\/v2\/media?parent=1836"}],"wp:term":[{"taxonomy":"category","embeddable":true,"href":"https:\/\/temucotelevision.cl\/web\/wp-json\/wp\/v2\/categories?post=1836"},{"taxonomy":"post_tag","embeddable":true,"href":"https:\/\/temucotelevision.cl\/web\/wp-json\/wp\/v2\/tags?post=1836"}],"curies":[{"name":"wp","href":"https:\/\/api.w.org\/{rel}","templated":true}]}}