{"id":1827,"date":"2019-02-27T08:00:51","date_gmt":"2019-02-27T11:00:51","guid":{"rendered":"https:\/\/temucotelevision.cl\/web\/?p=1827"},"modified":"2019-02-27T00:44:23","modified_gmt":"2019-02-27T03:44:23","slug":"ice-araucania-transportes-industria-y-turismo-marcan-dispar-comienzo-de-ano","status":"publish","type":"post","link":"https:\/\/temucotelevision.cl\/web\/2019\/02\/27\/ice-araucania-transportes-industria-y-turismo-marcan-dispar-comienzo-de-ano\/","title":{"rendered":"ICE Araucan\u00eda: Transportes, industria y turismo marcan dispar comienzo de a\u00f1o"},"content":{"rendered":"<div class=\"pvc_clear\"><\/div>\n<p id=\"pvc_stats_1827\" class=\"pvc_stats total_only  \" data-element-id=\"1827\" style=\"\"><i class=\"pvc-stats-icon large\" aria-hidden=\"true\"><svg aria-hidden=\"true\" focusable=\"false\" data-prefix=\"far\" data-icon=\"chart-bar\" role=\"img\" xmlns=\"http:\/\/www.w3.org\/2000\/svg\" viewBox=\"0 0 512 512\" class=\"svg-inline--fa fa-chart-bar fa-w-16 fa-2x\"><path fill=\"currentColor\" d=\"M396.8 352h22.4c6.4 0 12.8-6.4 12.8-12.8V108.8c0-6.4-6.4-12.8-12.8-12.8h-22.4c-6.4 0-12.8 6.4-12.8 12.8v230.4c0 6.4 6.4 12.8 12.8 12.8zm-192 0h22.4c6.4 0 12.8-6.4 12.8-12.8V140.8c0-6.4-6.4-12.8-12.8-12.8h-22.4c-6.4 0-12.8 6.4-12.8 12.8v198.4c0 6.4 6.4 12.8 12.8 12.8zm96 0h22.4c6.4 0 12.8-6.4 12.8-12.8V204.8c0-6.4-6.4-12.8-12.8-12.8h-22.4c-6.4 0-12.8 6.4-12.8 12.8v134.4c0 6.4 6.4 12.8 12.8 12.8zM496 400H48V80c0-8.84-7.16-16-16-16H16C7.16 64 0 71.16 0 80v336c0 17.67 14.33 32 32 32h464c8.84 0 16-7.16 16-16v-16c0-8.84-7.16-16-16-16zm-387.2-48h22.4c6.4 0 12.8-6.4 12.8-12.8v-70.4c0-6.4-6.4-12.8-12.8-12.8h-22.4c-6.4 0-12.8 6.4-12.8 12.8v70.4c0 6.4 6.4 12.8 12.8 12.8z\" class=\"\"><\/path><\/svg><\/i> <img loading=\"lazy\" decoding=\"async\" width=\"16\" height=\"16\" alt=\"Loading\" src=\"https:\/\/temucotelevision.cl\/web\/wp-content\/plugins\/page-views-count\/ajax-loader-2x.gif\" border=0 \/><\/p>\n<div class=\"pvc_clear\"><\/div>\n<p style=\"text-align: justify;\" align=\"justify\">A pesar de esto la medici\u00f3n realizada por la Universidad Aut\u00f3noma de Chile se mantuvo en un nivel \u201clevemente optimista\u201d durante enero.<u><\/u><u><\/u><\/p>\n<p style=\"text-align: justify;\" align=\"justify\">El \u00cdndice de Confianza Empresarial que mensualmente mide la Universidad Aut\u00f3noma de Chile comenz\u00f3 a arrojar las primeras cifras de este 2019 en los diferentes sectores econ\u00f3micos y productivos de La Araucan\u00eda.<u><\/u><u><\/u><\/p>\n<p style=\"text-align: justify;\" align=\"justify\">Seg\u00fan explic\u00f3 el vicedecano de la Facultad de Administraci\u00f3n y Negocios, Humberto Salas, \u201cel mes de enero no sufri\u00f3 una modificaci\u00f3n significativa respecto a diciembre. La confianza se mantuvo en un nivel\u00a0levemente optimista,\u00a0donde destac\u00f3 de sobremanera el impulso que tuvo el sector\u00a0Transportes\u00a0el cual avanz\u00f3 desde una posici\u00f3n\u00a0neutral a extraordinariamente optimista.\u00a0Su variaci\u00f3n de m\u00e1s de 60 puntos es propia de la estaci\u00f3n y est\u00e1 acorde a lo ocurrido en la misma fecha el a\u00f1o pasado. Distinta y muy opuesta es la situaci\u00f3n del sector\u00a0Industrial\u00a0, pues baj\u00f3 de la categor\u00eda\u00a0neutral a pesimista,\u00a0lo que en cifras representa un -33,8 puntos en la escala de medici\u00f3n\u201d.<u><\/u><u><\/u><\/p>\n<p style=\"text-align: justify;\" align=\"justify\">Agreg\u00f3 \u201c si bien el descenso del indicador general no alcanza a ser de un punto, la medici\u00f3n ha venido mostrando un descenso desde el mes de noviembre. Las diversidad en la evoluci\u00f3n de la confianza regional, seg\u00fan sector, logra mantener un cierto equilibrio, pero sin duda esta tendencia sigue situando a nuestra regi\u00f3n en optimismo leve\u201d.<u><\/u><u><\/u><\/p>\n<p style=\"text-align: justify;\" align=\"justify\">Otra de las \u00e1reas evaluadas es el Comercio, que en aspectos generales se mantuvo en un nivel\u00a0levemente optimista, y que La Araucan\u00eda es desglosado en tres subsectores:\u00a0Comercio, Servicios y Turismo. Los dos primeros mejoraron su confianza y se posicionaron en la categor\u00eda\u00a0optimista,\u00a0pero el\u00a0Turismo\u00a0no pudo alcanzar los 43,6 puntos obtenidos en enero 2018.<u><\/u><u><\/u><\/p>\n<p style=\"text-align: justify;\" align=\"justify\">\u201cEste a\u00f1o los empresarios consultados no evaluaron de forma positiva el comportamiento de su sector y lo situaron en nivellevemente pesimista\u00a0con -14,6 puntos\u201d, destac\u00f3 Salas.<u><\/u><u><\/u><\/p>\n<p style=\"text-align: justify;\" align=\"justify\">A nivel nacional la mayor\u00eda de los sectores mostraron mejoras en el nivel de confianza, mientras que en la Araucan\u00eda solo un sector present\u00f3 avance. De igual forma ambos \u00edndices se mantienen en una misma categor\u00eda. \u201csi bien, en general existe una buena percepci\u00f3n sobre la situaci\u00f3n de la econom\u00eda y el precio de los insumos, esta se deteriora respecto de la potencial contrataci\u00f3n de trabajadores y la situaci\u00f3n del negocio\u201d, sentenci\u00f3 el acad\u00e9mico de la Aut\u00f3noma.<\/p>\n","protected":false},"excerpt":{"rendered":"<div class=\"pvc_clear\"><\/div>\n<p id=\"pvc_stats_1827\" class=\"pvc_stats total_only  \" data-element-id=\"1827\" style=\"\"><i class=\"pvc-stats-icon large\" aria-hidden=\"true\"><svg aria-hidden=\"true\" focusable=\"false\" data-prefix=\"far\" data-icon=\"chart-bar\" role=\"img\" xmlns=\"http:\/\/www.w3.org\/2000\/svg\" viewBox=\"0 0 512 512\" class=\"svg-inline--fa fa-chart-bar fa-w-16 fa-2x\"><path fill=\"currentColor\" d=\"M396.8 352h22.4c6.4 0 12.8-6.4 12.8-12.8V108.8c0-6.4-6.4-12.8-12.8-12.8h-22.4c-6.4 0-12.8 6.4-12.8 12.8v230.4c0 6.4 6.4 12.8 12.8 12.8zm-192 0h22.4c6.4 0 12.8-6.4 12.8-12.8V140.8c0-6.4-6.4-12.8-12.8-12.8h-22.4c-6.4 0-12.8 6.4-12.8 12.8v198.4c0 6.4 6.4 12.8 12.8 12.8zm96 0h22.4c6.4 0 12.8-6.4 12.8-12.8V204.8c0-6.4-6.4-12.8-12.8-12.8h-22.4c-6.4 0-12.8 6.4-12.8 12.8v134.4c0 6.4 6.4 12.8 12.8 12.8zM496 400H48V80c0-8.84-7.16-16-16-16H16C7.16 64 0 71.16 0 80v336c0 17.67 14.33 32 32 32h464c8.84 0 16-7.16 16-16v-16c0-8.84-7.16-16-16-16zm-387.2-48h22.4c6.4 0 12.8-6.4 12.8-12.8v-70.4c0-6.4-6.4-12.8-12.8-12.8h-22.4c-6.4 0-12.8 6.4-12.8 12.8v70.4c0 6.4 6.4 12.8 12.8 12.8z\" class=\"\"><\/path><\/svg><\/i> <img loading=\"lazy\" decoding=\"async\" width=\"16\" height=\"16\" alt=\"Loading\" src=\"https:\/\/temucotelevision.cl\/web\/wp-content\/plugins\/page-views-count\/ajax-loader-2x.gif\" border=0 \/><\/p>\n<div class=\"pvc_clear\"><\/div>\n<p>A pesar de esto la medici\u00f3n realizada por la Universidad Aut\u00f3noma de Chile se mantuvo en un nivel \u201clevemente optimista\u201d<\/p>\n","protected":false},"author":1,"featured_media":1828,"comment_status":"open","ping_status":"open","sticky":false,"template":"","format":"standard","meta":{"colormag_page_container_layout":"default_layout","colormag_page_sidebar_layout":"default_layout","footnotes":""},"categories":[15],"tags":[680],"class_list":["post-1827","post","type-post","status-publish","format-standard","has-post-thumbnail","hentry","category-la-araucania","tag-ice-araucania"],"a3_pvc":{"activated":true,"total_views":37,"today_views":0},"_links":{"self":[{"href":"https:\/\/temucotelevision.cl\/web\/wp-json\/wp\/v2\/posts\/1827","targetHints":{"allow":["GET"]}}],"collection":[{"href":"https:\/\/temucotelevision.cl\/web\/wp-json\/wp\/v2\/posts"}],"about":[{"href":"https:\/\/temucotelevision.cl\/web\/wp-json\/wp\/v2\/types\/post"}],"author":[{"embeddable":true,"href":"https:\/\/temucotelevision.cl\/web\/wp-json\/wp\/v2\/users\/1"}],"replies":[{"embeddable":true,"href":"https:\/\/temucotelevision.cl\/web\/wp-json\/wp\/v2\/comments?post=1827"}],"version-history":[{"count":1,"href":"https:\/\/temucotelevision.cl\/web\/wp-json\/wp\/v2\/posts\/1827\/revisions"}],"predecessor-version":[{"id":1829,"href":"https:\/\/temucotelevision.cl\/web\/wp-json\/wp\/v2\/posts\/1827\/revisions\/1829"}],"wp:featuredmedia":[{"embeddable":true,"href":"https:\/\/temucotelevision.cl\/web\/wp-json\/wp\/v2\/media\/1828"}],"wp:attachment":[{"href":"https:\/\/temucotelevision.cl\/web\/wp-json\/wp\/v2\/media?parent=1827"}],"wp:term":[{"taxonomy":"category","embeddable":true,"href":"https:\/\/temucotelevision.cl\/web\/wp-json\/wp\/v2\/categories?post=1827"},{"taxonomy":"post_tag","embeddable":true,"href":"https:\/\/temucotelevision.cl\/web\/wp-json\/wp\/v2\/tags?post=1827"}],"curies":[{"name":"wp","href":"https:\/\/api.w.org\/{rel}","templated":true}]}}