{"id":1824,"date":"2019-02-27T08:00:31","date_gmt":"2019-02-27T11:00:31","guid":{"rendered":"https:\/\/temucotelevision.cl\/web\/?p=1824"},"modified":"2019-02-27T00:39:45","modified_gmt":"2019-02-27T03:39:45","slug":"temuco-fiscalia-abre-investigacion-por-eventuales-delitos-asociados-a-sitio-web-nido","status":"publish","type":"post","link":"https:\/\/temucotelevision.cl\/web\/2019\/02\/27\/temuco-fiscalia-abre-investigacion-por-eventuales-delitos-asociados-a-sitio-web-nido\/","title":{"rendered":"Temuco: Fiscal\u00eda abre investigaci\u00f3n por eventuales delitos asociados a sitio web Nido"},"content":{"rendered":"<div class=\"pvc_clear\"><\/div>\n<p id=\"pvc_stats_1824\" class=\"pvc_stats total_only  \" data-element-id=\"1824\" style=\"\"><i class=\"pvc-stats-icon large\" aria-hidden=\"true\"><svg aria-hidden=\"true\" focusable=\"false\" data-prefix=\"far\" data-icon=\"chart-bar\" role=\"img\" xmlns=\"http:\/\/www.w3.org\/2000\/svg\" viewBox=\"0 0 512 512\" class=\"svg-inline--fa fa-chart-bar fa-w-16 fa-2x\"><path fill=\"currentColor\" d=\"M396.8 352h22.4c6.4 0 12.8-6.4 12.8-12.8V108.8c0-6.4-6.4-12.8-12.8-12.8h-22.4c-6.4 0-12.8 6.4-12.8 12.8v230.4c0 6.4 6.4 12.8 12.8 12.8zm-192 0h22.4c6.4 0 12.8-6.4 12.8-12.8V140.8c0-6.4-6.4-12.8-12.8-12.8h-22.4c-6.4 0-12.8 6.4-12.8 12.8v198.4c0 6.4 6.4 12.8 12.8 12.8zm96 0h22.4c6.4 0 12.8-6.4 12.8-12.8V204.8c0-6.4-6.4-12.8-12.8-12.8h-22.4c-6.4 0-12.8 6.4-12.8 12.8v134.4c0 6.4 6.4 12.8 12.8 12.8zM496 400H48V80c0-8.84-7.16-16-16-16H16C7.16 64 0 71.16 0 80v336c0 17.67 14.33 32 32 32h464c8.84 0 16-7.16 16-16v-16c0-8.84-7.16-16-16-16zm-387.2-48h22.4c6.4 0 12.8-6.4 12.8-12.8v-70.4c0-6.4-6.4-12.8-12.8-12.8h-22.4c-6.4 0-12.8 6.4-12.8 12.8v70.4c0 6.4 6.4 12.8 12.8 12.8z\" class=\"\"><\/path><\/svg><\/i> <img loading=\"lazy\" decoding=\"async\" width=\"16\" height=\"16\" alt=\"Loading\" src=\"https:\/\/temucotelevision.cl\/web\/wp-content\/plugins\/page-views-count\/ajax-loader-2x.gif\" border=0 \/><\/p>\n<div class=\"pvc_clear\"><\/div>\n<p style=\"text-align: justify;\">Hoy, la Fiscal\u00eda de Temuco abri\u00f3 de oficio una investigaci\u00f3n penal por eventuales delitos asociados al sitio web nido.org en la Regi\u00f3n de La Araucan\u00eda.<\/p>\n<p style=\"text-align: justify;\">La investigaci\u00f3n, que qued\u00f3 a cargo del fiscal de la Unidad de Delitos Sexuales de Temuco, Miguel \u00c1ngel Rojas, se abri\u00f3 luego de que la PDI\u00a0 recibiera, entre ayer y hoy,\u00a0 cinco denuncias por parte de j\u00f3venes de Temuco.<\/p>\n<p style=\"text-align: justify;\">\u201cSe abri\u00f3 de oficio una investigaci\u00f3n por distintos delitos, principalmente amenazas, eventualmente almacenamiento de material pornogr\u00e1fico infantil o por el delito del art\u00edculo 161 b del C\u00f3digo Penal, esto es cuando a las personas las extorsionan para no mostrar ciertas im\u00e1genes que pudiesen haber captado desde sus perfiles p\u00fablicos de Facebook o de otras redes sociales\u201d, se\u00f1al\u00f3 la fiscal vocero Nelly Marabol\u00ed, quien agreg\u00f3 que de llegarse a recibir m\u00e1s denuncias ser\u00e1n incorporadas a la misma carpeta investigativa.<\/p>\n<p style=\"text-align: justify;\">Seg\u00fan la fiscal\u00eda, las denuncias\u00a0 han sido por fotograf\u00edas que los afectados tendr\u00edan en sus perfiles de Facebook y que han sido publicadas en el sitio nido.org. \u201cEsas personas se\u00f1alan que ellas no han autorizado para que estas fotograf\u00edas est\u00e9n en estos sitios y adem\u00e1s han recibido en algunos casos amenazas en relaci\u00f3n a estas fotograf\u00edas\u201d, explica Marabol\u00ed.<\/p>\n","protected":false},"excerpt":{"rendered":"<div class=\"pvc_clear\"><\/div>\n<p id=\"pvc_stats_1824\" class=\"pvc_stats total_only  \" data-element-id=\"1824\" style=\"\"><i class=\"pvc-stats-icon large\" aria-hidden=\"true\"><svg aria-hidden=\"true\" focusable=\"false\" data-prefix=\"far\" data-icon=\"chart-bar\" role=\"img\" xmlns=\"http:\/\/www.w3.org\/2000\/svg\" viewBox=\"0 0 512 512\" class=\"svg-inline--fa fa-chart-bar fa-w-16 fa-2x\"><path fill=\"currentColor\" d=\"M396.8 352h22.4c6.4 0 12.8-6.4 12.8-12.8V108.8c0-6.4-6.4-12.8-12.8-12.8h-22.4c-6.4 0-12.8 6.4-12.8 12.8v230.4c0 6.4 6.4 12.8 12.8 12.8zm-192 0h22.4c6.4 0 12.8-6.4 12.8-12.8V140.8c0-6.4-6.4-12.8-12.8-12.8h-22.4c-6.4 0-12.8 6.4-12.8 12.8v198.4c0 6.4 6.4 12.8 12.8 12.8zm96 0h22.4c6.4 0 12.8-6.4 12.8-12.8V204.8c0-6.4-6.4-12.8-12.8-12.8h-22.4c-6.4 0-12.8 6.4-12.8 12.8v134.4c0 6.4 6.4 12.8 12.8 12.8zM496 400H48V80c0-8.84-7.16-16-16-16H16C7.16 64 0 71.16 0 80v336c0 17.67 14.33 32 32 32h464c8.84 0 16-7.16 16-16v-16c0-8.84-7.16-16-16-16zm-387.2-48h22.4c6.4 0 12.8-6.4 12.8-12.8v-70.4c0-6.4-6.4-12.8-12.8-12.8h-22.4c-6.4 0-12.8 6.4-12.8 12.8v70.4c0 6.4 6.4 12.8 12.8 12.8z\" class=\"\"><\/path><\/svg><\/i> <img loading=\"lazy\" decoding=\"async\" width=\"16\" height=\"16\" alt=\"Loading\" src=\"https:\/\/temucotelevision.cl\/web\/wp-content\/plugins\/page-views-count\/ajax-loader-2x.gif\" border=0 \/><\/p>\n<div class=\"pvc_clear\"><\/div>\n<p>Hoy, la Fiscal\u00eda de Temuco abri\u00f3 de oficio una investigaci\u00f3n penal por eventuales delitos asociados al sitio web nido.org en<\/p>\n","protected":false},"author":1,"featured_media":1825,"comment_status":"open","ping_status":"open","sticky":false,"template":"","format":"standard","meta":{"colormag_page_container_layout":"default_layout","colormag_page_sidebar_layout":"default_layout","footnotes":""},"categories":[14],"tags":[78,679],"class_list":["post-1824","post","type-post","status-publish","format-standard","has-post-thumbnail","hentry","category-temuco","tag-temuco","tag-web-nido"],"a3_pvc":{"activated":true,"total_views":31,"today_views":0},"_links":{"self":[{"href":"https:\/\/temucotelevision.cl\/web\/wp-json\/wp\/v2\/posts\/1824","targetHints":{"allow":["GET"]}}],"collection":[{"href":"https:\/\/temucotelevision.cl\/web\/wp-json\/wp\/v2\/posts"}],"about":[{"href":"https:\/\/temucotelevision.cl\/web\/wp-json\/wp\/v2\/types\/post"}],"author":[{"embeddable":true,"href":"https:\/\/temucotelevision.cl\/web\/wp-json\/wp\/v2\/users\/1"}],"replies":[{"embeddable":true,"href":"https:\/\/temucotelevision.cl\/web\/wp-json\/wp\/v2\/comments?post=1824"}],"version-history":[{"count":1,"href":"https:\/\/temucotelevision.cl\/web\/wp-json\/wp\/v2\/posts\/1824\/revisions"}],"predecessor-version":[{"id":1826,"href":"https:\/\/temucotelevision.cl\/web\/wp-json\/wp\/v2\/posts\/1824\/revisions\/1826"}],"wp:featuredmedia":[{"embeddable":true,"href":"https:\/\/temucotelevision.cl\/web\/wp-json\/wp\/v2\/media\/1825"}],"wp:attachment":[{"href":"https:\/\/temucotelevision.cl\/web\/wp-json\/wp\/v2\/media?parent=1824"}],"wp:term":[{"taxonomy":"category","embeddable":true,"href":"https:\/\/temucotelevision.cl\/web\/wp-json\/wp\/v2\/categories?post=1824"},{"taxonomy":"post_tag","embeddable":true,"href":"https:\/\/temucotelevision.cl\/web\/wp-json\/wp\/v2\/tags?post=1824"}],"curies":[{"name":"wp","href":"https:\/\/api.w.org\/{rel}","templated":true}]}}