{"id":1821,"date":"2019-02-27T08:00:49","date_gmt":"2019-02-27T11:00:49","guid":{"rendered":"https:\/\/temucotelevision.cl\/web\/?p=1821"},"modified":"2019-02-27T14:15:32","modified_gmt":"2019-02-27T17:15:32","slug":"caso-luchsinger-profugos-son-trasladados-a-carcel-de-temuco-para-cumplir-condena","status":"publish","type":"post","link":"https:\/\/temucotelevision.cl\/web\/2019\/02\/27\/caso-luchsinger-profugos-son-trasladados-a-carcel-de-temuco-para-cumplir-condena\/","title":{"rendered":"Caso Luchsinger: Pr\u00f3fugos ser\u00e1n trasladados a c\u00e1rcel de Temuco para cumplir condena"},"content":{"rendered":"<div class=\"pvc_clear\"><\/div>\n<p id=\"pvc_stats_1821\" class=\"pvc_stats total_only  \" data-element-id=\"1821\" style=\"\"><i class=\"pvc-stats-icon large\" aria-hidden=\"true\"><svg aria-hidden=\"true\" focusable=\"false\" data-prefix=\"far\" data-icon=\"chart-bar\" role=\"img\" xmlns=\"http:\/\/www.w3.org\/2000\/svg\" viewBox=\"0 0 512 512\" class=\"svg-inline--fa fa-chart-bar fa-w-16 fa-2x\"><path fill=\"currentColor\" d=\"M396.8 352h22.4c6.4 0 12.8-6.4 12.8-12.8V108.8c0-6.4-6.4-12.8-12.8-12.8h-22.4c-6.4 0-12.8 6.4-12.8 12.8v230.4c0 6.4 6.4 12.8 12.8 12.8zm-192 0h22.4c6.4 0 12.8-6.4 12.8-12.8V140.8c0-6.4-6.4-12.8-12.8-12.8h-22.4c-6.4 0-12.8 6.4-12.8 12.8v198.4c0 6.4 6.4 12.8 12.8 12.8zm96 0h22.4c6.4 0 12.8-6.4 12.8-12.8V204.8c0-6.4-6.4-12.8-12.8-12.8h-22.4c-6.4 0-12.8 6.4-12.8 12.8v134.4c0 6.4 6.4 12.8 12.8 12.8zM496 400H48V80c0-8.84-7.16-16-16-16H16C7.16 64 0 71.16 0 80v336c0 17.67 14.33 32 32 32h464c8.84 0 16-7.16 16-16v-16c0-8.84-7.16-16-16-16zm-387.2-48h22.4c6.4 0 12.8-6.4 12.8-12.8v-70.4c0-6.4-6.4-12.8-12.8-12.8h-22.4c-6.4 0-12.8 6.4-12.8 12.8v70.4c0 6.4 6.4 12.8 12.8 12.8z\" class=\"\"><\/path><\/svg><\/i> <img loading=\"lazy\" decoding=\"async\" width=\"16\" height=\"16\" alt=\"Loading\" src=\"https:\/\/temucotelevision.cl\/web\/wp-content\/plugins\/page-views-count\/ajax-loader-2x.gif\" border=0 \/><\/p>\n<div class=\"pvc_clear\"><\/div>\n<p style=\"text-align: justify;\">Jos\u00e9 Tralcal Coche\u00a0y\u00a0Luis Tralcal Quidel, los dos pr\u00f3fugos del caso\u00a0Luchsinger-Mackay\u00a0est\u00e1n siendo trasladados a la c\u00e1rcel de Temuco\u00a0para que cumplan la condena de 18 a\u00f1os de presidio con la que fueron condenados.<\/p>\n<p style=\"text-align: justify;\">Durante esta tarde se realiz\u00f3 su control de detenci\u00f3n en el\u00a011\u00b0 Juzgado de Garant\u00eda de Santiago, en la Regi\u00f3n Metropolitana, donde en la audiencia -que no dur\u00f3 m\u00e1s de 15 minutos- se determin\u00f3 su traslado.<\/p>\n<p style=\"text-align: justify;\">En medio de la audiencia,\u00a0Jos\u00e9 Tralcal Coche\u00a0acus\u00f3 dichos racistas al momento de su detenci\u00f3n.<\/p>\n<p style=\"text-align: justify;\">En la audiencia tambi\u00e9n estuvo presente el Gobierno mediante la subsecretaria de Interior (s),\u00a0Ximena Riesco, quien se mostr\u00f3 conforme con la determinaci\u00f3n. No hubo pronunciamiento de la defensa.<\/p>\n<p style=\"text-align: justify;\">Afuera del Centro de Justicia, un grupo de aproximadamente 30 manifestantes protest\u00f3 en apoyo de ambos condenados con gritos alusivos a la causa mapuche.<\/p>\n<p style=\"text-align: justify;\">Los primos\u00a0fueron detenidos esta ma\u00f1ana en\u00a0La Cisterna. Tralcal Coche se encontraba pr\u00f3fugo desde octubre del a\u00f1o pasado y Tralcal Quidel, desde junio, luego de que se les sentenciara por\u00a0el delito de\u00a0incendio con resultado de muerte\u00a0en el\u00a0crimen del matrimonio, ocurrido en 2013.<\/p>\n","protected":false},"excerpt":{"rendered":"<div class=\"pvc_clear\"><\/div>\n<p id=\"pvc_stats_1821\" class=\"pvc_stats total_only  \" data-element-id=\"1821\" style=\"\"><i class=\"pvc-stats-icon large\" aria-hidden=\"true\"><svg aria-hidden=\"true\" focusable=\"false\" data-prefix=\"far\" data-icon=\"chart-bar\" role=\"img\" xmlns=\"http:\/\/www.w3.org\/2000\/svg\" viewBox=\"0 0 512 512\" class=\"svg-inline--fa fa-chart-bar fa-w-16 fa-2x\"><path fill=\"currentColor\" d=\"M396.8 352h22.4c6.4 0 12.8-6.4 12.8-12.8V108.8c0-6.4-6.4-12.8-12.8-12.8h-22.4c-6.4 0-12.8 6.4-12.8 12.8v230.4c0 6.4 6.4 12.8 12.8 12.8zm-192 0h22.4c6.4 0 12.8-6.4 12.8-12.8V140.8c0-6.4-6.4-12.8-12.8-12.8h-22.4c-6.4 0-12.8 6.4-12.8 12.8v198.4c0 6.4 6.4 12.8 12.8 12.8zm96 0h22.4c6.4 0 12.8-6.4 12.8-12.8V204.8c0-6.4-6.4-12.8-12.8-12.8h-22.4c-6.4 0-12.8 6.4-12.8 12.8v134.4c0 6.4 6.4 12.8 12.8 12.8zM496 400H48V80c0-8.84-7.16-16-16-16H16C7.16 64 0 71.16 0 80v336c0 17.67 14.33 32 32 32h464c8.84 0 16-7.16 16-16v-16c0-8.84-7.16-16-16-16zm-387.2-48h22.4c6.4 0 12.8-6.4 12.8-12.8v-70.4c0-6.4-6.4-12.8-12.8-12.8h-22.4c-6.4 0-12.8 6.4-12.8 12.8v70.4c0 6.4 6.4 12.8 12.8 12.8z\" class=\"\"><\/path><\/svg><\/i> <img loading=\"lazy\" decoding=\"async\" width=\"16\" height=\"16\" alt=\"Loading\" src=\"https:\/\/temucotelevision.cl\/web\/wp-content\/plugins\/page-views-count\/ajax-loader-2x.gif\" border=0 \/><\/p>\n<div class=\"pvc_clear\"><\/div>\n<p>Jos\u00e9 Tralcal Coche\u00a0y\u00a0Luis Tralcal Quidel, los dos pr\u00f3fugos del caso\u00a0Luchsinger-Mackay\u00a0est\u00e1n siendo trasladados a la c\u00e1rcel de Temuco\u00a0para que cumplan la<\/p>\n","protected":false},"author":1,"featured_media":1822,"comment_status":"open","ping_status":"open","sticky":false,"template":"","format":"standard","meta":{"colormag_page_container_layout":"default_layout","colormag_page_sidebar_layout":"default_layout","footnotes":""},"categories":[14],"tags":[505,678,78],"class_list":["post-1821","post","type-post","status-publish","format-standard","has-post-thumbnail","hentry","category-temuco","tag-carcel","tag-caso-luchsinger","tag-temuco"],"a3_pvc":{"activated":true,"total_views":30,"today_views":0},"_links":{"self":[{"href":"https:\/\/temucotelevision.cl\/web\/wp-json\/wp\/v2\/posts\/1821","targetHints":{"allow":["GET"]}}],"collection":[{"href":"https:\/\/temucotelevision.cl\/web\/wp-json\/wp\/v2\/posts"}],"about":[{"href":"https:\/\/temucotelevision.cl\/web\/wp-json\/wp\/v2\/types\/post"}],"author":[{"embeddable":true,"href":"https:\/\/temucotelevision.cl\/web\/wp-json\/wp\/v2\/users\/1"}],"replies":[{"embeddable":true,"href":"https:\/\/temucotelevision.cl\/web\/wp-json\/wp\/v2\/comments?post=1821"}],"version-history":[{"count":2,"href":"https:\/\/temucotelevision.cl\/web\/wp-json\/wp\/v2\/posts\/1821\/revisions"}],"predecessor-version":[{"id":1839,"href":"https:\/\/temucotelevision.cl\/web\/wp-json\/wp\/v2\/posts\/1821\/revisions\/1839"}],"wp:featuredmedia":[{"embeddable":true,"href":"https:\/\/temucotelevision.cl\/web\/wp-json\/wp\/v2\/media\/1822"}],"wp:attachment":[{"href":"https:\/\/temucotelevision.cl\/web\/wp-json\/wp\/v2\/media?parent=1821"}],"wp:term":[{"taxonomy":"category","embeddable":true,"href":"https:\/\/temucotelevision.cl\/web\/wp-json\/wp\/v2\/categories?post=1821"},{"taxonomy":"post_tag","embeddable":true,"href":"https:\/\/temucotelevision.cl\/web\/wp-json\/wp\/v2\/tags?post=1821"}],"curies":[{"name":"wp","href":"https:\/\/api.w.org\/{rel}","templated":true}]}}