{"id":1818,"date":"2019-02-27T08:00:42","date_gmt":"2019-02-27T11:00:42","guid":{"rendered":"https:\/\/temucotelevision.cl\/web\/?p=1818"},"modified":"2019-02-27T00:31:31","modified_gmt":"2019-02-27T03:31:31","slug":"jorge-luchsinger-denuncio-grupo-de-apoyo-a-profugos-detenidos","status":"publish","type":"post","link":"https:\/\/temucotelevision.cl\/web\/2019\/02\/27\/jorge-luchsinger-denuncio-grupo-de-apoyo-a-profugos-detenidos\/","title":{"rendered":"Jorge Luchsinger denunci\u00f3 &#8220;grupo de apoyo&#8221; a pr\u00f3fugos detenidos"},"content":{"rendered":"<div class=\"pvc_clear\"><\/div>\n<p id=\"pvc_stats_1818\" class=\"pvc_stats total_only  \" data-element-id=\"1818\" style=\"\"><i class=\"pvc-stats-icon large\" aria-hidden=\"true\"><svg aria-hidden=\"true\" focusable=\"false\" data-prefix=\"far\" data-icon=\"chart-bar\" role=\"img\" xmlns=\"http:\/\/www.w3.org\/2000\/svg\" viewBox=\"0 0 512 512\" class=\"svg-inline--fa fa-chart-bar fa-w-16 fa-2x\"><path fill=\"currentColor\" d=\"M396.8 352h22.4c6.4 0 12.8-6.4 12.8-12.8V108.8c0-6.4-6.4-12.8-12.8-12.8h-22.4c-6.4 0-12.8 6.4-12.8 12.8v230.4c0 6.4 6.4 12.8 12.8 12.8zm-192 0h22.4c6.4 0 12.8-6.4 12.8-12.8V140.8c0-6.4-6.4-12.8-12.8-12.8h-22.4c-6.4 0-12.8 6.4-12.8 12.8v198.4c0 6.4 6.4 12.8 12.8 12.8zm96 0h22.4c6.4 0 12.8-6.4 12.8-12.8V204.8c0-6.4-6.4-12.8-12.8-12.8h-22.4c-6.4 0-12.8 6.4-12.8 12.8v134.4c0 6.4 6.4 12.8 12.8 12.8zM496 400H48V80c0-8.84-7.16-16-16-16H16C7.16 64 0 71.16 0 80v336c0 17.67 14.33 32 32 32h464c8.84 0 16-7.16 16-16v-16c0-8.84-7.16-16-16-16zm-387.2-48h22.4c6.4 0 12.8-6.4 12.8-12.8v-70.4c0-6.4-6.4-12.8-12.8-12.8h-22.4c-6.4 0-12.8 6.4-12.8 12.8v70.4c0 6.4 6.4 12.8 12.8 12.8z\" class=\"\"><\/path><\/svg><\/i> <img loading=\"lazy\" decoding=\"async\" width=\"16\" height=\"16\" alt=\"Loading\" src=\"https:\/\/temucotelevision.cl\/web\/wp-content\/plugins\/page-views-count\/ajax-loader-2x.gif\" border=0 \/><\/p>\n<div class=\"pvc_clear\"><\/div>\n<p style=\"text-align: justify;\">Jorge Luchsinger Mackay, hijo del matrimonio asesinado en el incendio de su vivienda en enero de 2013, denunci\u00f3 un &#8220;grupo de apoyo&#8221;\u00a0que encubre y les da cobijo a los primos Jos\u00e9 Tralcal Coche y Luis Tralcal Quidel, que hoy martes fueron\u00a0detenidos en La Cisterna tras estar por varios meses pr\u00f3fugos\u00a0de la justicia.<\/p>\n<p style=\"text-align: justify;\">Tras conocer el operativo de la PDI que termin\u00f3 con la detenci\u00f3n de los dos pr\u00f3fugos en la comuna de La Cisterna, Luchsinger remarc\u00f3 que &#8220;ahora nosotros\u00a0esperamos que cumplan sus condenas\u00a0y estamos m\u00e1s preocupados de las otras personas que deben ser procesadas, porque hay otra l\u00ednea de investigaci\u00f3n, y de que se establezca toda la verdad&#8221;.<\/p>\n<p style=\"text-align: justify;\">Luchsinger a\u00f1adi\u00f3 a la prensa que &#8220;aqu\u00ed no solamente hay personas que organizan este tipo de hechos, hab\u00edan personas que le daban apoyo legal, lo hemos visto durante tanto tiempo, un tremendo grupo de abogados que los defendi\u00f3 y a pesar de eso fueron condenados y\u00a0hay un grupo de apoyo que los encubre o les da cobijo despu\u00e9s que han sido condenados&#8221;.<\/p>\n<p style=\"text-align: justify;\">Finalmente, coment\u00f3 que &#8220;hay un poco m\u00e1s de tranquilidad que estas personas no anden como cualquier persona dando vueltas, sino que est\u00e9n en la c\u00e1rcel y de esa forma se logre, de alguna forma, contribuir a que no haya tanta impunidad en los hechos tan graves que ocurrieron&#8221;.<\/p>\n<p style=\"text-align: justify;\">Primos son trasladados al Centro de Justicia<\/p>\n<p style=\"text-align: justify;\">Los dos primos fueron trasladados en horas de esta tarde al Centro de Justicia donde se realizar\u00e1 su control de detenci\u00f3n. El veh\u00edculo blindado adem\u00e1s va escoltado por dos camionetas del grupo de\u00a0Equipo de Reacci\u00f3n T\u00e1ctica (ERTA)\u00a0de la PDI.<\/p>\n<p style=\"text-align: justify;\">Previamente, varios familiares llegaron hasta el lugar donde estaban detenidos para entregarles apoyo. Entre ellos estaba su sobrina\u00a0Rosa Reilaf, quien manifest\u00f3 que &#8220;ellos se encuentran tranquilos porque son inocentes, est\u00e1n tranquilos&#8221;.<\/p>\n<p style=\"text-align: justify;\">&#8220;Hoy en este pa\u00eds se comete otra injusticia. Ellos son dirigentes, renombrados, que solamente han querido vivir de forma tranquila\u00a0y en su tierra, luchando por defender la naturaleza, por defender su cultura.\u00a0Van a ser encarcelados injustamente, son inocentes. Jos\u00e9 Tralcal y Luis Tralcal son inocentes&#8221;, asegur\u00f3.<\/p>\n<p style=\"text-align: justify;\">Desde el mundo mapuche, el werk\u00e9n del lof Peleco,\u00a0Alihu\u00e9n Antileo, coment\u00f3 que &#8220;hoy en d\u00eda son apresados y esto no es cosa aislada,\u00a0Temucuicui se encuentra sitiada,\u00a0militarizada, ayer los pe\u00f1is en la c\u00e1rcel de Temuco iniciaron movilizaciones por los malos tratos que se est\u00e1n desarrollando dentro de la c\u00e1rcel&#8221;.<\/p>\n<p style=\"text-align: justify;\">El representante a\u00f1adi\u00f3 que &#8220;las empresas forestales en conjunto con el ministro Moreno, quien lleva la pol\u00edtica del Estado,\u00a0est\u00e1n tratando de infiltrar nuestras comunidades ofreciendo dinero a los dirigentes claves, lo que est\u00e1 produciendo conflictos y peleas que incluso han terminado con muertes dentro de nuestra propia gente&#8221;.<\/p>\n<p style=\"text-align: justify;\">Tensi\u00f3n en comunidades mapuche<\/p>\n<p style=\"text-align: justify;\">En tanto,\u00a0H\u00e9ctor Llaitul, l\u00edder de la Coordinadora Arauco Malleco (CAM), manifest\u00f3 que esto se suma a la\u00a0huelga de hambre\u00a0que iniciaron\u00a0\u00c1lvaro Millal\u00e9n, Jorge Cayup\u00e1n, Jos\u00e9 C\u00e1ceres, Facundo Jones Huala y el machi Celestino C\u00f3rdova.<\/p>\n<p style=\"text-align: justify;\">&#8220;Hoy se neg\u00f3 la visita, ese es un hecho concreto. Es un acto absolutamente que contraviene la norma en t\u00e9rminos del respeto de derechos humanos y el tratamiento de prisi\u00f3n pol\u00edtica&#8221;, dijo Llaitul.<\/p>\n<p style=\"text-align: justify;\">&#8220;La constante de hostigamientos y castigos\u00a0que han venido sufriendo nuestros pe\u00f1is en su mayor\u00eda son lonkos, werkenes y hueichafes destacados de la naci\u00f3n mapuche\u00a0tiene que ver con una afrenta, un agravio a nuestro movimiento mapuche autonomista&#8221;, manifest\u00f3.<\/p>\n<p style=\"text-align: justify;\">La situaci\u00f3n ha generado tensi\u00f3n en la zona mapuche donde a esta hora se realizan desalojos en la comuna de Ercilla, en algunos fundos que permanec\u00edan en toma particularmente en la comunidad Temucuicui.<\/p>\n<p style=\"text-align: justify;\">Agricultores criticaron medidas cautelares que tuvieron imputados<\/p>\n<p style=\"text-align: justify;\">En tanto, los agricultores de la zona reaccionaron a la detenci\u00f3n de los primos Tralcal y\u00a0esbozaron una cr\u00edtica contra las medidas cautelares que tuvieron los imputadosdurante el proceso de investigaci\u00f3n.<\/p>\n<p style=\"text-align: justify;\">&#8220;Nosotros tambi\u00e9n fuimos cr\u00edticos en que personas que est\u00e1n en esta instancia del proceso tuvieran medidas cautelares como prisi\u00f3n preventiva o arresto domiciliario.\u00a0Creemos que hay ciertas situaciones que no corresponden&#8221;, dijo el presidente de la Sociedad de Fomento Agr\u00edcola (SOFO),\u00a0Marcelo Zirotti.<\/p>\n<p style=\"text-align: justify;\">El l\u00edder de la SOFO asegur\u00f3 que &#8220;en su momento dimos nuestra opini\u00f3n y, en este caso,\u00a0ya supimos cual fue el resultado. Hoy d\u00eda podemos apreciar que, gracias a dios, las personas culpables est\u00e1n cumpliendo condena&#8221;.<\/p>\n<p style=\"text-align: justify;\">Pi\u00f1era: Todas las v\u00edctimas merecen justicia<\/p>\n<p style=\"text-align: justify;\">Desde el Gobierno, durante la ma\u00f1ana el ministro del Interior,\u00a0Andr\u00e9s Chadwick,\u00a0<a href=\"https:\/\/www.cooperativa.cl\/noticias\/pais\/policial\/caso-luchsinger-chadwick-destaco-detencion-de-profugos-para-que-no\/2019-02-26\/113846.html\">destac\u00f3 la detenci\u00f3n de los primos Tralcal<\/a>, y durante esta tarde, el Presidente\u00a0Sebasti\u00e1n Pi\u00f1era, a trav\u00e9s de redes sociales, tambi\u00e9n valor\u00f3 el trabajo de la PDI.<\/p>\n<p style=\"text-align: justify;\">&#8220;Todas las v\u00edctimas merecen justicia y\u00a0reafirmo tolerancia cero frente a terrorismo, delincuencia e impunidad&#8221;, asegur\u00f3 Pi\u00f1era a trav\u00e9s de su cuenta de Twitter.<\/p>\n<p style=\"text-align: justify;\">Adem\u00e1s, valor\u00f3 el trabajo de la PDI y la Fiscal\u00eda &#8220;en captura (de) dos condenados pr\u00f3fugos por cruel asesinato matrimonio Luchsinger Mackay. Seguimos trabajando por seguridad de todos&#8221;, escribi\u00f3.<\/p>\n","protected":false},"excerpt":{"rendered":"<div class=\"pvc_clear\"><\/div>\n<p id=\"pvc_stats_1818\" class=\"pvc_stats total_only  \" data-element-id=\"1818\" style=\"\"><i class=\"pvc-stats-icon large\" aria-hidden=\"true\"><svg aria-hidden=\"true\" focusable=\"false\" data-prefix=\"far\" data-icon=\"chart-bar\" role=\"img\" xmlns=\"http:\/\/www.w3.org\/2000\/svg\" viewBox=\"0 0 512 512\" class=\"svg-inline--fa fa-chart-bar fa-w-16 fa-2x\"><path fill=\"currentColor\" d=\"M396.8 352h22.4c6.4 0 12.8-6.4 12.8-12.8V108.8c0-6.4-6.4-12.8-12.8-12.8h-22.4c-6.4 0-12.8 6.4-12.8 12.8v230.4c0 6.4 6.4 12.8 12.8 12.8zm-192 0h22.4c6.4 0 12.8-6.4 12.8-12.8V140.8c0-6.4-6.4-12.8-12.8-12.8h-22.4c-6.4 0-12.8 6.4-12.8 12.8v198.4c0 6.4 6.4 12.8 12.8 12.8zm96 0h22.4c6.4 0 12.8-6.4 12.8-12.8V204.8c0-6.4-6.4-12.8-12.8-12.8h-22.4c-6.4 0-12.8 6.4-12.8 12.8v134.4c0 6.4 6.4 12.8 12.8 12.8zM496 400H48V80c0-8.84-7.16-16-16-16H16C7.16 64 0 71.16 0 80v336c0 17.67 14.33 32 32 32h464c8.84 0 16-7.16 16-16v-16c0-8.84-7.16-16-16-16zm-387.2-48h22.4c6.4 0 12.8-6.4 12.8-12.8v-70.4c0-6.4-6.4-12.8-12.8-12.8h-22.4c-6.4 0-12.8 6.4-12.8 12.8v70.4c0 6.4 6.4 12.8 12.8 12.8z\" class=\"\"><\/path><\/svg><\/i> <img loading=\"lazy\" decoding=\"async\" width=\"16\" height=\"16\" alt=\"Loading\" src=\"https:\/\/temucotelevision.cl\/web\/wp-content\/plugins\/page-views-count\/ajax-loader-2x.gif\" border=0 \/><\/p>\n<div class=\"pvc_clear\"><\/div>\n<p>Jorge Luchsinger Mackay, hijo del matrimonio asesinado en el incendio de su vivienda en enero de 2013, denunci\u00f3 un &#8220;grupo<\/p>\n","protected":false},"author":1,"featured_media":1819,"comment_status":"open","ping_status":"open","sticky":false,"template":"","format":"standard","meta":{"colormag_page_container_layout":"default_layout","colormag_page_sidebar_layout":"default_layout","footnotes":""},"categories":[15],"tags":[],"class_list":["post-1818","post","type-post","status-publish","format-standard","has-post-thumbnail","hentry","category-la-araucania"],"a3_pvc":{"activated":true,"total_views":15,"today_views":0},"_links":{"self":[{"href":"https:\/\/temucotelevision.cl\/web\/wp-json\/wp\/v2\/posts\/1818","targetHints":{"allow":["GET"]}}],"collection":[{"href":"https:\/\/temucotelevision.cl\/web\/wp-json\/wp\/v2\/posts"}],"about":[{"href":"https:\/\/temucotelevision.cl\/web\/wp-json\/wp\/v2\/types\/post"}],"author":[{"embeddable":true,"href":"https:\/\/temucotelevision.cl\/web\/wp-json\/wp\/v2\/users\/1"}],"replies":[{"embeddable":true,"href":"https:\/\/temucotelevision.cl\/web\/wp-json\/wp\/v2\/comments?post=1818"}],"version-history":[{"count":1,"href":"https:\/\/temucotelevision.cl\/web\/wp-json\/wp\/v2\/posts\/1818\/revisions"}],"predecessor-version":[{"id":1820,"href":"https:\/\/temucotelevision.cl\/web\/wp-json\/wp\/v2\/posts\/1818\/revisions\/1820"}],"wp:featuredmedia":[{"embeddable":true,"href":"https:\/\/temucotelevision.cl\/web\/wp-json\/wp\/v2\/media\/1819"}],"wp:attachment":[{"href":"https:\/\/temucotelevision.cl\/web\/wp-json\/wp\/v2\/media?parent=1818"}],"wp:term":[{"taxonomy":"category","embeddable":true,"href":"https:\/\/temucotelevision.cl\/web\/wp-json\/wp\/v2\/categories?post=1818"},{"taxonomy":"post_tag","embeddable":true,"href":"https:\/\/temucotelevision.cl\/web\/wp-json\/wp\/v2\/tags?post=1818"}],"curies":[{"name":"wp","href":"https:\/\/api.w.org\/{rel}","templated":true}]}}