{"id":1815,"date":"2019-02-27T08:00:07","date_gmt":"2019-02-27T11:00:07","guid":{"rendered":"https:\/\/temucotelevision.cl\/web\/?p=1815"},"modified":"2019-02-27T00:27:33","modified_gmt":"2019-02-27T03:27:33","slug":"pdi-de-lautaro-detiene-a-joven-de-15-anos-por-robos-con-intimidacion","status":"publish","type":"post","link":"https:\/\/temucotelevision.cl\/web\/2019\/02\/27\/pdi-de-lautaro-detiene-a-joven-de-15-anos-por-robos-con-intimidacion\/","title":{"rendered":"PDI de  Lautaro detiene a joven de 15 a\u00f1os por robos con intimidaci\u00f3n"},"content":{"rendered":"<div class=\"pvc_clear\"><\/div>\n<p id=\"pvc_stats_1815\" class=\"pvc_stats total_only  \" data-element-id=\"1815\" style=\"\"><i class=\"pvc-stats-icon large\" aria-hidden=\"true\"><svg aria-hidden=\"true\" focusable=\"false\" data-prefix=\"far\" data-icon=\"chart-bar\" role=\"img\" xmlns=\"http:\/\/www.w3.org\/2000\/svg\" viewBox=\"0 0 512 512\" class=\"svg-inline--fa fa-chart-bar fa-w-16 fa-2x\"><path fill=\"currentColor\" d=\"M396.8 352h22.4c6.4 0 12.8-6.4 12.8-12.8V108.8c0-6.4-6.4-12.8-12.8-12.8h-22.4c-6.4 0-12.8 6.4-12.8 12.8v230.4c0 6.4 6.4 12.8 12.8 12.8zm-192 0h22.4c6.4 0 12.8-6.4 12.8-12.8V140.8c0-6.4-6.4-12.8-12.8-12.8h-22.4c-6.4 0-12.8 6.4-12.8 12.8v198.4c0 6.4 6.4 12.8 12.8 12.8zm96 0h22.4c6.4 0 12.8-6.4 12.8-12.8V204.8c0-6.4-6.4-12.8-12.8-12.8h-22.4c-6.4 0-12.8 6.4-12.8 12.8v134.4c0 6.4 6.4 12.8 12.8 12.8zM496 400H48V80c0-8.84-7.16-16-16-16H16C7.16 64 0 71.16 0 80v336c0 17.67 14.33 32 32 32h464c8.84 0 16-7.16 16-16v-16c0-8.84-7.16-16-16-16zm-387.2-48h22.4c6.4 0 12.8-6.4 12.8-12.8v-70.4c0-6.4-6.4-12.8-12.8-12.8h-22.4c-6.4 0-12.8 6.4-12.8 12.8v70.4c0 6.4 6.4 12.8 12.8 12.8z\" class=\"\"><\/path><\/svg><\/i> <img loading=\"lazy\" decoding=\"async\" width=\"16\" height=\"16\" alt=\"Loading\" src=\"https:\/\/temucotelevision.cl\/web\/wp-content\/plugins\/page-views-count\/ajax-loader-2x.gif\" border=0 \/><\/p>\n<div class=\"pvc_clear\"><\/div>\n<p style=\"text-align: justify;\"><span style=\"font-weight: 400;\">Detectives de la Brigada de Investigaci\u00f3n Criminal (Bicrim) de Lautaro detuvieron a un adolescente de 15 a\u00f1os y recuperaron diversas especies, adem\u00e1s del arma de fuego con que el menor intimidaba a sus v\u00edctimas. <\/span><\/p>\n<p style=\"text-align: justify;\">\n<p style=\"text-align: justify;\"><span style=\"font-weight: 400;\">El Inspector Alexander Niefergolt C\u00f3rdova de la Bicrim Lautaro indic\u00f3 que detectives de esa unidad realizaron diligencias investigativas para concretar el esclarecimiento del delito de robo con intimidaci\u00f3n, \u201cel sujeto, quien actuaba solo, interceptaba j\u00f3venes en el sector poniente de la comuna de Lautaro amenaz\u00e1ndolos con un arma de fuego y sustray\u00e9ndoles especies, principalmente tel\u00e9fonos celulares. En raz\u00f3n a lo anterior, se tomo declaraci\u00f3n a v\u00edctimas y testigos, logrando individualizar al imputado, quien corresponde a un adolescente de 15 a\u00f1os, siendo posible establecer su participaci\u00f3n en diversos delitos investigados\u201d.<\/span><\/p>\n<p style=\"text-align: justify;\">\n<p style=\"text-align: justify;\"><span style=\"font-weight: 400;\">Posteriormente, se entregaron los antecedentes al fiscal de turno, quien gestion\u00f3 la orden de aprehensi\u00f3n por el delito de robo con intimidaci\u00f3n y la entrada y registro judicial al domicilio del adolescente. Tras diversas diligencias, el menor fue detenido en la v\u00eda p\u00fablica por la orden del delito mencionado, adem\u00e1s por receptaci\u00f3n flagrante, ya que al momento de detenci\u00f3n portaba equipos celulares sustra\u00eddos a dos v\u00edctimas.<\/span><\/p>\n<p style=\"text-align: justify;\"><span style=\"font-weight: 400;\">Producto de este operativo se recuperaron diversas especies que hab\u00edan sido sustra\u00eddas y el arma utilizada para intimidar a las v\u00edctimas, que result\u00f3 ser de fantas\u00eda. <\/span><\/p>\n<p style=\"text-align: justify;\"><span style=\"font-weight: 400;\">El menor, identificado con las iniciales B.R.R.B, pas\u00f3 a control de detenci\u00f3n en el Juzgado de Garant\u00eda de la ciudad, donde el Ministerio p\u00fablico, adem\u00e1s lo logr\u00f3 vincular en cinco hechos similares por el delito de robo \u00a0en lugar habitado.<\/span><\/p>\n","protected":false},"excerpt":{"rendered":"<div class=\"pvc_clear\"><\/div>\n<p id=\"pvc_stats_1815\" class=\"pvc_stats total_only  \" data-element-id=\"1815\" style=\"\"><i class=\"pvc-stats-icon large\" aria-hidden=\"true\"><svg aria-hidden=\"true\" focusable=\"false\" data-prefix=\"far\" data-icon=\"chart-bar\" role=\"img\" xmlns=\"http:\/\/www.w3.org\/2000\/svg\" viewBox=\"0 0 512 512\" class=\"svg-inline--fa fa-chart-bar fa-w-16 fa-2x\"><path fill=\"currentColor\" d=\"M396.8 352h22.4c6.4 0 12.8-6.4 12.8-12.8V108.8c0-6.4-6.4-12.8-12.8-12.8h-22.4c-6.4 0-12.8 6.4-12.8 12.8v230.4c0 6.4 6.4 12.8 12.8 12.8zm-192 0h22.4c6.4 0 12.8-6.4 12.8-12.8V140.8c0-6.4-6.4-12.8-12.8-12.8h-22.4c-6.4 0-12.8 6.4-12.8 12.8v198.4c0 6.4 6.4 12.8 12.8 12.8zm96 0h22.4c6.4 0 12.8-6.4 12.8-12.8V204.8c0-6.4-6.4-12.8-12.8-12.8h-22.4c-6.4 0-12.8 6.4-12.8 12.8v134.4c0 6.4 6.4 12.8 12.8 12.8zM496 400H48V80c0-8.84-7.16-16-16-16H16C7.16 64 0 71.16 0 80v336c0 17.67 14.33 32 32 32h464c8.84 0 16-7.16 16-16v-16c0-8.84-7.16-16-16-16zm-387.2-48h22.4c6.4 0 12.8-6.4 12.8-12.8v-70.4c0-6.4-6.4-12.8-12.8-12.8h-22.4c-6.4 0-12.8 6.4-12.8 12.8v70.4c0 6.4 6.4 12.8 12.8 12.8z\" class=\"\"><\/path><\/svg><\/i> <img loading=\"lazy\" decoding=\"async\" width=\"16\" height=\"16\" alt=\"Loading\" src=\"https:\/\/temucotelevision.cl\/web\/wp-content\/plugins\/page-views-count\/ajax-loader-2x.gif\" border=0 \/><\/p>\n<div class=\"pvc_clear\"><\/div>\n<p>Detectives de la Brigada de Investigaci\u00f3n Criminal (Bicrim) de Lautaro detuvieron a un adolescente de 15 a\u00f1os y recuperaron diversas<\/p>\n","protected":false},"author":1,"featured_media":1816,"comment_status":"open","ping_status":"open","sticky":false,"template":"","format":"standard","meta":{"colormag_page_container_layout":"default_layout","colormag_page_sidebar_layout":"default_layout","footnotes":""},"categories":[16],"tags":[116,76],"class_list":["post-1815","post","type-post","status-publish","format-standard","has-post-thumbnail","hentry","category-policial","tag-la-araucania","tag-pdi"],"a3_pvc":{"activated":true,"total_views":52,"today_views":0},"_links":{"self":[{"href":"https:\/\/temucotelevision.cl\/web\/wp-json\/wp\/v2\/posts\/1815","targetHints":{"allow":["GET"]}}],"collection":[{"href":"https:\/\/temucotelevision.cl\/web\/wp-json\/wp\/v2\/posts"}],"about":[{"href":"https:\/\/temucotelevision.cl\/web\/wp-json\/wp\/v2\/types\/post"}],"author":[{"embeddable":true,"href":"https:\/\/temucotelevision.cl\/web\/wp-json\/wp\/v2\/users\/1"}],"replies":[{"embeddable":true,"href":"https:\/\/temucotelevision.cl\/web\/wp-json\/wp\/v2\/comments?post=1815"}],"version-history":[{"count":1,"href":"https:\/\/temucotelevision.cl\/web\/wp-json\/wp\/v2\/posts\/1815\/revisions"}],"predecessor-version":[{"id":1817,"href":"https:\/\/temucotelevision.cl\/web\/wp-json\/wp\/v2\/posts\/1815\/revisions\/1817"}],"wp:featuredmedia":[{"embeddable":true,"href":"https:\/\/temucotelevision.cl\/web\/wp-json\/wp\/v2\/media\/1816"}],"wp:attachment":[{"href":"https:\/\/temucotelevision.cl\/web\/wp-json\/wp\/v2\/media?parent=1815"}],"wp:term":[{"taxonomy":"category","embeddable":true,"href":"https:\/\/temucotelevision.cl\/web\/wp-json\/wp\/v2\/categories?post=1815"},{"taxonomy":"post_tag","embeddable":true,"href":"https:\/\/temucotelevision.cl\/web\/wp-json\/wp\/v2\/tags?post=1815"}],"curies":[{"name":"wp","href":"https:\/\/api.w.org\/{rel}","templated":true}]}}