{"id":1812,"date":"2019-02-27T08:00:59","date_gmt":"2019-02-27T11:00:59","guid":{"rendered":"https:\/\/temucotelevision.cl\/web\/?p=1812"},"modified":"2019-02-27T00:24:18","modified_gmt":"2019-02-27T03:24:18","slug":"biro-temuco-recupera-vehiculo-avaluado-en-10-millones-de-pesos","status":"publish","type":"post","link":"https:\/\/temucotelevision.cl\/web\/2019\/02\/27\/biro-temuco-recupera-vehiculo-avaluado-en-10-millones-de-pesos\/","title":{"rendered":"PDI de  Temuco recupera veh\u00edculo avaluado en $10 millones de pesos"},"content":{"rendered":"<div class=\"pvc_clear\"><\/div>\n<p id=\"pvc_stats_1812\" class=\"pvc_stats total_only  \" data-element-id=\"1812\" style=\"\"><i class=\"pvc-stats-icon large\" aria-hidden=\"true\"><svg aria-hidden=\"true\" focusable=\"false\" data-prefix=\"far\" data-icon=\"chart-bar\" role=\"img\" xmlns=\"http:\/\/www.w3.org\/2000\/svg\" viewBox=\"0 0 512 512\" class=\"svg-inline--fa fa-chart-bar fa-w-16 fa-2x\"><path fill=\"currentColor\" d=\"M396.8 352h22.4c6.4 0 12.8-6.4 12.8-12.8V108.8c0-6.4-6.4-12.8-12.8-12.8h-22.4c-6.4 0-12.8 6.4-12.8 12.8v230.4c0 6.4 6.4 12.8 12.8 12.8zm-192 0h22.4c6.4 0 12.8-6.4 12.8-12.8V140.8c0-6.4-6.4-12.8-12.8-12.8h-22.4c-6.4 0-12.8 6.4-12.8 12.8v198.4c0 6.4 6.4 12.8 12.8 12.8zm96 0h22.4c6.4 0 12.8-6.4 12.8-12.8V204.8c0-6.4-6.4-12.8-12.8-12.8h-22.4c-6.4 0-12.8 6.4-12.8 12.8v134.4c0 6.4 6.4 12.8 12.8 12.8zM496 400H48V80c0-8.84-7.16-16-16-16H16C7.16 64 0 71.16 0 80v336c0 17.67 14.33 32 32 32h464c8.84 0 16-7.16 16-16v-16c0-8.84-7.16-16-16-16zm-387.2-48h22.4c6.4 0 12.8-6.4 12.8-12.8v-70.4c0-6.4-6.4-12.8-12.8-12.8h-22.4c-6.4 0-12.8 6.4-12.8 12.8v70.4c0 6.4 6.4 12.8 12.8 12.8z\" class=\"\"><\/path><\/svg><\/i> <img loading=\"lazy\" decoding=\"async\" width=\"16\" height=\"16\" alt=\"Loading\" src=\"https:\/\/temucotelevision.cl\/web\/wp-content\/plugins\/page-views-count\/ajax-loader-2x.gif\" border=0 \/><\/p>\n<div class=\"pvc_clear\"><\/div>\n<p style=\"text-align: justify;\"><span style=\"font-weight: 400;\">Detectives de la Brigada Investigadora de Robos (Biro) Temuco, detuvieron a un hombre por receptaci\u00f3n e infracci\u00f3n a la Ley de Tr\u00e1nsito, y recuperaron un veh\u00edculo marca Nissan modelo Navara, a\u00f1o 2012 \u2013avaluado en $10 millones de pesos-, el cual presentaba encargo por robo desde el mes de agosto de 2018.<\/span><\/p>\n<p style=\"text-align: justify;\">\n<p style=\"text-align: justify;\"><span style=\"font-weight: 400;\">El jefe de la Biro Temuco, comisario Pablo Maechel, se\u00f1al\u00f3 que detectives de esa Brigada especializada, en su labor cotidiana de intervenci\u00f3n y desarticulaci\u00f3n de la cadena de bienes robados, y gracias a una alianza estrat\u00e9gica con unidades vecinales de la comuna, llegaron hasta el sector de Villa Los R\u00edos donde se habr\u00eda visualizado una camioneta con caracter\u00edsticas similares a una que era buscada.<\/span><\/p>\n<p style=\"text-align: justify;\">\n<p style=\"text-align: justify;\"><span style=\"font-weight: 400;\">En el lugar se realiz\u00f3 un control de identidad al conductor y se divisaron algunas incongruencias en los n\u00fameros identificatorios del veh\u00edculo, lo que se pudo comprobar con un peritaje mec\u00e1nico donde se estableci\u00f3 que la serie del chasis no correspond\u00eda a las placas patentes adosadas al autom\u00f3vil, por lo que el conductor fue detenido<\/span><\/p>\n<p style=\"text-align: justify;\">\n<p style=\"text-align: justify;\"><span style=\"font-weight: 400;\">\u201c\u00c9sta persona tiene previamente antecedentes por el delito de receptaci\u00f3n, y fue sorprendido en Temuco en la v\u00eda p\u00fablica conduciendo un veh\u00edculo de alta gama, una camioneta avaluada en m\u00e1s de 10 millones de pesos, la cual se pudo determinar que circulaba con placas patentes adulteradas, se procedi\u00f3 al control de esta camioneta y se logr\u00f3 determinar que las placas patentes no coincid\u00edan con el veh\u00edculo, y \u00e9ste adem\u00e1s ten\u00eda un encargo por robo desde agosto del a\u00f1o pasado cuando fue sustra\u00eddo en la ciudad de Temuco\u201d, indic\u00f3 el jefe de la Biro Temuco.<\/span><\/p>\n<p style=\"text-align: justify;\">\n<p style=\"text-align: justify;\"><span style=\"font-weight: 400;\">El oficial relat\u00f3 que \u201cesta persona fue detenida y se dio cuenta al Ministerio P\u00fablico y pas\u00f3 a control de detenci\u00f3n por la receptaci\u00f3n del veh\u00edculo, siendo ya reiterativo su actuar, y adem\u00e1s por infracci\u00f3n a la ley de tr\u00e1nsito por ocupar placas patentes falsas en el veh\u00edculo en el cual circulaba por el centro de la ciudad\u201d.<\/span><\/p>\n<p style=\"text-align: justify;\">\n<p style=\"text-align: justify;\"><span style=\"font-weight: 400;\">El detenido, de 52 a\u00f1os, fue puesto a disposici\u00f3n del Juzgado de Garant\u00eda de Temuco para el control de detenci\u00f3n y posterior formalizaci\u00f3n; mientras que el veh\u00edculo fue devuelto a su due\u00f1o.<\/span><\/p>\n<p style=\"text-align: justify;\">\n<p style=\"text-align: justify;\">\n<p style=\"text-align: justify;\">\n","protected":false},"excerpt":{"rendered":"<div class=\"pvc_clear\"><\/div>\n<p id=\"pvc_stats_1812\" class=\"pvc_stats total_only  \" data-element-id=\"1812\" style=\"\"><i class=\"pvc-stats-icon large\" aria-hidden=\"true\"><svg aria-hidden=\"true\" focusable=\"false\" data-prefix=\"far\" data-icon=\"chart-bar\" role=\"img\" xmlns=\"http:\/\/www.w3.org\/2000\/svg\" viewBox=\"0 0 512 512\" class=\"svg-inline--fa fa-chart-bar fa-w-16 fa-2x\"><path fill=\"currentColor\" d=\"M396.8 352h22.4c6.4 0 12.8-6.4 12.8-12.8V108.8c0-6.4-6.4-12.8-12.8-12.8h-22.4c-6.4 0-12.8 6.4-12.8 12.8v230.4c0 6.4 6.4 12.8 12.8 12.8zm-192 0h22.4c6.4 0 12.8-6.4 12.8-12.8V140.8c0-6.4-6.4-12.8-12.8-12.8h-22.4c-6.4 0-12.8 6.4-12.8 12.8v198.4c0 6.4 6.4 12.8 12.8 12.8zm96 0h22.4c6.4 0 12.8-6.4 12.8-12.8V204.8c0-6.4-6.4-12.8-12.8-12.8h-22.4c-6.4 0-12.8 6.4-12.8 12.8v134.4c0 6.4 6.4 12.8 12.8 12.8zM496 400H48V80c0-8.84-7.16-16-16-16H16C7.16 64 0 71.16 0 80v336c0 17.67 14.33 32 32 32h464c8.84 0 16-7.16 16-16v-16c0-8.84-7.16-16-16-16zm-387.2-48h22.4c6.4 0 12.8-6.4 12.8-12.8v-70.4c0-6.4-6.4-12.8-12.8-12.8h-22.4c-6.4 0-12.8 6.4-12.8 12.8v70.4c0 6.4 6.4 12.8 12.8 12.8z\" class=\"\"><\/path><\/svg><\/i> <img loading=\"lazy\" decoding=\"async\" width=\"16\" height=\"16\" alt=\"Loading\" src=\"https:\/\/temucotelevision.cl\/web\/wp-content\/plugins\/page-views-count\/ajax-loader-2x.gif\" border=0 \/><\/p>\n<div class=\"pvc_clear\"><\/div>\n<p>Detectives de la Brigada Investigadora de Robos (Biro) Temuco, detuvieron a un hombre por receptaci\u00f3n e infracci\u00f3n a la Ley<\/p>\n","protected":false},"author":1,"featured_media":1813,"comment_status":"open","ping_status":"open","sticky":false,"template":"","format":"standard","meta":{"colormag_page_container_layout":"default_layout","colormag_page_sidebar_layout":"default_layout","footnotes":""},"categories":[16],"tags":[677,76,78],"class_list":["post-1812","post","type-post","status-publish","format-standard","has-post-thumbnail","hentry","category-policial","tag-biro","tag-pdi","tag-temuco"],"a3_pvc":{"activated":true,"total_views":28,"today_views":0},"_links":{"self":[{"href":"https:\/\/temucotelevision.cl\/web\/wp-json\/wp\/v2\/posts\/1812","targetHints":{"allow":["GET"]}}],"collection":[{"href":"https:\/\/temucotelevision.cl\/web\/wp-json\/wp\/v2\/posts"}],"about":[{"href":"https:\/\/temucotelevision.cl\/web\/wp-json\/wp\/v2\/types\/post"}],"author":[{"embeddable":true,"href":"https:\/\/temucotelevision.cl\/web\/wp-json\/wp\/v2\/users\/1"}],"replies":[{"embeddable":true,"href":"https:\/\/temucotelevision.cl\/web\/wp-json\/wp\/v2\/comments?post=1812"}],"version-history":[{"count":1,"href":"https:\/\/temucotelevision.cl\/web\/wp-json\/wp\/v2\/posts\/1812\/revisions"}],"predecessor-version":[{"id":1814,"href":"https:\/\/temucotelevision.cl\/web\/wp-json\/wp\/v2\/posts\/1812\/revisions\/1814"}],"wp:featuredmedia":[{"embeddable":true,"href":"https:\/\/temucotelevision.cl\/web\/wp-json\/wp\/v2\/media\/1813"}],"wp:attachment":[{"href":"https:\/\/temucotelevision.cl\/web\/wp-json\/wp\/v2\/media?parent=1812"}],"wp:term":[{"taxonomy":"category","embeddable":true,"href":"https:\/\/temucotelevision.cl\/web\/wp-json\/wp\/v2\/categories?post=1812"},{"taxonomy":"post_tag","embeddable":true,"href":"https:\/\/temucotelevision.cl\/web\/wp-json\/wp\/v2\/tags?post=1812"}],"curies":[{"name":"wp","href":"https:\/\/api.w.org\/{rel}","templated":true}]}}