{"id":1807,"date":"2019-02-26T19:16:55","date_gmt":"2019-02-26T22:16:55","guid":{"rendered":"https:\/\/temucotelevision.cl\/web\/?p=1807"},"modified":"2019-02-26T19:16:55","modified_gmt":"2019-02-26T22:16:55","slug":"carabineros-logra-detener-a-sujetos-que-danaron-vehiculos-para-robo-de-especies","status":"publish","type":"post","link":"https:\/\/temucotelevision.cl\/web\/2019\/02\/26\/carabineros-logra-detener-a-sujetos-que-danaron-vehiculos-para-robo-de-especies\/","title":{"rendered":"Carabineros logra detener a sujetos que da\u00f1aron veh\u00edculos para robo de especies"},"content":{"rendered":"<div class=\"pvc_clear\"><\/div>\n<p id=\"pvc_stats_1807\" class=\"pvc_stats total_only  \" data-element-id=\"1807\" style=\"\"><i class=\"pvc-stats-icon large\" aria-hidden=\"true\"><svg aria-hidden=\"true\" focusable=\"false\" data-prefix=\"far\" data-icon=\"chart-bar\" role=\"img\" xmlns=\"http:\/\/www.w3.org\/2000\/svg\" viewBox=\"0 0 512 512\" class=\"svg-inline--fa fa-chart-bar fa-w-16 fa-2x\"><path fill=\"currentColor\" d=\"M396.8 352h22.4c6.4 0 12.8-6.4 12.8-12.8V108.8c0-6.4-6.4-12.8-12.8-12.8h-22.4c-6.4 0-12.8 6.4-12.8 12.8v230.4c0 6.4 6.4 12.8 12.8 12.8zm-192 0h22.4c6.4 0 12.8-6.4 12.8-12.8V140.8c0-6.4-6.4-12.8-12.8-12.8h-22.4c-6.4 0-12.8 6.4-12.8 12.8v198.4c0 6.4 6.4 12.8 12.8 12.8zm96 0h22.4c6.4 0 12.8-6.4 12.8-12.8V204.8c0-6.4-6.4-12.8-12.8-12.8h-22.4c-6.4 0-12.8 6.4-12.8 12.8v134.4c0 6.4 6.4 12.8 12.8 12.8zM496 400H48V80c0-8.84-7.16-16-16-16H16C7.16 64 0 71.16 0 80v336c0 17.67 14.33 32 32 32h464c8.84 0 16-7.16 16-16v-16c0-8.84-7.16-16-16-16zm-387.2-48h22.4c6.4 0 12.8-6.4 12.8-12.8v-70.4c0-6.4-6.4-12.8-12.8-12.8h-22.4c-6.4 0-12.8 6.4-12.8 12.8v70.4c0 6.4 6.4 12.8 12.8 12.8z\" class=\"\"><\/path><\/svg><\/i> <img loading=\"lazy\" decoding=\"async\" width=\"16\" height=\"16\" alt=\"Loading\" src=\"https:\/\/temucotelevision.cl\/web\/wp-content\/plugins\/page-views-count\/ajax-loader-2x.gif\" border=0 \/><\/p>\n<div class=\"pvc_clear\"><\/div>\n<p style=\"text-align: justify;\">Esta madrugada, los individuos se trasladaron a calle Arag\u00f3n y alrededores para atacar autos estacionados en el sector.<\/p>\n<p style=\"text-align: justify;\">Carabineros de la 8va. Comisar\u00eda \u201cTemuco\u201d, en horas de esta madrugada, lograron la detenci\u00f3n de tres delincuentes que momentos antes destrozaron los vidrios a cinco veh\u00edculos para sustraer especies desde su interior.<\/p>\n<p style=\"text-align: justify;\">El Mayor Marcelo S\u00e1ez, comisario de la 8va. Comisar\u00eda \u201cTemuco\u201d, se\u00f1al\u00f3 que a trav\u00e9s de un llamado de la Central de Comunicaciones (Cenco) se identific\u00f3 a un grupo de sujetos en actitudes sospechosas que merodeaban los domicilios y veh\u00edculos estacionados en calle Arag\u00f3n.<\/p>\n<p style=\"text-align: justify;\">\u201cUna vez que personal de Carabineros arriba a dicha calle, sorprende en flagrancia a tres sujetos, causando da\u00f1os y sustrayendo especies de valor que se encontraban al interior de los veh\u00edculos, por tal raz\u00f3n, Carabineros procede a su detenci\u00f3n\u201d, inform\u00f3 el Mayor S\u00e1ez.<\/p>\n<p style=\"text-align: justify;\">Por instrucci\u00f3n del fiscal de turno, los detenidos -con antecedentes policiales anteriores- quedaron a disposici\u00f3n del Juzgado de Garant\u00eda de Temuco, para el correspondiente control de la detenci\u00f3n.<\/p>\n","protected":false},"excerpt":{"rendered":"<div class=\"pvc_clear\"><\/div>\n<p id=\"pvc_stats_1807\" class=\"pvc_stats total_only  \" data-element-id=\"1807\" style=\"\"><i class=\"pvc-stats-icon large\" aria-hidden=\"true\"><svg aria-hidden=\"true\" focusable=\"false\" data-prefix=\"far\" data-icon=\"chart-bar\" role=\"img\" xmlns=\"http:\/\/www.w3.org\/2000\/svg\" viewBox=\"0 0 512 512\" class=\"svg-inline--fa fa-chart-bar fa-w-16 fa-2x\"><path fill=\"currentColor\" d=\"M396.8 352h22.4c6.4 0 12.8-6.4 12.8-12.8V108.8c0-6.4-6.4-12.8-12.8-12.8h-22.4c-6.4 0-12.8 6.4-12.8 12.8v230.4c0 6.4 6.4 12.8 12.8 12.8zm-192 0h22.4c6.4 0 12.8-6.4 12.8-12.8V140.8c0-6.4-6.4-12.8-12.8-12.8h-22.4c-6.4 0-12.8 6.4-12.8 12.8v198.4c0 6.4 6.4 12.8 12.8 12.8zm96 0h22.4c6.4 0 12.8-6.4 12.8-12.8V204.8c0-6.4-6.4-12.8-12.8-12.8h-22.4c-6.4 0-12.8 6.4-12.8 12.8v134.4c0 6.4 6.4 12.8 12.8 12.8zM496 400H48V80c0-8.84-7.16-16-16-16H16C7.16 64 0 71.16 0 80v336c0 17.67 14.33 32 32 32h464c8.84 0 16-7.16 16-16v-16c0-8.84-7.16-16-16-16zm-387.2-48h22.4c6.4 0 12.8-6.4 12.8-12.8v-70.4c0-6.4-6.4-12.8-12.8-12.8h-22.4c-6.4 0-12.8 6.4-12.8 12.8v70.4c0 6.4 6.4 12.8 12.8 12.8z\" class=\"\"><\/path><\/svg><\/i> <img loading=\"lazy\" decoding=\"async\" width=\"16\" height=\"16\" alt=\"Loading\" src=\"https:\/\/temucotelevision.cl\/web\/wp-content\/plugins\/page-views-count\/ajax-loader-2x.gif\" border=0 \/><\/p>\n<div class=\"pvc_clear\"><\/div>\n<p>Esta madrugada, los individuos se trasladaron a calle Arag\u00f3n y alrededores para atacar autos estacionados en el sector. Carabineros de<\/p>\n","protected":false},"author":1,"featured_media":1808,"comment_status":"open","ping_status":"open","sticky":false,"template":"","format":"standard","meta":{"colormag_page_container_layout":"default_layout","colormag_page_sidebar_layout":"default_layout","footnotes":""},"categories":[16],"tags":[125,262,138,140,307],"class_list":["post-1807","post","type-post","status-publish","format-standard","has-post-thumbnail","hentry","category-policial","tag-carabineros","tag-especies","tag-robo","tag-sujetos","tag-vehiculos"],"a3_pvc":{"activated":true,"total_views":26,"today_views":0},"_links":{"self":[{"href":"https:\/\/temucotelevision.cl\/web\/wp-json\/wp\/v2\/posts\/1807","targetHints":{"allow":["GET"]}}],"collection":[{"href":"https:\/\/temucotelevision.cl\/web\/wp-json\/wp\/v2\/posts"}],"about":[{"href":"https:\/\/temucotelevision.cl\/web\/wp-json\/wp\/v2\/types\/post"}],"author":[{"embeddable":true,"href":"https:\/\/temucotelevision.cl\/web\/wp-json\/wp\/v2\/users\/1"}],"replies":[{"embeddable":true,"href":"https:\/\/temucotelevision.cl\/web\/wp-json\/wp\/v2\/comments?post=1807"}],"version-history":[{"count":1,"href":"https:\/\/temucotelevision.cl\/web\/wp-json\/wp\/v2\/posts\/1807\/revisions"}],"predecessor-version":[{"id":1810,"href":"https:\/\/temucotelevision.cl\/web\/wp-json\/wp\/v2\/posts\/1807\/revisions\/1810"}],"wp:featuredmedia":[{"embeddable":true,"href":"https:\/\/temucotelevision.cl\/web\/wp-json\/wp\/v2\/media\/1808"}],"wp:attachment":[{"href":"https:\/\/temucotelevision.cl\/web\/wp-json\/wp\/v2\/media?parent=1807"}],"wp:term":[{"taxonomy":"category","embeddable":true,"href":"https:\/\/temucotelevision.cl\/web\/wp-json\/wp\/v2\/categories?post=1807"},{"taxonomy":"post_tag","embeddable":true,"href":"https:\/\/temucotelevision.cl\/web\/wp-json\/wp\/v2\/tags?post=1807"}],"curies":[{"name":"wp","href":"https:\/\/api.w.org\/{rel}","templated":true}]}}