{"id":1804,"date":"2019-02-26T18:11:53","date_gmt":"2019-02-26T21:11:53","guid":{"rendered":"https:\/\/temucotelevision.cl\/web\/?p=1804"},"modified":"2019-02-26T18:11:53","modified_gmt":"2019-02-26T21:11:53","slug":"club-aereo-de-villarrica-inaugura-planta-de-suministro-de-combustibles-unico-en-el-sur-del-pais","status":"publish","type":"post","link":"https:\/\/temucotelevision.cl\/web\/2019\/02\/26\/club-aereo-de-villarrica-inaugura-planta-de-suministro-de-combustibles-unico-en-el-sur-del-pais\/","title":{"rendered":"Club A\u00e9reo de Villarrica inaugura planta de suministro de combustibles \u00fanico en el sur del pa\u00eds"},"content":{"rendered":"<div class=\"pvc_clear\"><\/div>\n<p id=\"pvc_stats_1804\" class=\"pvc_stats total_only  \" data-element-id=\"1804\" style=\"\"><i class=\"pvc-stats-icon large\" aria-hidden=\"true\"><svg aria-hidden=\"true\" focusable=\"false\" data-prefix=\"far\" data-icon=\"chart-bar\" role=\"img\" xmlns=\"http:\/\/www.w3.org\/2000\/svg\" viewBox=\"0 0 512 512\" class=\"svg-inline--fa fa-chart-bar fa-w-16 fa-2x\"><path fill=\"currentColor\" d=\"M396.8 352h22.4c6.4 0 12.8-6.4 12.8-12.8V108.8c0-6.4-6.4-12.8-12.8-12.8h-22.4c-6.4 0-12.8 6.4-12.8 12.8v230.4c0 6.4 6.4 12.8 12.8 12.8zm-192 0h22.4c6.4 0 12.8-6.4 12.8-12.8V140.8c0-6.4-6.4-12.8-12.8-12.8h-22.4c-6.4 0-12.8 6.4-12.8 12.8v198.4c0 6.4 6.4 12.8 12.8 12.8zm96 0h22.4c6.4 0 12.8-6.4 12.8-12.8V204.8c0-6.4-6.4-12.8-12.8-12.8h-22.4c-6.4 0-12.8 6.4-12.8 12.8v134.4c0 6.4 6.4 12.8 12.8 12.8zM496 400H48V80c0-8.84-7.16-16-16-16H16C7.16 64 0 71.16 0 80v336c0 17.67 14.33 32 32 32h464c8.84 0 16-7.16 16-16v-16c0-8.84-7.16-16-16-16zm-387.2-48h22.4c6.4 0 12.8-6.4 12.8-12.8v-70.4c0-6.4-6.4-12.8-12.8-12.8h-22.4c-6.4 0-12.8 6.4-12.8 12.8v70.4c0 6.4 6.4 12.8 12.8 12.8z\" class=\"\"><\/path><\/svg><\/i> <img loading=\"lazy\" decoding=\"async\" width=\"16\" height=\"16\" alt=\"Loading\" src=\"https:\/\/temucotelevision.cl\/web\/wp-content\/plugins\/page-views-count\/ajax-loader-2x.gif\" border=0 \/><\/p>\n<div class=\"pvc_clear\"><\/div>\n<p style=\"text-align: justify;\">Un avance muy importante para la aeron\u00e1utica civil, fue inaugurado el pasado fin de semana en el aer\u00f3dromo de Villarrica, se trata de una planta de suministro de combustible para aeronaves, JET A-1, \u00fanica en su tipo en el sur del pa\u00eds con una capacidad de 20 mil litros de parafina refinada, destinada a abastecer aviones de gran envergadura, helic\u00f3pteros y aeronaves que lleguen a la zona lacustre.<\/p>\n<p style=\"text-align: justify;\">En la ceremonia de inauguraci\u00f3n estuvieron presentes el alcalde de la comuna Pablo Astete; el representante comercial de la empresa Esmax, Alfonso Gallegos; el presidente del Club A\u00e9reo de Villarrica, Eduardo Picasso; el capit\u00e1n de Carabineros de la S\u00e9ptima Comisaria, Jos\u00e9 Manuel Lillo; miembros del club e invitados especiales.<\/p>\n<p style=\"text-align: justify;\">Durante el acto se destac\u00f3 la importancia de este avance para la aeron\u00e1utica civil de la zona, ya que esto permitir\u00e1 una mayor autonom\u00eda para el flujo a\u00e9reo en la comuna, siendo fundamental en casos de emergencias, como desastres naturales o traslados Aero-m\u00e9dicos, ya que los aviones y helic\u00f3pteros podr\u00e1n abastecerse de combustible en este lugar.<\/p>\n<p style=\"text-align: justify;\">\u201cEl Club A\u00e9reo de Villarrica ha sido siempre parte fundamental en el desarrollo de la ciudad y por lo mismo, este nuevo adelanto es muy significativo\u201d, indic\u00f3 la primera autoridad comunal. Recordar que este club es uno de los m\u00e1s importantes del pa\u00eds, fue fundado en 1946 y en la actualidad cuenta con 70 socios activos.<\/p>\n","protected":false},"excerpt":{"rendered":"<div class=\"pvc_clear\"><\/div>\n<p id=\"pvc_stats_1804\" class=\"pvc_stats total_only  \" data-element-id=\"1804\" style=\"\"><i class=\"pvc-stats-icon large\" aria-hidden=\"true\"><svg aria-hidden=\"true\" focusable=\"false\" data-prefix=\"far\" data-icon=\"chart-bar\" role=\"img\" xmlns=\"http:\/\/www.w3.org\/2000\/svg\" viewBox=\"0 0 512 512\" class=\"svg-inline--fa fa-chart-bar fa-w-16 fa-2x\"><path fill=\"currentColor\" d=\"M396.8 352h22.4c6.4 0 12.8-6.4 12.8-12.8V108.8c0-6.4-6.4-12.8-12.8-12.8h-22.4c-6.4 0-12.8 6.4-12.8 12.8v230.4c0 6.4 6.4 12.8 12.8 12.8zm-192 0h22.4c6.4 0 12.8-6.4 12.8-12.8V140.8c0-6.4-6.4-12.8-12.8-12.8h-22.4c-6.4 0-12.8 6.4-12.8 12.8v198.4c0 6.4 6.4 12.8 12.8 12.8zm96 0h22.4c6.4 0 12.8-6.4 12.8-12.8V204.8c0-6.4-6.4-12.8-12.8-12.8h-22.4c-6.4 0-12.8 6.4-12.8 12.8v134.4c0 6.4 6.4 12.8 12.8 12.8zM496 400H48V80c0-8.84-7.16-16-16-16H16C7.16 64 0 71.16 0 80v336c0 17.67 14.33 32 32 32h464c8.84 0 16-7.16 16-16v-16c0-8.84-7.16-16-16-16zm-387.2-48h22.4c6.4 0 12.8-6.4 12.8-12.8v-70.4c0-6.4-6.4-12.8-12.8-12.8h-22.4c-6.4 0-12.8 6.4-12.8 12.8v70.4c0 6.4 6.4 12.8 12.8 12.8z\" class=\"\"><\/path><\/svg><\/i> <img loading=\"lazy\" decoding=\"async\" width=\"16\" height=\"16\" alt=\"Loading\" src=\"https:\/\/temucotelevision.cl\/web\/wp-content\/plugins\/page-views-count\/ajax-loader-2x.gif\" border=0 \/><\/p>\n<div class=\"pvc_clear\"><\/div>\n<p>Un avance muy importante para la aeron\u00e1utica civil, fue inaugurado el pasado fin de semana en el aer\u00f3dromo de Villarrica,<\/p>\n","protected":false},"author":1,"featured_media":1805,"comment_status":"open","ping_status":"open","sticky":false,"template":"","format":"standard","meta":{"colormag_page_container_layout":"default_layout","colormag_page_sidebar_layout":"default_layout","footnotes":""},"categories":[101],"tags":[142,676,675,490,204],"class_list":["post-1804","post","type-post","status-publish","format-standard","has-post-thumbnail","hentry","category-actualidad","tag-aereo","tag-aeronautica","tag-club","tag-combustible","tag-villarrica"],"a3_pvc":{"activated":true,"total_views":45,"today_views":0},"_links":{"self":[{"href":"https:\/\/temucotelevision.cl\/web\/wp-json\/wp\/v2\/posts\/1804","targetHints":{"allow":["GET"]}}],"collection":[{"href":"https:\/\/temucotelevision.cl\/web\/wp-json\/wp\/v2\/posts"}],"about":[{"href":"https:\/\/temucotelevision.cl\/web\/wp-json\/wp\/v2\/types\/post"}],"author":[{"embeddable":true,"href":"https:\/\/temucotelevision.cl\/web\/wp-json\/wp\/v2\/users\/1"}],"replies":[{"embeddable":true,"href":"https:\/\/temucotelevision.cl\/web\/wp-json\/wp\/v2\/comments?post=1804"}],"version-history":[{"count":1,"href":"https:\/\/temucotelevision.cl\/web\/wp-json\/wp\/v2\/posts\/1804\/revisions"}],"predecessor-version":[{"id":1806,"href":"https:\/\/temucotelevision.cl\/web\/wp-json\/wp\/v2\/posts\/1804\/revisions\/1806"}],"wp:featuredmedia":[{"embeddable":true,"href":"https:\/\/temucotelevision.cl\/web\/wp-json\/wp\/v2\/media\/1805"}],"wp:attachment":[{"href":"https:\/\/temucotelevision.cl\/web\/wp-json\/wp\/v2\/media?parent=1804"}],"wp:term":[{"taxonomy":"category","embeddable":true,"href":"https:\/\/temucotelevision.cl\/web\/wp-json\/wp\/v2\/categories?post=1804"},{"taxonomy":"post_tag","embeddable":true,"href":"https:\/\/temucotelevision.cl\/web\/wp-json\/wp\/v2\/tags?post=1804"}],"curies":[{"name":"wp","href":"https:\/\/api.w.org\/{rel}","templated":true}]}}