{"id":1801,"date":"2019-02-26T18:00:07","date_gmt":"2019-02-26T21:00:07","guid":{"rendered":"https:\/\/temucotelevision.cl\/web\/?p=1801"},"modified":"2019-02-26T18:00:07","modified_gmt":"2019-02-26T21:00:07","slug":"ninos-damnificados-por-incendios-forestales-vivieron-tarde-entretenida-en-easton-outlet-mall","status":"publish","type":"post","link":"https:\/\/temucotelevision.cl\/web\/2019\/02\/26\/ninos-damnificados-por-incendios-forestales-vivieron-tarde-entretenida-en-easton-outlet-mall\/","title":{"rendered":"Ni\u00f1os damnificados por incendios forestales vivieron tarde entretenida en Easton Outlet Mall"},"content":{"rendered":"<div class=\"pvc_clear\"><\/div>\n<p id=\"pvc_stats_1801\" class=\"pvc_stats total_only  \" data-element-id=\"1801\" style=\"\"><i class=\"pvc-stats-icon large\" aria-hidden=\"true\"><svg aria-hidden=\"true\" focusable=\"false\" data-prefix=\"far\" data-icon=\"chart-bar\" role=\"img\" xmlns=\"http:\/\/www.w3.org\/2000\/svg\" viewBox=\"0 0 512 512\" class=\"svg-inline--fa fa-chart-bar fa-w-16 fa-2x\"><path fill=\"currentColor\" d=\"M396.8 352h22.4c6.4 0 12.8-6.4 12.8-12.8V108.8c0-6.4-6.4-12.8-12.8-12.8h-22.4c-6.4 0-12.8 6.4-12.8 12.8v230.4c0 6.4 6.4 12.8 12.8 12.8zm-192 0h22.4c6.4 0 12.8-6.4 12.8-12.8V140.8c0-6.4-6.4-12.8-12.8-12.8h-22.4c-6.4 0-12.8 6.4-12.8 12.8v198.4c0 6.4 6.4 12.8 12.8 12.8zm96 0h22.4c6.4 0 12.8-6.4 12.8-12.8V204.8c0-6.4-6.4-12.8-12.8-12.8h-22.4c-6.4 0-12.8 6.4-12.8 12.8v134.4c0 6.4 6.4 12.8 12.8 12.8zM496 400H48V80c0-8.84-7.16-16-16-16H16C7.16 64 0 71.16 0 80v336c0 17.67 14.33 32 32 32h464c8.84 0 16-7.16 16-16v-16c0-8.84-7.16-16-16-16zm-387.2-48h22.4c6.4 0 12.8-6.4 12.8-12.8v-70.4c0-6.4-6.4-12.8-12.8-12.8h-22.4c-6.4 0-12.8 6.4-12.8 12.8v70.4c0 6.4 6.4 12.8 12.8 12.8z\" class=\"\"><\/path><\/svg><\/i> <img loading=\"lazy\" decoding=\"async\" width=\"16\" height=\"16\" alt=\"Loading\" src=\"https:\/\/temucotelevision.cl\/web\/wp-content\/plugins\/page-views-count\/ajax-loader-2x.gif\" border=0 \/><\/p>\n<div class=\"pvc_clear\"><\/div>\n<p style=\"text-align: justify;\">\u2022 El centro comercial, junto al Ministerio de Desarrollo Social y a la Municipalidad de Cholchol organizaron una tarde de juegos, regalos y comida para 14 ni\u00f1os cuyas familias fueron afectadas por los incendios forestales.<\/p>\n<p style=\"text-align: justify;\">Temuco, 26 de febrero de 2019.- Una jornada de diversi\u00f3n, distracci\u00f3n y regalos fue la que obtuvieron 14 ni\u00f1os de Cholchol, que son parte de los damnificados de esa comuna producto de los incendios forestales que han afectado a la regi\u00f3n. Los menores, disfrutaron de este d\u00eda en Easton Outlet Mall, gracias a una alianza entre el centro comercial de la salida norte de Temuco, el Ministerio de Desarrollo Social y la municipalidad cholcholina.<br \/>\nAndr\u00e9s Sald\u00edas, Center Manager de Easton Outlet Mall, aclar\u00f3 que esta actividad busca ayudar a ni\u00f1os que lo han pasado muy mal en el \u00faltimo tiempo y quisieron, para ello, entregarles un d\u00eda distinto y colaborar en el reinicio de sus vidas normales. \u201cEstamos muy contentos de aportar un granito de arena para que todos estos ni\u00f1os tengan un d\u00eda distinto, que los saque del estr\u00e9s al que est\u00e1n sometidos, y puedan participar en los juegos y actividades que hemos preparado. Adem\u00e1s, con nuestra Expo Escolar, les hemos regalado mochilas y \u00fatiles escolares que les permitan retomar de mejor manera y con mejores vibras este regreso a clases.\u201d<\/p>\n<p style=\"text-align: justify;\">Los ni\u00f1os, de entre 3 y 16 a\u00f1os, disfrutaron en Easton Outlet Mall de una hora de juegos en Family Park, luego recibieron mochilas y \u00fatiles de la Expo Escolar, posteriormente se fotografiaron en la foto cabina del centro comercial, para finalmente almorzar en el patio de comidas.<\/p>\n<p style=\"text-align: justify;\">Rodrigo Carrasco, Seremi de Desarrollo Social de La Araucan\u00eda, agradeci\u00f3 que el sector privado tambi\u00e9n se vincule en este tipo de actividades. \u201cLa comuna de Cholchol, fue en la que m\u00e1s familias perdieron sus viviendas. Y esto lo tom\u00f3 el sector privado, espec\u00edficamente Easton Outlet Mall, y los invitaron a una ma\u00f1ana entretenida; con juegos, con comida y tambi\u00e9n con regalos. Easton Outlet Mall tambi\u00e9n quiso entregarles \u00fatiles escolares y que mejor, que aparte del regalo, traerlos aqu\u00ed a que pasen un d\u00eda entretenido, se distraigan, porque sabemos que han sufrido mucho. Perder sus viviendas, perder todo lo que ten\u00edan de golpe, les trae una afectaci\u00f3n bastante fuerte, as\u00ed que, qu\u00e9 mejor que sacar a los ni\u00f1os a que se distraigan previo al inicio de su \u00e9poca escolar.\u201d<\/p>\n","protected":false},"excerpt":{"rendered":"<div class=\"pvc_clear\"><\/div>\n<p id=\"pvc_stats_1801\" class=\"pvc_stats total_only  \" data-element-id=\"1801\" style=\"\"><i class=\"pvc-stats-icon large\" aria-hidden=\"true\"><svg aria-hidden=\"true\" focusable=\"false\" data-prefix=\"far\" data-icon=\"chart-bar\" role=\"img\" xmlns=\"http:\/\/www.w3.org\/2000\/svg\" viewBox=\"0 0 512 512\" class=\"svg-inline--fa fa-chart-bar fa-w-16 fa-2x\"><path fill=\"currentColor\" d=\"M396.8 352h22.4c6.4 0 12.8-6.4 12.8-12.8V108.8c0-6.4-6.4-12.8-12.8-12.8h-22.4c-6.4 0-12.8 6.4-12.8 12.8v230.4c0 6.4 6.4 12.8 12.8 12.8zm-192 0h22.4c6.4 0 12.8-6.4 12.8-12.8V140.8c0-6.4-6.4-12.8-12.8-12.8h-22.4c-6.4 0-12.8 6.4-12.8 12.8v198.4c0 6.4 6.4 12.8 12.8 12.8zm96 0h22.4c6.4 0 12.8-6.4 12.8-12.8V204.8c0-6.4-6.4-12.8-12.8-12.8h-22.4c-6.4 0-12.8 6.4-12.8 12.8v134.4c0 6.4 6.4 12.8 12.8 12.8zM496 400H48V80c0-8.84-7.16-16-16-16H16C7.16 64 0 71.16 0 80v336c0 17.67 14.33 32 32 32h464c8.84 0 16-7.16 16-16v-16c0-8.84-7.16-16-16-16zm-387.2-48h22.4c6.4 0 12.8-6.4 12.8-12.8v-70.4c0-6.4-6.4-12.8-12.8-12.8h-22.4c-6.4 0-12.8 6.4-12.8 12.8v70.4c0 6.4 6.4 12.8 12.8 12.8z\" class=\"\"><\/path><\/svg><\/i> <img loading=\"lazy\" decoding=\"async\" width=\"16\" height=\"16\" alt=\"Loading\" src=\"https:\/\/temucotelevision.cl\/web\/wp-content\/plugins\/page-views-count\/ajax-loader-2x.gif\" border=0 \/><\/p>\n<div class=\"pvc_clear\"><\/div>\n<p>\u2022 El centro comercial, junto al Ministerio de Desarrollo Social y a la Municipalidad de Cholchol organizaron una tarde de<\/p>\n","protected":false},"author":1,"featured_media":1802,"comment_status":"open","ping_status":"open","sticky":false,"template":"","format":"standard","meta":{"colormag_page_container_layout":"default_layout","colormag_page_sidebar_layout":"default_layout","footnotes":""},"categories":[14],"tags":[673,266,469,386,672,674],"class_list":["post-1801","post","type-post","status-publish","format-standard","has-post-thumbnail","hentry","category-temuco","tag-easton","tag-incendios","tag-juegos","tag-ninos","tag-outlet","tag-tarde"],"a3_pvc":{"activated":true,"total_views":55,"today_views":0},"_links":{"self":[{"href":"https:\/\/temucotelevision.cl\/web\/wp-json\/wp\/v2\/posts\/1801","targetHints":{"allow":["GET"]}}],"collection":[{"href":"https:\/\/temucotelevision.cl\/web\/wp-json\/wp\/v2\/posts"}],"about":[{"href":"https:\/\/temucotelevision.cl\/web\/wp-json\/wp\/v2\/types\/post"}],"author":[{"embeddable":true,"href":"https:\/\/temucotelevision.cl\/web\/wp-json\/wp\/v2\/users\/1"}],"replies":[{"embeddable":true,"href":"https:\/\/temucotelevision.cl\/web\/wp-json\/wp\/v2\/comments?post=1801"}],"version-history":[{"count":1,"href":"https:\/\/temucotelevision.cl\/web\/wp-json\/wp\/v2\/posts\/1801\/revisions"}],"predecessor-version":[{"id":1803,"href":"https:\/\/temucotelevision.cl\/web\/wp-json\/wp\/v2\/posts\/1801\/revisions\/1803"}],"wp:featuredmedia":[{"embeddable":true,"href":"https:\/\/temucotelevision.cl\/web\/wp-json\/wp\/v2\/media\/1802"}],"wp:attachment":[{"href":"https:\/\/temucotelevision.cl\/web\/wp-json\/wp\/v2\/media?parent=1801"}],"wp:term":[{"taxonomy":"category","embeddable":true,"href":"https:\/\/temucotelevision.cl\/web\/wp-json\/wp\/v2\/categories?post=1801"},{"taxonomy":"post_tag","embeddable":true,"href":"https:\/\/temucotelevision.cl\/web\/wp-json\/wp\/v2\/tags?post=1801"}],"curies":[{"name":"wp","href":"https:\/\/api.w.org\/{rel}","templated":true}]}}